{"id":60693,"date":"2023-02-03T22:51:11","date_gmt":"2023-02-04T04:51:11","guid":{"rendered":"https:\/\/elmetropolitano.com.gt\/es\/?p=60693"},"modified":"2023-02-03T22:51:52","modified_gmt":"2023-02-04T04:51:52","slug":"reformas-al-codigo-penal-protegeria-a-mujeres","status":"publish","type":"post","link":"https:\/\/elmetropolitano.com.gt\/es\/reformas-al-codigo-penal-protegeria-a-mujeres\/","title":{"rendered":"Reformas al C\u00f3digo Penal proteger\u00eda a mujeres"},"content":{"rendered":"\n<p>El diputado Aldo D\u00e1vila, acompa\u00f1ado con las Mujeres Iniciando en las Am\u00e9ricas (AMI) y Gente Positiva, presentaron hoy una iniciativa de ley que ser\u00eda reformas al C\u00f3digo Penal para detener el acoso sexual contra las mujeres y ni\u00f1os.<\/p>\n\n\n\n<p>El prop\u00f3sito es frenar y sentenciar el acoso, asegur\u00f3 la hermana del parlamentario Gabriela D\u00e1vila quien podr\u00eda ser candidata a diputada por VOS.<\/p><div class=\"elmet-contenido\" id=\"elmet-2547393468\"><div class=\"elmet-adlabel\">Anuncios<\/div><div style=\"margin-top: 20px;margin-right: 20px;margin-bottom: 20px;margin-left: 20px;\" id=\"elmet-3810165460\"><a href=\"https:\/\/www.facebook.com\/arrincuanantigua\/\" aria-label=\"cintillo-arrin-cual\"><img loading=\"lazy\" decoding=\"async\" src=\"https:\/\/elmetropolitano.com.gt\/es\/wp-content\/uploads\/2021\/11\/cintillo-arrin-cual-1.jpg\" alt=\"\"  srcset=\"https:\/\/elmetropolitano.com.gt\/es\/wp-content\/uploads\/2021\/11\/cintillo-arrin-cual-1.jpg 750w, https:\/\/elmetropolitano.com.gt\/es\/wp-content\/uploads\/2021\/11\/cintillo-arrin-cual-1-300x36.jpg 300w, https:\/\/elmetropolitano.com.gt\/es\/wp-content\/uploads\/2021\/11\/cintillo-arrin-cual-1-600x72.jpg 600w\" sizes=\"(max-width: 750px) 100vw, 750px\" width=\"750\" height=\"90\"   \/><\/a><\/div><\/div>\n\n\n\n<p>Llam\u00f3 a que no se debe permitir acciones abusivas contra mujeres, ni\u00f1os y ni\u00f1as.<\/p>\n\n\n\n<p>Luc\u00eda Mu\u00f1oz de AMI a\u00f1adi\u00f3 que tambi\u00e9n se debe detener el acoso de los hombres que tambi\u00e9n se da contra ellos.<\/p>\n\n\n\n<p>La hermana de Aldo D\u00e1vila se\u00f1al\u00f3 que es necesaria la denuncia en este pa\u00eds inseguro.<\/p>\n\n\n\n<p>El abogado de D\u00e1vila, Jos\u00e9 Chic dijo que la iniciativa es una reforma al c\u00f3digo penal y es de prevenci\u00f3n obligando a los funcionarios a promover la denuncia de acoso en todos los \u00e1mbitos institucionales.<\/p>\n\n\n\n<p>Texto: Francisco Hurtarte Gordillo<\/p>\n\n\n\n<p><a href=\"https:\/\/www.facebook.com\/hashtag\/congresogt?__eep__=6&amp;__cft__[0]=AZVidxUmxy0TxWZpOrFJHdrX4FafkgeeMHwk5l0aXpvIr9SwFiTcPiaANeg64P1eMDu4aHE_3f28aeNerM_NhNPAemiGK06D71szrklH9f9ZVxhOsLpNMA6VfxucA44GV8tFPH_1V3QV0hWpDtvDiUaiwW2NPozhV0j4VtnexKmoeUlQbHxmRzM0ASh0yeb4jx4&amp;__tn__=*NK-R\">#CongresoGT<\/a><a href=\"https:\/\/www.facebook.com\/hashtag\/metroredes?__eep__=6&amp;__cft__[0]=AZVidxUmxy0TxWZpOrFJHdrX4FafkgeeMHwk5l0aXpvIr9SwFiTcPiaANeg64P1eMDu4aHE_3f28aeNerM_NhNPAemiGK06D71szrklH9f9ZVxhOsLpNMA6VfxucA44GV8tFPH_1V3QV0hWpDtvDiUaiwW2NPozhV0j4VtnexKmoeUlQbHxmRzM0ASh0yeb4jx4&amp;__tn__=*NK-R\">#MetroRedes<\/a><\/p>\n\n\n\n<p><\/p>\n","protected":false},"excerpt":{"rendered":"<p>El diputado Aldo D\u00e1vila, acompa\u00f1ado con las Mujeres Iniciando en las Am\u00e9ricas (AMI) y Gente Positiva, presentaron hoy una iniciativa de ley que ser\u00eda reformas al C\u00f3digo Penal para detener el acoso sexual contra las mujeres y ni\u00f1os. El prop\u00f3sito es frenar y sentenciar el acoso, asegur\u00f3 la hermana del parlamentario Gabriela D\u00e1vila quien podr\u00eda <a class=\"read-more\" href=\"https:\/\/elmetropolitano.com.gt\/es\/reformas-al-codigo-penal-protegeria-a-mujeres\/\">Leer m\u00e1s<\/a><\/p>\n","protected":false},"author":1,"featured_media":60694,"comment_status":"open","ping_status":"closed","sticky":false,"template":"","format":"standard","meta":{"footnotes":""},"categories":[2],"tags":[12],"class_list":["post-60693","post","type-post","status-publish","format-standard","has-post-thumbnail","hentry","category-nacionales","tag-nacionales"],"_links":{"self":[{"href":"https:\/\/elmetropolitano.com.gt\/es\/wp-json\/wp\/v2\/posts\/60693","targetHints":{"allow":["GET"]}}],"collection":[{"href":"https:\/\/elmetropolitano.com.gt\/es\/wp-json\/wp\/v2\/posts"}],"about":[{"href":"https:\/\/elmetropolitano.com.gt\/es\/wp-json\/wp\/v2\/types\/post"}],"author":[{"embeddable":true,"href":"https:\/\/elmetropolitano.com.gt\/es\/wp-json\/wp\/v2\/users\/1"}],"replies":[{"embeddable":true,"href":"https:\/\/elmetropolitano.com.gt\/es\/wp-json\/wp\/v2\/comments?post=60693"}],"version-history":[{"count":1,"href":"https:\/\/elmetropolitano.com.gt\/es\/wp-json\/wp\/v2\/posts\/60693\/revisions"}],"predecessor-version":[{"id":60695,"href":"https:\/\/elmetropolitano.com.gt\/es\/wp-json\/wp\/v2\/posts\/60693\/revisions\/60695"}],"wp:featuredmedia":[{"embeddable":true,"href":"https:\/\/elmetropolitano.com.gt\/es\/wp-json\/wp\/v2\/media\/60694"}],"wp:attachment":[{"href":"https:\/\/elmetropolitano.com.gt\/es\/wp-json\/wp\/v2\/media?parent=60693"}],"wp:term":[{"taxonomy":"category","embeddable":true,"href":"https:\/\/elmetropolitano.com.gt\/es\/wp-json\/wp\/v2\/categories?post=60693"},{"taxonomy":"post_tag","embeddable":true,"href":"https:\/\/elmetropolitano.com.gt\/es\/wp-json\/wp\/v2\/tags?post=60693"}],"curies":[{"name":"wp","href":"https:\/\/api.w.org\/{rel}","templated":true}]}}