{"id":60770,"date":"2023-02-05T09:53:43","date_gmt":"2023-02-05T15:53:43","guid":{"rendered":"https:\/\/elmetropolitano.com.gt\/es\/?p=60770"},"modified":"2023-02-05T09:53:44","modified_gmt":"2023-02-05T15:53:44","slug":"brindan-servicios-materno-neonatales-en-santa-lucia-cotzumalguapa","status":"publish","type":"post","link":"https:\/\/elmetropolitano.com.gt\/es\/brindan-servicios-materno-neonatales-en-santa-lucia-cotzumalguapa\/","title":{"rendered":"Brindan servicios materno-neonatales en Santa Luc\u00eda Cotzumalguapa"},"content":{"rendered":"\n<p>Ahora se brinda atenci\u00f3n materno-neonatal en las instalaciones donde anteriormente funcionaba el hospital temporal de COVID-19 de Santa Luc\u00eda Cotzumalguapa, en Escuintla.<\/p>\n\n\n\n<p>El fin es acercar la atenci\u00f3n a las familias de aldeas, asentamientos, cantones, caser\u00edos y parcelamientos de la costa sur, indic\u00f3 Rita Men\u00e9ndez, coordinadora m\u00e9dica del nosocomio.<\/p><div class=\"elmet-contenido\" id=\"elmet-4263471592\"><div class=\"elmet-adlabel\">Anuncios<\/div><div style=\"margin-top: 20px;margin-right: 20px;margin-bottom: 20px;margin-left: 20px;\" id=\"elmet-517716056\"><a href=\"https:\/\/www.facebook.com\/arrincuanantigua\/\" aria-label=\"cintillo-arrin-cual\"><img loading=\"lazy\" decoding=\"async\" src=\"https:\/\/elmetropolitano.com.gt\/es\/wp-content\/uploads\/2021\/11\/cintillo-arrin-cual-1.jpg\" alt=\"\"  srcset=\"https:\/\/elmetropolitano.com.gt\/es\/wp-content\/uploads\/2021\/11\/cintillo-arrin-cual-1.jpg 750w, https:\/\/elmetropolitano.com.gt\/es\/wp-content\/uploads\/2021\/11\/cintillo-arrin-cual-1-300x36.jpg 300w, https:\/\/elmetropolitano.com.gt\/es\/wp-content\/uploads\/2021\/11\/cintillo-arrin-cual-1-600x72.jpg 600w\" sizes=\"(max-width: 750px) 100vw, 750px\" width=\"750\" height=\"90\"   \/><\/a><\/div><\/div>\n\n\n\n<p><a><\/a>Desde inicios de este a\u00f1o, las instalaciones funcionan como el Hospital Distrital Materno Neonatal.<\/p>\n\n\n\n<p>La atenci\u00f3n<\/p>\n\n\n\n<p>En este nosocomio se prestan los servicios de encamamiento de emergencia de maternidad, cuarto de shock y ultrasonido de emergencia y sala de labor y partos. Adem\u00e1s, cuenta con un quir\u00f3fano para ces\u00e1reas y uno para esterilizaci\u00f3n quir\u00fargica.<\/p>\n\n\n\n<p>Para la atenci\u00f3n a pacientes internos, el centro asistencial cuenta con 84 camas para brindar cuidados, indic\u00f3, Douglas Bac, coordinador de enfermer\u00eda del hospital.<\/p>\n\n\n\n<p>Adem\u00e1s, se cuenta con \u00e1reas para atender complicaciones pre y posnatales, intensivo de adultos para las madres y servicio de maternidad.<\/p>\n\n\n\n<p>Las instalaciones tambi\u00e9n est\u00e1n equipadas con una sala de recuperaci\u00f3n y transici\u00f3n, encamamiento de puerperio, encamamiento de complicaciones pre y posnatales, intensivo obst\u00e9trico, sala de posparto y s\u00e9ptico.<\/p>\n\n\n\n<p>Otros servicios<\/p>\n\n\n\n<p>En este centro asistencial, la poblaci\u00f3n tambi\u00e9n tiene acceso a otros servicios como el de consulta externa, la cual est\u00e1 conformada por:<\/p>\n\n\n\n<p>cl\u00ednica de clasificaci\u00f3n<\/p>\n\n\n\n<p>control prenatal<\/p>\n\n\n\n<p>atenci\u00f3n prenatal a t\u00e9rmino<\/p>\n\n\n\n<p>cl\u00ednica de alto riesgo<\/p>\n\n\n\n<p>Asimismo, se cuenta con \u00e1rea de pu\u00e9rperas, zona de ultrasonograf\u00eda, cl\u00ednica para atenci\u00f3n de adolescente embarazada y cl\u00ednica especializada en nutrici\u00f3n.<\/p>\n\n\n\n<p>Agradecimiento<\/p>\n\n\n\n<p>Alma Hern\u00e1ndez, originaria de Escuintla, es una de las pacientes atendidas en el Hospital Distrital Materno Neonatal y agradeci\u00f3 por los cuidados que se otorgan en el lugar.<\/p>\n\n\n\n<p>Antes solo nos atend\u00edan en el Hospital de Escuintla. Ahora con este nuevo hospital ya no viajamos mucho por atenci\u00f3n. Hoy ya puedo traer a mi beb\u00e9 para su control ac\u00e1, se\u00f1al\u00f3.<\/p>\n\n\n\n<p>Do\u00f1a Alma y su hija de 10 d\u00edas fueron atendidas por profesionales del centro asistencial que brinda atenci\u00f3n las 24 horas del d\u00eda todos los d\u00edas del a\u00f1o.<\/p>\n\n\n\n<p>Los servicios que se brindan en este centro asistencial forman parte del compromiso del Ministerio de Salud de brindar servicios de calidad a los guatemaltecos<\/p>\n\n\n\n<p>Texto: Brenda Larios<\/p>\n\n\n\n<p><\/p>\n","protected":false},"excerpt":{"rendered":"<p>Ahora se brinda atenci\u00f3n materno-neonatal en las instalaciones donde anteriormente funcionaba el hospital temporal de COVID-19 de Santa Luc\u00eda Cotzumalguapa, en Escuintla. El fin es acercar la atenci\u00f3n a las familias de aldeas, asentamientos, cantones, caser\u00edos y parcelamientos de la costa sur, indic\u00f3 Rita Men\u00e9ndez, coordinadora m\u00e9dica del nosocomio. Desde inicios de este a\u00f1o, las <a class=\"read-more\" href=\"https:\/\/elmetropolitano.com.gt\/es\/brindan-servicios-materno-neonatales-en-santa-lucia-cotzumalguapa\/\">Leer m\u00e1s<\/a><\/p>\n","protected":false},"author":1,"featured_media":60771,"comment_status":"open","ping_status":"closed","sticky":false,"template":"","format":"standard","meta":{"footnotes":""},"categories":[4],"tags":[13],"class_list":["post-60770","post","type-post","status-publish","format-standard","has-post-thumbnail","hentry","category-departamentales","tag-departamentales"],"_links":{"self":[{"href":"https:\/\/elmetropolitano.com.gt\/es\/wp-json\/wp\/v2\/posts\/60770","targetHints":{"allow":["GET"]}}],"collection":[{"href":"https:\/\/elmetropolitano.com.gt\/es\/wp-json\/wp\/v2\/posts"}],"about":[{"href":"https:\/\/elmetropolitano.com.gt\/es\/wp-json\/wp\/v2\/types\/post"}],"author":[{"embeddable":true,"href":"https:\/\/elmetropolitano.com.gt\/es\/wp-json\/wp\/v2\/users\/1"}],"replies":[{"embeddable":true,"href":"https:\/\/elmetropolitano.com.gt\/es\/wp-json\/wp\/v2\/comments?post=60770"}],"version-history":[{"count":1,"href":"https:\/\/elmetropolitano.com.gt\/es\/wp-json\/wp\/v2\/posts\/60770\/revisions"}],"predecessor-version":[{"id":60772,"href":"https:\/\/elmetropolitano.com.gt\/es\/wp-json\/wp\/v2\/posts\/60770\/revisions\/60772"}],"wp:featuredmedia":[{"embeddable":true,"href":"https:\/\/elmetropolitano.com.gt\/es\/wp-json\/wp\/v2\/media\/60771"}],"wp:attachment":[{"href":"https:\/\/elmetropolitano.com.gt\/es\/wp-json\/wp\/v2\/media?parent=60770"}],"wp:term":[{"taxonomy":"category","embeddable":true,"href":"https:\/\/elmetropolitano.com.gt\/es\/wp-json\/wp\/v2\/categories?post=60770"},{"taxonomy":"post_tag","embeddable":true,"href":"https:\/\/elmetropolitano.com.gt\/es\/wp-json\/wp\/v2\/tags?post=60770"}],"curies":[{"name":"wp","href":"https:\/\/api.w.org\/{rel}","templated":true}]}}