{"id":60824,"date":"2023-02-07T08:11:21","date_gmt":"2023-02-07T14:11:21","guid":{"rendered":"https:\/\/elmetropolitano.com.gt\/es\/?p=60824"},"modified":"2023-02-07T08:11:22","modified_gmt":"2023-02-07T14:11:22","slug":"finanzas-dictamina-otros-tres-meses-para-subsidio-de-gas","status":"publish","type":"post","link":"https:\/\/elmetropolitano.com.gt\/es\/finanzas-dictamina-otros-tres-meses-para-subsidio-de-gas\/","title":{"rendered":"Finanzas dictamina otros tres meses para subsidio de gas"},"content":{"rendered":"\n<p>La Comisi\u00f3n de Finanzas del Congreso de la Rep\u00fablica dictamin\u00f3 a favor hoy una iniciativa de ley para la pr\u00f3rroga otros tres meses para el subsidio del gas propano.<\/p>\n\n\n\n<p>El <a><\/a>presidente de la Comisi\u00f3n de Finanzas, C\u00e1ndido Leal argument\u00f3 que fueron los diputados de VAMOS (bancada oficial), los que propusiero la iniciativa de ley ante el alza al gas propano.<\/p><div class=\"elmet-contenido\" id=\"elmet-1220579967\"><div class=\"elmet-adlabel\">Anuncios<\/div><div style=\"margin-top: 20px;margin-right: 20px;margin-bottom: 20px;margin-left: 20px;\" id=\"elmet-3002805653\"><a href=\"https:\/\/www.facebook.com\/arrincuanantigua\/\" aria-label=\"cintillo-arrin-cual\"><img loading=\"lazy\" decoding=\"async\" src=\"https:\/\/elmetropolitano.com.gt\/es\/wp-content\/uploads\/2021\/11\/cintillo-arrin-cual-1.jpg\" alt=\"\"  srcset=\"https:\/\/elmetropolitano.com.gt\/es\/wp-content\/uploads\/2021\/11\/cintillo-arrin-cual-1.jpg 750w, https:\/\/elmetropolitano.com.gt\/es\/wp-content\/uploads\/2021\/11\/cintillo-arrin-cual-1-300x36.jpg 300w, https:\/\/elmetropolitano.com.gt\/es\/wp-content\/uploads\/2021\/11\/cintillo-arrin-cual-1-600x72.jpg 600w\" sizes=\"(max-width: 750px) 100vw, 750px\" width=\"750\" height=\"90\"   \/><\/a><\/div><\/div>\n\n\n\n<p>Por su parte, el viceministro de Energ\u00eda y Minas, encargado del \u00e1rea de hidrocarburos y miner\u00eda, Luis Ayala explic\u00f3 que si existen fondos de caja por Q150 millones para el subsidio del gas propano, tomando en cuenta que en enero que fue sin subsidio elnprecio del gas, se dieron alzas a los precios de la canasta b\u00e1sica.<\/p>\n\n\n\n<p>A eso Leal ratic\u00f3 que el hecho que se registrara esta alza es que se dictamin\u00f3 a favor y lo trasladan a la Junta Directiva para que se pueda recomendar la pr\u00f3rroga para el subsidio de gas propano. Se podr\u00eda conocer ma\u00f1ana en instancia de jefes de bloque y el mi\u00e9rcoles en el pleno.<\/p>\n\n\n\n<p>Texto: Francisco Hurtarte Gordillo<\/p>\n\n\n\n<p><a href=\"https:\/\/www.facebook.com\/hashtag\/organismolegislativo?__eep__=6&amp;__cft__[0]=AZWJo3txP-0jD1xKM5Nf_18mWaWLYjexcooYH_-7X5aG4BCMimkLKPbexw-Wusrw1EmvrVxmBfrmK0_U1lmnQFo92kifo_-zQYiegPd5gKdGI0kUUPbW_6CdJvgyYntyoDU1Ur3grrg4FCzy_bndZ4JGJcaCad9oy3s7Dm40LBkMIV-8UaCjBDJXtJOyNojgrPM&amp;__tn__=*NK-R\">#OrganismoLegislativo<\/a><a href=\"https:\/\/www.facebook.com\/hashtag\/metroredes?__eep__=6&amp;__cft__[0]=AZWJo3txP-0jD1xKM5Nf_18mWaWLYjexcooYH_-7X5aG4BCMimkLKPbexw-Wusrw1EmvrVxmBfrmK0_U1lmnQFo92kifo_-zQYiegPd5gKdGI0kUUPbW_6CdJvgyYntyoDU1Ur3grrg4FCzy_bndZ4JGJcaCad9oy3s7Dm40LBkMIV-8UaCjBDJXtJOyNojgrPM&amp;__tn__=*NK-R\">#metroredes<\/a><\/p>\n\n\n\n<figure class=\"wp-block-gallery has-nested-images columns-default is-cropped wp-block-gallery-1 is-layout-flex wp-block-gallery-is-layout-flex\">\n<figure class=\"wp-block-image size-large\"><img loading=\"lazy\" decoding=\"async\" width=\"682\" height=\"1024\" data-id=\"60826\" src=\"https:\/\/elmetropolitano.com.gt\/es\/wp-content\/uploads\/2023\/02\/327892060_552671400151003_8941583285173665883_n-682x1024.jpg\" alt=\"\" class=\"wp-image-60826\" srcset=\"https:\/\/elmetropolitano.com.gt\/es\/wp-content\/uploads\/2023\/02\/327892060_552671400151003_8941583285173665883_n-682x1024.jpg 682w, https:\/\/elmetropolitano.com.gt\/es\/wp-content\/uploads\/2023\/02\/327892060_552671400151003_8941583285173665883_n-200x300.jpg 200w, https:\/\/elmetropolitano.com.gt\/es\/wp-content\/uploads\/2023\/02\/327892060_552671400151003_8941583285173665883_n-768x1153.jpg 768w, https:\/\/elmetropolitano.com.gt\/es\/wp-content\/uploads\/2023\/02\/327892060_552671400151003_8941583285173665883_n-1023x1536.jpg 1023w, https:\/\/elmetropolitano.com.gt\/es\/wp-content\/uploads\/2023\/02\/327892060_552671400151003_8941583285173665883_n-600x901.jpg 600w, https:\/\/elmetropolitano.com.gt\/es\/wp-content\/uploads\/2023\/02\/327892060_552671400151003_8941583285173665883_n.jpg 1066w\" sizes=\"auto, (max-width: 682px) 100vw, 682px\" \/><\/figure>\n\n\n\n<figure class=\"wp-block-image size-large\"><img loading=\"lazy\" decoding=\"async\" width=\"1024\" height=\"576\" data-id=\"60827\" src=\"https:\/\/elmetropolitano.com.gt\/es\/wp-content\/uploads\/2023\/02\/328617757_3409408319319502_833182098724932718_n-1024x576.jpg\" alt=\"\" class=\"wp-image-60827\" srcset=\"https:\/\/elmetropolitano.com.gt\/es\/wp-content\/uploads\/2023\/02\/328617757_3409408319319502_833182098724932718_n-1024x576.jpg 1024w, https:\/\/elmetropolitano.com.gt\/es\/wp-content\/uploads\/2023\/02\/328617757_3409408319319502_833182098724932718_n-300x169.jpg 300w, https:\/\/elmetropolitano.com.gt\/es\/wp-content\/uploads\/2023\/02\/328617757_3409408319319502_833182098724932718_n-768x432.jpg 768w, https:\/\/elmetropolitano.com.gt\/es\/wp-content\/uploads\/2023\/02\/328617757_3409408319319502_833182098724932718_n-1536x864.jpg 1536w, https:\/\/elmetropolitano.com.gt\/es\/wp-content\/uploads\/2023\/02\/328617757_3409408319319502_833182098724932718_n-600x337.jpg 600w, https:\/\/elmetropolitano.com.gt\/es\/wp-content\/uploads\/2023\/02\/328617757_3409408319319502_833182098724932718_n.jpg 1599w\" sizes=\"auto, (max-width: 1024px) 100vw, 1024px\" \/><\/figure>\n\n\n\n<figure class=\"wp-block-image size-large\"><img loading=\"lazy\" decoding=\"async\" width=\"1024\" height=\"682\" data-id=\"60828\" src=\"https:\/\/elmetropolitano.com.gt\/es\/wp-content\/uploads\/2023\/02\/329573318_886324829374515_6080615712393754714_n-1024x682.jpg\" alt=\"\" class=\"wp-image-60828\" srcset=\"https:\/\/elmetropolitano.com.gt\/es\/wp-content\/uploads\/2023\/02\/329573318_886324829374515_6080615712393754714_n-1024x682.jpg 1024w, https:\/\/elmetropolitano.com.gt\/es\/wp-content\/uploads\/2023\/02\/329573318_886324829374515_6080615712393754714_n-300x200.jpg 300w, https:\/\/elmetropolitano.com.gt\/es\/wp-content\/uploads\/2023\/02\/329573318_886324829374515_6080615712393754714_n-768x512.jpg 768w, https:\/\/elmetropolitano.com.gt\/es\/wp-content\/uploads\/2023\/02\/329573318_886324829374515_6080615712393754714_n-1536x1023.jpg 1536w, https:\/\/elmetropolitano.com.gt\/es\/wp-content\/uploads\/2023\/02\/329573318_886324829374515_6080615712393754714_n-600x400.jpg 600w, https:\/\/elmetropolitano.com.gt\/es\/wp-content\/uploads\/2023\/02\/329573318_886324829374515_6080615712393754714_n.jpg 1600w\" sizes=\"auto, (max-width: 1024px) 100vw, 1024px\" \/><\/figure>\n<\/figure>\n","protected":false},"excerpt":{"rendered":"<p>La Comisi\u00f3n de Finanzas del Congreso de la Rep\u00fablica dictamin\u00f3 a favor hoy una iniciativa de ley para la pr\u00f3rroga otros tres meses para el subsidio del gas propano. El presidente de la Comisi\u00f3n de Finanzas, C\u00e1ndido Leal argument\u00f3 que fueron los diputados de VAMOS (bancada oficial), los que propusiero la iniciativa de ley ante <a class=\"read-more\" href=\"https:\/\/elmetropolitano.com.gt\/es\/finanzas-dictamina-otros-tres-meses-para-subsidio-de-gas\/\">Leer m\u00e1s<\/a><\/p>\n","protected":false},"author":1,"featured_media":60825,"comment_status":"open","ping_status":"closed","sticky":false,"template":"","format":"standard","meta":{"footnotes":""},"categories":[2],"tags":[12],"class_list":["post-60824","post","type-post","status-publish","format-standard","has-post-thumbnail","hentry","category-nacionales","tag-nacionales"],"_links":{"self":[{"href":"https:\/\/elmetropolitano.com.gt\/es\/wp-json\/wp\/v2\/posts\/60824","targetHints":{"allow":["GET"]}}],"collection":[{"href":"https:\/\/elmetropolitano.com.gt\/es\/wp-json\/wp\/v2\/posts"}],"about":[{"href":"https:\/\/elmetropolitano.com.gt\/es\/wp-json\/wp\/v2\/types\/post"}],"author":[{"embeddable":true,"href":"https:\/\/elmetropolitano.com.gt\/es\/wp-json\/wp\/v2\/users\/1"}],"replies":[{"embeddable":true,"href":"https:\/\/elmetropolitano.com.gt\/es\/wp-json\/wp\/v2\/comments?post=60824"}],"version-history":[{"count":1,"href":"https:\/\/elmetropolitano.com.gt\/es\/wp-json\/wp\/v2\/posts\/60824\/revisions"}],"predecessor-version":[{"id":60829,"href":"https:\/\/elmetropolitano.com.gt\/es\/wp-json\/wp\/v2\/posts\/60824\/revisions\/60829"}],"wp:featuredmedia":[{"embeddable":true,"href":"https:\/\/elmetropolitano.com.gt\/es\/wp-json\/wp\/v2\/media\/60825"}],"wp:attachment":[{"href":"https:\/\/elmetropolitano.com.gt\/es\/wp-json\/wp\/v2\/media?parent=60824"}],"wp:term":[{"taxonomy":"category","embeddable":true,"href":"https:\/\/elmetropolitano.com.gt\/es\/wp-json\/wp\/v2\/categories?post=60824"},{"taxonomy":"post_tag","embeddable":true,"href":"https:\/\/elmetropolitano.com.gt\/es\/wp-json\/wp\/v2\/tags?post=60824"}],"curies":[{"name":"wp","href":"https:\/\/api.w.org\/{rel}","templated":true}]}}