{"id":60854,"date":"2023-02-07T14:04:10","date_gmt":"2023-02-07T20:04:10","guid":{"rendered":"https:\/\/elmetropolitano.com.gt\/es\/?p=60854"},"modified":"2023-02-07T14:04:11","modified_gmt":"2023-02-07T20:04:11","slug":"posibles-caminos-de-guatemala-para-clasificar-al-mundial-sub-17","status":"publish","type":"post","link":"https:\/\/elmetropolitano.com.gt\/es\/posibles-caminos-de-guatemala-para-clasificar-al-mundial-sub-17\/","title":{"rendered":"Posibles caminos de Guatemala para clasificar al Mundial Sub 17"},"content":{"rendered":"\n<p>La azul y blanco est\u00e1 a d\u00edas de iniciar su participaci\u00f3n en la \u00faltima parada antes de la Copa del Mundo Sub-17 Per\u00fa 2023. Los hombres de ma\u00edz no tendr\u00e1n tarea f\u00e1cil para acceder a la que ser\u00eda la primera cita mundialista para el pa\u00eds en esta categor\u00eda.<\/p>\n\n\n\n<p>A <a><\/a>los chapines les toc\u00f3 quedar cuadrados en un grupo complicado, donde tendr\u00e1n que medir fuerzas ante Panam\u00e1, Curazao y el gigante de la Concacaf: la selecci\u00f3n mexicana.<\/p><div class=\"elmet-contenido\" id=\"elmet-770519670\"><div class=\"elmet-adlabel\">Anuncios<\/div><div style=\"margin-top: 20px;margin-right: 20px;margin-bottom: 20px;margin-left: 20px;\" id=\"elmet-2515105305\"><a href=\"https:\/\/www.facebook.com\/arrincuanantigua\/\" aria-label=\"cintillo-arrin-cual\"><img loading=\"lazy\" decoding=\"async\" src=\"https:\/\/elmetropolitano.com.gt\/es\/wp-content\/uploads\/2021\/11\/cintillo-arrin-cual-1.jpg\" alt=\"\"  srcset=\"https:\/\/elmetropolitano.com.gt\/es\/wp-content\/uploads\/2021\/11\/cintillo-arrin-cual-1.jpg 750w, https:\/\/elmetropolitano.com.gt\/es\/wp-content\/uploads\/2021\/11\/cintillo-arrin-cual-1-300x36.jpg 300w, https:\/\/elmetropolitano.com.gt\/es\/wp-content\/uploads\/2021\/11\/cintillo-arrin-cual-1-600x72.jpg 600w\" sizes=\"(max-width: 750px) 100vw, 750px\" width=\"750\" height=\"90\"   \/><\/a><\/div><\/div>\n\n\n\n<p>El quetzal tendr\u00e1 que demostrar de qu\u00e9 est\u00e1 hecho y derrotar a los mejores para convertirse en uno de los favoritos en la puja por un ansiado boleto a la siguiente Copa del Mundo.<\/p>\n\n\n\n<p>Sistema de clasificaci\u00f3n<\/p>\n\n\n\n<p>Durante la fase de grupos, acceden 3 de los 4 integrantes de cada grupo. Eso significa que si Guatemala consigue una victoria, es casi seguro que se garantiza una plaza a la siguiente ronda.<\/p>\n\n\n\n<p>El rival que parte como m\u00e1s d\u00e9bil es Curazao, siendo contra los del Caribe que Guatemala cierra su participaci\u00f3n en fase de grupos.<\/p>\n\n\n\n<p>Posibles rivales de Guatemala<\/p>\n\n\n\n<p>en octavos<\/p>\n\n\n\n<p>Primera de grupo<\/p>\n\n\n\n<p>Si Guatemala clasifica como l\u00edder de grupo, se enfrentar\u00eda a Nicaragua en los octavos de final el 18 de febrero.<\/p>\n\n\n\n<p>Segunda de grupo<\/p>\n\n\n\n<p>En caso la azul y blanco logra clasificar como segunda de grupo, se estar\u00eda enfrentando ante el tercer lugar del grupo G, siendo Costa Rica, Jamaica, Cuba o Guadalupe sus posibles rivales.<\/p>\n\n\n\n<p>Tercera de grupo<\/p>\n\n\n\n<p>Si Guatemala pasa como tercera de grupo, se estar\u00e1 midiendo ante la segunda del grupo G, siendo Costa Rica, Jamaica, Cuba o Guadalupe sus posibles rivales.<\/p>\n\n\n\n<p>La mejor opci\u00f3n para Guatemala es pasar como segunda de grupo, ya que se enfrentar\u00eda a una selecci\u00f3n no tan fuerte, adem\u00e1s de evitar a una potencia en unos posibles cuartos de final.<\/p>\n\n\n\n<p>Ya que enfrentar\u00eda al ganador del duelo de Puerto Rico y Costa Rica (Si pasa como primera)<\/p>\n\n\n\n<p>La peor situaci\u00f3n para Guatemala<\/p>\n\n\n\n<p>El quetzal ver\u00eda un camino m\u00e1s complicado desde octavos si clasifica como tercera de grupo y Costa Rica pasa como segunda; en cuartos de final la bicolor se topar\u00eda seguramente con M\u00e9xico.<\/p>\n\n\n\n<p>\u00bfQu\u00e9 necesita Guatemala<\/p>\n\n\n\n<p>para ir al Mundial?<\/p>\n\n\n\n<p>La selecci\u00f3n nacional tendr\u00eda que llegar como m\u00ednimo a las semifinales para conseguir su boleto a la primera Copa del Mundo del pa\u00eds en esta categor\u00eda. Esto deja como resultado que Guatemala se juegue su boleto al Mundial ante M\u00e9xico o Costa Rica en unos hipot\u00e9ticos cuartos de final.<\/p>\n\n\n\n<p>Calendario de Guatemala<\/p>\n\n\n\n<p>-11 de febrero, contra Panam\u00e1, 19:00 horas<\/p>\n\n\n\n<p>-13 de febrero, contra M\u00e9xico, 19:00 horas<\/p>\n\n\n\n<p>-15 de febrero, contra Curazao, 19:00 horas<\/p>\n\n\n\n<p>Texto: Josue David Acevedo Rivas<\/p>\n\n\n\n<p><a href=\"https:\/\/www.facebook.com\/hashtag\/metroredes?__eep__=6&amp;__cft__[0]=AZVYXOZO4-_QvxBHhY4AyKa0G69KT5DPkOvZYBsqTeL2Bfvqb1dpL_MyZpl1EH3HvCdGuqtS7f_qAiW9ESyLzKHYG_DBs2DhaPO4hWOT9owPl8vAAQZ9NwY2XgzLdpIIqDzisy1oLVCacuIBt5mBQeJQp2A4IRlYk80y64QvZnzTBkB0RTey_H-wqRpFFwaWMNw&amp;__tn__=*NK-R\">#metroredes<\/a><a href=\"https:\/\/www.facebook.com\/hashtag\/fedefut?__eep__=6&amp;__cft__[0]=AZVYXOZO4-_QvxBHhY4AyKa0G69KT5DPkOvZYBsqTeL2Bfvqb1dpL_MyZpl1EH3HvCdGuqtS7f_qAiW9ESyLzKHYG_DBs2DhaPO4hWOT9owPl8vAAQZ9NwY2XgzLdpIIqDzisy1oLVCacuIBt5mBQeJQp2A4IRlYk80y64QvZnzTBkB0RTey_H-wqRpFFwaWMNw&amp;__tn__=*NK-R\">#FEDEFUT<\/a><\/p>\n\n\n\n<figure class=\"wp-block-gallery has-nested-images columns-default is-cropped wp-block-gallery-1 is-layout-flex wp-block-gallery-is-layout-flex\">\n<figure class=\"wp-block-image size-large\"><img loading=\"lazy\" decoding=\"async\" width=\"680\" height=\"453\" data-id=\"60857\" src=\"https:\/\/elmetropolitano.com.gt\/es\/wp-content\/uploads\/2023\/02\/329529929_1029532314669677_2182909541078738139_n.jpg\" alt=\"\" class=\"wp-image-60857\" srcset=\"https:\/\/elmetropolitano.com.gt\/es\/wp-content\/uploads\/2023\/02\/329529929_1029532314669677_2182909541078738139_n.jpg 680w, https:\/\/elmetropolitano.com.gt\/es\/wp-content\/uploads\/2023\/02\/329529929_1029532314669677_2182909541078738139_n-300x200.jpg 300w, https:\/\/elmetropolitano.com.gt\/es\/wp-content\/uploads\/2023\/02\/329529929_1029532314669677_2182909541078738139_n-600x400.jpg 600w\" sizes=\"auto, (max-width: 680px) 100vw, 680px\" \/><\/figure>\n\n\n\n<figure class=\"wp-block-image size-large\"><img loading=\"lazy\" decoding=\"async\" width=\"680\" height=\"453\" data-id=\"60856\" src=\"https:\/\/elmetropolitano.com.gt\/es\/wp-content\/uploads\/2023\/02\/329823314_732809084878919_4625910330315588849_n.jpg\" alt=\"\" class=\"wp-image-60856\" srcset=\"https:\/\/elmetropolitano.com.gt\/es\/wp-content\/uploads\/2023\/02\/329823314_732809084878919_4625910330315588849_n.jpg 680w, https:\/\/elmetropolitano.com.gt\/es\/wp-content\/uploads\/2023\/02\/329823314_732809084878919_4625910330315588849_n-300x200.jpg 300w, https:\/\/elmetropolitano.com.gt\/es\/wp-content\/uploads\/2023\/02\/329823314_732809084878919_4625910330315588849_n-600x400.jpg 600w\" sizes=\"auto, (max-width: 680px) 100vw, 680px\" \/><\/figure>\n<\/figure>\n","protected":false},"excerpt":{"rendered":"<p>La azul y blanco est\u00e1 a d\u00edas de iniciar su participaci\u00f3n en la \u00faltima parada antes de la Copa del Mundo Sub-17 Per\u00fa 2023. Los hombres de ma\u00edz no tendr\u00e1n tarea f\u00e1cil para acceder a la que ser\u00eda la primera cita mundialista para el pa\u00eds en esta categor\u00eda. A los chapines les toc\u00f3 quedar cuadrados <a class=\"read-more\" href=\"https:\/\/elmetropolitano.com.gt\/es\/posibles-caminos-de-guatemala-para-clasificar-al-mundial-sub-17\/\">Leer m\u00e1s<\/a><\/p>\n","protected":false},"author":1,"featured_media":60855,"comment_status":"open","ping_status":"closed","sticky":false,"template":"","format":"standard","meta":{"footnotes":""},"categories":[43],"tags":[44],"class_list":["post-60854","post","type-post","status-publish","format-standard","has-post-thumbnail","hentry","category-deportes","tag-deportes"],"_links":{"self":[{"href":"https:\/\/elmetropolitano.com.gt\/es\/wp-json\/wp\/v2\/posts\/60854","targetHints":{"allow":["GET"]}}],"collection":[{"href":"https:\/\/elmetropolitano.com.gt\/es\/wp-json\/wp\/v2\/posts"}],"about":[{"href":"https:\/\/elmetropolitano.com.gt\/es\/wp-json\/wp\/v2\/types\/post"}],"author":[{"embeddable":true,"href":"https:\/\/elmetropolitano.com.gt\/es\/wp-json\/wp\/v2\/users\/1"}],"replies":[{"embeddable":true,"href":"https:\/\/elmetropolitano.com.gt\/es\/wp-json\/wp\/v2\/comments?post=60854"}],"version-history":[{"count":1,"href":"https:\/\/elmetropolitano.com.gt\/es\/wp-json\/wp\/v2\/posts\/60854\/revisions"}],"predecessor-version":[{"id":60858,"href":"https:\/\/elmetropolitano.com.gt\/es\/wp-json\/wp\/v2\/posts\/60854\/revisions\/60858"}],"wp:featuredmedia":[{"embeddable":true,"href":"https:\/\/elmetropolitano.com.gt\/es\/wp-json\/wp\/v2\/media\/60855"}],"wp:attachment":[{"href":"https:\/\/elmetropolitano.com.gt\/es\/wp-json\/wp\/v2\/media?parent=60854"}],"wp:term":[{"taxonomy":"category","embeddable":true,"href":"https:\/\/elmetropolitano.com.gt\/es\/wp-json\/wp\/v2\/categories?post=60854"},{"taxonomy":"post_tag","embeddable":true,"href":"https:\/\/elmetropolitano.com.gt\/es\/wp-json\/wp\/v2\/tags?post=60854"}],"curies":[{"name":"wp","href":"https:\/\/api.w.org\/{rel}","templated":true}]}}