{"id":60882,"date":"2023-02-08T09:46:30","date_gmt":"2023-02-08T15:46:30","guid":{"rendered":"https:\/\/elmetropolitano.com.gt\/es\/?p=60882"},"modified":"2023-02-08T09:46:31","modified_gmt":"2023-02-08T15:46:31","slug":"fabrica-de-autopartes-yazaki-iniciara-operaciones-en-san-marcos-el-15-de-febrero","status":"publish","type":"post","link":"https:\/\/elmetropolitano.com.gt\/es\/fabrica-de-autopartes-yazaki-iniciara-operaciones-en-san-marcos-el-15-de-febrero\/","title":{"rendered":"F\u00e1brica de autopartes Yazaki iniciar\u00e1 operaciones en San Marcos el 15 de febrero"},"content":{"rendered":"\n<p>El Ministerio de Econom\u00eda (Mineco) se refiri\u00f3 al inicio de operaciones de la empresa Yazaki en Ayutla, San Marcos, que se prev\u00e9 para el 15 de febrero y producir\u00e1 partes para veh\u00edculos.<\/p>\n\n\n\n<p>El dato lo confirm\u00f3 el ministro de Econom\u00eda durante una conferencia de prensa. Adem\u00e1s, record\u00f3 que Yazaki es una compa\u00f1\u00eda que se dedica a la comercializaci\u00f3n de autopartes.<\/p><div class=\"elmet-contenido\" id=\"elmet-2564162585\"><div class=\"elmet-adlabel\">Anuncios<\/div><div style=\"margin-top: 20px;margin-right: 20px;margin-bottom: 20px;margin-left: 20px;\" id=\"elmet-2785658390\"><a href=\"https:\/\/www.facebook.com\/arrincuanantigua\/\" aria-label=\"cintillo-arrin-cual\"><img loading=\"lazy\" decoding=\"async\" src=\"https:\/\/elmetropolitano.com.gt\/es\/wp-content\/uploads\/2021\/11\/cintillo-arrin-cual-1.jpg\" alt=\"\"  srcset=\"https:\/\/elmetropolitano.com.gt\/es\/wp-content\/uploads\/2021\/11\/cintillo-arrin-cual-1.jpg 750w, https:\/\/elmetropolitano.com.gt\/es\/wp-content\/uploads\/2021\/11\/cintillo-arrin-cual-1-300x36.jpg 300w, https:\/\/elmetropolitano.com.gt\/es\/wp-content\/uploads\/2021\/11\/cintillo-arrin-cual-1-600x72.jpg 600w\" sizes=\"(max-width: 750px) 100vw, 750px\" width=\"750\" height=\"90\"   \/><\/a><\/div><\/div>\n\n\n\n<p><a><\/a>Adem\u00e1s, se resalt\u00f3 que con el establecimiento de dicha empresa en el pa\u00eds se generen 10 mil empleos para los siguientes 5 a\u00f1os y la generaci\u00f3n de mil 500 para este a\u00f1o.<\/p>\n\n\n\n<p>Seg\u00fan mencion\u00f3 el funcionario, se prev\u00e9 desarrollar un acto oficial para inaugurar las operaciones de la empresa, por lo que participar\u00e1n autoridades de Estados Unidos, Jap\u00f3n y Guatemala.<\/p>\n\n\n\n<p>Capacitaciones<\/p>\n\n\n\n<p>Entre las estrategias de Guatemala para la generaci\u00f3n de empleo est\u00e1n las capacitaciones a guatemaltecos para que formen parte en empresas de nuevos inversionistas extranjeros.<\/p>\n\n\n\n<p>En ese sentido, en septiembre de 2022 comenz\u00f3 con una iniciativa de actualizaci\u00f3n en automatizaci\u00f3n industrial, curso certificado por Yazaki Corporation.<\/p>\n\n\n\n<p>Junto con otras instituciones de capacitaci\u00f3n se busca brindar nuevas oportunidades a los j\u00f3venes y promover empleos para el desarrollo del pa\u00eds.<\/p>\n\n\n\n<p>Sobre la empresa<\/p>\n\n\n\n<p>Yazaki es una empresa estadounidense de capital japon\u00e9s, la cual lleg\u00f3 a Guatemala como reflejo de las acciones para la atracci\u00f3n de inversi\u00f3n.<\/p>\n\n\n\n<p>La empresa es una de las m\u00e1s grandes proveedoras de repuestos para autom\u00f3viles en el mundo.<\/p>\n\n\n\n<p>Como parte del plan de la empresa, se encuentra la capacitaci\u00f3n a j\u00f3venes guatemaltecos para que puedan integrarse a su planilla de colaboradores.<\/p>\n\n\n\n<p>En junio de 2022, la compa\u00f1\u00eda anunci\u00f3 que como paso inicial invertir\u00eda 10 millones de d\u00f3lares en el pa\u00eds para implementar un proyecto piloto en San Marcos, planta que est\u00e1 pr\u00f3xima a empezar con su funcionamiento.<\/p>\n\n\n\n<p>Las autoridades de Econom\u00eda de Guatemala mencionaron que uno de los puntos interesantes de este proyecto es que desarrolla un ecosistema para que adem\u00e1s de las plantas de autopartes se creen otros espacios para la atenci\u00f3n de distintos servicios y puntos de desarrollo<\/p>\n\n\n\n<p>Texto: Yuliza Mu\u00f1oz<\/p>\n\n\n\n<p><a href=\"https:\/\/www.facebook.com\/hashtag\/metroredes?__eep__=6&amp;__cft__[0]=AZWFZOwTk1g7BwZwpBZ-oC2sjRIcNXqjINQIShglJT__pjJoEkdjDnBXxc3wcogkTZ-64zd2CiovelMION6bWl_-GaUwEhxY3SpY8JGcE5Oc_eHvwFXI7yLO-K7VFwt-Qi8mgFLvrOvu5zC352x_I9vjG80D0oA3mCUsFActgeUIDaQNgwBEdBttbeWlJFli4hk&amp;__tn__=*NK-R\">#metroredes<\/a><a href=\"https:\/\/www.facebook.com\/hashtag\/sanmarcos?__eep__=6&amp;__cft__[0]=AZWFZOwTk1g7BwZwpBZ-oC2sjRIcNXqjINQIShglJT__pjJoEkdjDnBXxc3wcogkTZ-64zd2CiovelMION6bWl_-GaUwEhxY3SpY8JGcE5Oc_eHvwFXI7yLO-K7VFwt-Qi8mgFLvrOvu5zC352x_I9vjG80D0oA3mCUsFActgeUIDaQNgwBEdBttbeWlJFli4hk&amp;__tn__=*NK-R\">#SanMarcos<\/a><\/p>\n\n\n\n<p><\/p>\n","protected":false},"excerpt":{"rendered":"<p>El Ministerio de Econom\u00eda (Mineco) se refiri\u00f3 al inicio de operaciones de la empresa Yazaki en Ayutla, San Marcos, que se prev\u00e9 para el 15 de febrero y producir\u00e1 partes para veh\u00edculos. El dato lo confirm\u00f3 el ministro de Econom\u00eda durante una conferencia de prensa. Adem\u00e1s, record\u00f3 que Yazaki es una compa\u00f1\u00eda que se dedica <a class=\"read-more\" href=\"https:\/\/elmetropolitano.com.gt\/es\/fabrica-de-autopartes-yazaki-iniciara-operaciones-en-san-marcos-el-15-de-febrero\/\">Leer m\u00e1s<\/a><\/p>\n","protected":false},"author":1,"featured_media":60883,"comment_status":"open","ping_status":"closed","sticky":false,"template":"","format":"standard","meta":{"footnotes":""},"categories":[31],"tags":[32],"class_list":["post-60882","post","type-post","status-publish","format-standard","has-post-thumbnail","hentry","category-metroimpulso","tag-metroimpulso"],"_links":{"self":[{"href":"https:\/\/elmetropolitano.com.gt\/es\/wp-json\/wp\/v2\/posts\/60882","targetHints":{"allow":["GET"]}}],"collection":[{"href":"https:\/\/elmetropolitano.com.gt\/es\/wp-json\/wp\/v2\/posts"}],"about":[{"href":"https:\/\/elmetropolitano.com.gt\/es\/wp-json\/wp\/v2\/types\/post"}],"author":[{"embeddable":true,"href":"https:\/\/elmetropolitano.com.gt\/es\/wp-json\/wp\/v2\/users\/1"}],"replies":[{"embeddable":true,"href":"https:\/\/elmetropolitano.com.gt\/es\/wp-json\/wp\/v2\/comments?post=60882"}],"version-history":[{"count":1,"href":"https:\/\/elmetropolitano.com.gt\/es\/wp-json\/wp\/v2\/posts\/60882\/revisions"}],"predecessor-version":[{"id":60884,"href":"https:\/\/elmetropolitano.com.gt\/es\/wp-json\/wp\/v2\/posts\/60882\/revisions\/60884"}],"wp:featuredmedia":[{"embeddable":true,"href":"https:\/\/elmetropolitano.com.gt\/es\/wp-json\/wp\/v2\/media\/60883"}],"wp:attachment":[{"href":"https:\/\/elmetropolitano.com.gt\/es\/wp-json\/wp\/v2\/media?parent=60882"}],"wp:term":[{"taxonomy":"category","embeddable":true,"href":"https:\/\/elmetropolitano.com.gt\/es\/wp-json\/wp\/v2\/categories?post=60882"},{"taxonomy":"post_tag","embeddable":true,"href":"https:\/\/elmetropolitano.com.gt\/es\/wp-json\/wp\/v2\/tags?post=60882"}],"curies":[{"name":"wp","href":"https:\/\/api.w.org\/{rel}","templated":true}]}}