{"id":60914,"date":"2023-02-09T08:03:29","date_gmt":"2023-02-09T14:03:29","guid":{"rendered":"https:\/\/elmetropolitano.com.gt\/es\/?p=60914"},"modified":"2023-02-09T08:03:31","modified_gmt":"2023-02-09T14:03:31","slug":"tres-locutores-de-radio-la-peligrosa-y-tropicana-resultan-heridos-de-bala","status":"publish","type":"post","link":"https:\/\/elmetropolitano.com.gt\/es\/tres-locutores-de-radio-la-peligrosa-y-tropicana-resultan-heridos-de-bala\/","title":{"rendered":"Tres locutores de radio La Peligrosa y Tropicana resultan heridos de bala"},"content":{"rendered":"\n<p>Un ataque armado ocurrido este mi\u00e9rcoles por la noche frente al hospital del Instituto Guatemalteco de Seguridad Social, ubicado en la avenida Centroam\u00e9rica zona 3 de Escuintla, dejo como saldo tres locutores heridos de bala, seg\u00fan informaci\u00f3n de la Polic\u00eda Nacional Civil.<\/p>\n\n\n\n<p>Las <a><\/a>v\u00edctimas han sido identificadas c\u00f3mo Oscar Jos\u00e9 Le\u00f3n, Oscar Geovanny Colocho de Radio La Peligrosa y \u00d3scar Edwin Soza, locutor de radio Tropicana.<\/p><div class=\"elmet-contenido\" id=\"elmet-2502206373\"><div class=\"elmet-adlabel\">Anuncios<\/div><div style=\"margin-top: 20px;margin-right: 20px;margin-bottom: 20px;margin-left: 20px;\" id=\"elmet-2426027564\"><a href=\"https:\/\/www.facebook.com\/arrincuanantigua\/\" aria-label=\"cintillo-arrin-cual\"><img loading=\"lazy\" decoding=\"async\" src=\"https:\/\/elmetropolitano.com.gt\/es\/wp-content\/uploads\/2021\/11\/cintillo-arrin-cual-1.jpg\" alt=\"\"  srcset=\"https:\/\/elmetropolitano.com.gt\/es\/wp-content\/uploads\/2021\/11\/cintillo-arrin-cual-1.jpg 750w, https:\/\/elmetropolitano.com.gt\/es\/wp-content\/uploads\/2021\/11\/cintillo-arrin-cual-1-300x36.jpg 300w, https:\/\/elmetropolitano.com.gt\/es\/wp-content\/uploads\/2021\/11\/cintillo-arrin-cual-1-600x72.jpg 600w\" sizes=\"(max-width: 750px) 100vw, 750px\" width=\"750\" height=\"90\"   \/><\/a><\/div><\/div>\n\n\n\n<p><a href=\"https:\/\/www.facebook.com\/hashtag\/metroredes?__eep__=6&amp;__cft__[0]=AZU7Tb2MbixL7sKdGLI_w9xyaFbCSkmks0KTOZuNTlkMl3ibGmxEl8EoI-fKTMEn11QDmc_OH2nscjPEKoZIx5vV9yCIj1lU-TKssaHOqB6UnQXaQqjzgCX3bcqxPNw43ZzzoPr7lwdb2fY5Zgiy6JTqVN2y8u5UO3KLT9J6DKr7Ud5P8-IEyo1-ayd-YbKvVlM&amp;__tn__=*NK-R\">#Metroredes<\/a><a href=\"https:\/\/www.facebook.com\/hashtag\/elescuintleco?__eep__=6&amp;__cft__[0]=AZU7Tb2MbixL7sKdGLI_w9xyaFbCSkmks0KTOZuNTlkMl3ibGmxEl8EoI-fKTMEn11QDmc_OH2nscjPEKoZIx5vV9yCIj1lU-TKssaHOqB6UnQXaQqjzgCX3bcqxPNw43ZzzoPr7lwdb2fY5Zgiy6JTqVN2y8u5UO3KLT9J6DKr7Ud5P8-IEyo1-ayd-YbKvVlM&amp;__tn__=*NK-R\">#ElEscuintleco<\/a><\/p>\n\n\n\n<p><\/p>\n","protected":false},"excerpt":{"rendered":"<p>Un ataque armado ocurrido este mi\u00e9rcoles por la noche frente al hospital del Instituto Guatemalteco de Seguridad Social, ubicado en la avenida Centroam\u00e9rica zona 3 de Escuintla, dejo como saldo tres locutores heridos de bala, seg\u00fan informaci\u00f3n de la Polic\u00eda Nacional Civil. Las v\u00edctimas han sido identificadas c\u00f3mo Oscar Jos\u00e9 Le\u00f3n, Oscar Geovanny Colocho de <a class=\"read-more\" href=\"https:\/\/elmetropolitano.com.gt\/es\/tres-locutores-de-radio-la-peligrosa-y-tropicana-resultan-heridos-de-bala\/\">Leer m\u00e1s<\/a><\/p>\n","protected":false},"author":1,"featured_media":60915,"comment_status":"open","ping_status":"closed","sticky":false,"template":"","format":"standard","meta":{"footnotes":""},"categories":[4],"tags":[13],"class_list":["post-60914","post","type-post","status-publish","format-standard","has-post-thumbnail","hentry","category-departamentales","tag-departamentales"],"_links":{"self":[{"href":"https:\/\/elmetropolitano.com.gt\/es\/wp-json\/wp\/v2\/posts\/60914","targetHints":{"allow":["GET"]}}],"collection":[{"href":"https:\/\/elmetropolitano.com.gt\/es\/wp-json\/wp\/v2\/posts"}],"about":[{"href":"https:\/\/elmetropolitano.com.gt\/es\/wp-json\/wp\/v2\/types\/post"}],"author":[{"embeddable":true,"href":"https:\/\/elmetropolitano.com.gt\/es\/wp-json\/wp\/v2\/users\/1"}],"replies":[{"embeddable":true,"href":"https:\/\/elmetropolitano.com.gt\/es\/wp-json\/wp\/v2\/comments?post=60914"}],"version-history":[{"count":1,"href":"https:\/\/elmetropolitano.com.gt\/es\/wp-json\/wp\/v2\/posts\/60914\/revisions"}],"predecessor-version":[{"id":60916,"href":"https:\/\/elmetropolitano.com.gt\/es\/wp-json\/wp\/v2\/posts\/60914\/revisions\/60916"}],"wp:featuredmedia":[{"embeddable":true,"href":"https:\/\/elmetropolitano.com.gt\/es\/wp-json\/wp\/v2\/media\/60915"}],"wp:attachment":[{"href":"https:\/\/elmetropolitano.com.gt\/es\/wp-json\/wp\/v2\/media?parent=60914"}],"wp:term":[{"taxonomy":"category","embeddable":true,"href":"https:\/\/elmetropolitano.com.gt\/es\/wp-json\/wp\/v2\/categories?post=60914"},{"taxonomy":"post_tag","embeddable":true,"href":"https:\/\/elmetropolitano.com.gt\/es\/wp-json\/wp\/v2\/tags?post=60914"}],"curies":[{"name":"wp","href":"https:\/\/api.w.org\/{rel}","templated":true}]}}