{"id":60923,"date":"2023-02-09T09:43:41","date_gmt":"2023-02-09T15:43:41","guid":{"rendered":"https:\/\/elmetropolitano.com.gt\/es\/?p=60923"},"modified":"2023-02-09T09:43:42","modified_gmt":"2023-02-09T15:43:42","slug":"liberan-a-213-presos-politicos-en-nicaragua","status":"publish","type":"post","link":"https:\/\/elmetropolitano.com.gt\/es\/liberan-a-213-presos-politicos-en-nicaragua\/","title":{"rendered":"Liberan a 213 presos pol\u00edticos en Nicaragua"},"content":{"rendered":"\n<p>Un total de 213 presos pol\u00edticos fueron liberados esta ma\u00f1ana de las c\u00e1rceles de Nicaragua por el gobierno de Daniel Ortega. Se ha informado que fueron trasladados al aeropuerto internacional, donde los esperaba un avi\u00f3n para llevarlos a Estados Unidos, en estos momentos van rumbo a Washington DC.<\/p>\n\n\n\n<p>#metroredes<\/p><div class=\"elmet-contenido\" id=\"elmet-976244978\"><div class=\"elmet-adlabel\">Anuncios<\/div><div style=\"margin-top: 20px;margin-right: 20px;margin-bottom: 20px;margin-left: 20px;\" id=\"elmet-4037708112\"><a href=\"https:\/\/www.facebook.com\/arrincuanantigua\/\" aria-label=\"cintillo-arrin-cual\"><img loading=\"lazy\" decoding=\"async\" src=\"https:\/\/elmetropolitano.com.gt\/es\/wp-content\/uploads\/2021\/11\/cintillo-arrin-cual-1.jpg\" alt=\"\"  srcset=\"https:\/\/elmetropolitano.com.gt\/es\/wp-content\/uploads\/2021\/11\/cintillo-arrin-cual-1.jpg 750w, https:\/\/elmetropolitano.com.gt\/es\/wp-content\/uploads\/2021\/11\/cintillo-arrin-cual-1-300x36.jpg 300w, https:\/\/elmetropolitano.com.gt\/es\/wp-content\/uploads\/2021\/11\/cintillo-arrin-cual-1-600x72.jpg 600w\" sizes=\"(max-width: 750px) 100vw, 750px\" width=\"750\" height=\"90\"   \/><\/a><\/div><\/div>\n\n\n\n<p><\/p>\n","protected":false},"excerpt":{"rendered":"<p>Un total de 213 presos pol\u00edticos fueron liberados esta ma\u00f1ana de las c\u00e1rceles de Nicaragua por el gobierno de Daniel Ortega. Se ha informado que fueron trasladados al aeropuerto internacional, donde los esperaba un avi\u00f3n para llevarlos a Estados Unidos, en estos momentos van rumbo a Washington DC. #metroredes<\/p>\n","protected":false},"author":1,"featured_media":60924,"comment_status":"open","ping_status":"closed","sticky":false,"template":"","format":"standard","meta":{"footnotes":""},"categories":[14],"tags":[15],"class_list":["post-60923","post","type-post","status-publish","format-standard","has-post-thumbnail","hentry","category-internacionales","tag-internacionales"],"_links":{"self":[{"href":"https:\/\/elmetropolitano.com.gt\/es\/wp-json\/wp\/v2\/posts\/60923","targetHints":{"allow":["GET"]}}],"collection":[{"href":"https:\/\/elmetropolitano.com.gt\/es\/wp-json\/wp\/v2\/posts"}],"about":[{"href":"https:\/\/elmetropolitano.com.gt\/es\/wp-json\/wp\/v2\/types\/post"}],"author":[{"embeddable":true,"href":"https:\/\/elmetropolitano.com.gt\/es\/wp-json\/wp\/v2\/users\/1"}],"replies":[{"embeddable":true,"href":"https:\/\/elmetropolitano.com.gt\/es\/wp-json\/wp\/v2\/comments?post=60923"}],"version-history":[{"count":1,"href":"https:\/\/elmetropolitano.com.gt\/es\/wp-json\/wp\/v2\/posts\/60923\/revisions"}],"predecessor-version":[{"id":60925,"href":"https:\/\/elmetropolitano.com.gt\/es\/wp-json\/wp\/v2\/posts\/60923\/revisions\/60925"}],"wp:featuredmedia":[{"embeddable":true,"href":"https:\/\/elmetropolitano.com.gt\/es\/wp-json\/wp\/v2\/media\/60924"}],"wp:attachment":[{"href":"https:\/\/elmetropolitano.com.gt\/es\/wp-json\/wp\/v2\/media?parent=60923"}],"wp:term":[{"taxonomy":"category","embeddable":true,"href":"https:\/\/elmetropolitano.com.gt\/es\/wp-json\/wp\/v2\/categories?post=60923"},{"taxonomy":"post_tag","embeddable":true,"href":"https:\/\/elmetropolitano.com.gt\/es\/wp-json\/wp\/v2\/tags?post=60923"}],"curies":[{"name":"wp","href":"https:\/\/api.w.org\/{rel}","templated":true}]}}