{"id":61010,"date":"2023-02-13T13:19:36","date_gmt":"2023-02-13T19:19:36","guid":{"rendered":"https:\/\/elmetropolitano.com.gt\/es\/?p=61010"},"modified":"2023-02-13T13:19:37","modified_gmt":"2023-02-13T19:19:37","slug":"tragedia-aerea-en-peten-deja-tres-misioneros-fallecidos","status":"publish","type":"post","link":"https:\/\/elmetropolitano.com.gt\/es\/tragedia-aerea-en-peten-deja-tres-misioneros-fallecidos\/","title":{"rendered":"Tragedia a\u00e9rea en Pet\u00e9n deja tres misioneros fallecidos"},"content":{"rendered":"\n<p>Un accidente a\u00e9reo en el municipio de San Francisco, Pet\u00e9n a dejado esta ma\u00f1ana a tres misioneros fallecidos cuando se dirig\u00edan en una avioneta a la ciudad capital.<\/p>\n\n\n\n<p>El <a><\/a>gobernador Departamental Luis Burgos, inform\u00f3 que las v\u00edctimas fueron identificadas como James Dehart de 64 a\u00f1os, quien era el piloto; Bony Dehart, de 64 a\u00f1os; y Helen Shawn Coon, de 66 a\u00f1os.<\/p><div class=\"elmet-contenido\" id=\"elmet-3844961025\"><div class=\"elmet-adlabel\">Anuncios<\/div><div style=\"margin-top: 20px;margin-right: 20px;margin-bottom: 20px;margin-left: 20px;\" id=\"elmet-1875212344\"><a href=\"https:\/\/www.facebook.com\/arrincuanantigua\/\" aria-label=\"cintillo-arrin-cual\"><img loading=\"lazy\" decoding=\"async\" src=\"https:\/\/elmetropolitano.com.gt\/es\/wp-content\/uploads\/2021\/11\/cintillo-arrin-cual-1.jpg\" alt=\"\"  srcset=\"https:\/\/elmetropolitano.com.gt\/es\/wp-content\/uploads\/2021\/11\/cintillo-arrin-cual-1.jpg 750w, https:\/\/elmetropolitano.com.gt\/es\/wp-content\/uploads\/2021\/11\/cintillo-arrin-cual-1-300x36.jpg 300w, https:\/\/elmetropolitano.com.gt\/es\/wp-content\/uploads\/2021\/11\/cintillo-arrin-cual-1-600x72.jpg 600w\" sizes=\"(max-width: 750px) 100vw, 750px\" width=\"750\" height=\"90\"   \/><\/a><\/div><\/div>\n\n\n\n<p>Seg\u00fan Burgos, los tripulantes despegaron en una pista de este municipio donde tienen un hospital y se dirig\u00edan a la ciudad de Guatemala.<\/p>\n\n\n\n<p><a href=\"https:\/\/www.facebook.com\/hashtag\/metroredes?__eep__=6&amp;__cft__[0]=AZUP8LL7M9qoCOGZSxiO2nZ-k8OkXjyb7kCntSZ6uKFzjN74mqGOh4UVLnoozDGUihbxZDmEQy6TZJOmJVHgjek_zeF55CLkmTPJXw7ZvhCgXMzSg7ZSuk0aPNaJx1uhN6YhikuHcs071jRBduo-ntTm7TbWbzZynH-KtH7S5H0XUBXws1mlSfgSyQLbTZV2Z7A&amp;__tn__=*NK-R\">#metroredes<\/a><a href=\"https:\/\/www.facebook.com\/hashtag\/peten?__eep__=6&amp;__cft__[0]=AZUP8LL7M9qoCOGZSxiO2nZ-k8OkXjyb7kCntSZ6uKFzjN74mqGOh4UVLnoozDGUihbxZDmEQy6TZJOmJVHgjek_zeF55CLkmTPJXw7ZvhCgXMzSg7ZSuk0aPNaJx1uhN6YhikuHcs071jRBduo-ntTm7TbWbzZynH-KtH7S5H0XUBXws1mlSfgSyQLbTZV2Z7A&amp;__tn__=*NK-R\">#Peten<\/a><\/p>\n\n\n\n<p><\/p>\n","protected":false},"excerpt":{"rendered":"<p>Un accidente a\u00e9reo en el municipio de San Francisco, Pet\u00e9n a dejado esta ma\u00f1ana a tres misioneros fallecidos cuando se dirig\u00edan en una avioneta a la ciudad capital. El gobernador Departamental Luis Burgos, inform\u00f3 que las v\u00edctimas fueron identificadas como James Dehart de 64 a\u00f1os, quien era el piloto; Bony Dehart, de 64 a\u00f1os; y <a class=\"read-more\" href=\"https:\/\/elmetropolitano.com.gt\/es\/tragedia-aerea-en-peten-deja-tres-misioneros-fallecidos\/\">Leer m\u00e1s<\/a><\/p>\n","protected":false},"author":1,"featured_media":61011,"comment_status":"open","ping_status":"closed","sticky":false,"template":"","format":"standard","meta":{"footnotes":""},"categories":[4],"tags":[13],"class_list":["post-61010","post","type-post","status-publish","format-standard","has-post-thumbnail","hentry","category-departamentales","tag-departamentales"],"_links":{"self":[{"href":"https:\/\/elmetropolitano.com.gt\/es\/wp-json\/wp\/v2\/posts\/61010","targetHints":{"allow":["GET"]}}],"collection":[{"href":"https:\/\/elmetropolitano.com.gt\/es\/wp-json\/wp\/v2\/posts"}],"about":[{"href":"https:\/\/elmetropolitano.com.gt\/es\/wp-json\/wp\/v2\/types\/post"}],"author":[{"embeddable":true,"href":"https:\/\/elmetropolitano.com.gt\/es\/wp-json\/wp\/v2\/users\/1"}],"replies":[{"embeddable":true,"href":"https:\/\/elmetropolitano.com.gt\/es\/wp-json\/wp\/v2\/comments?post=61010"}],"version-history":[{"count":1,"href":"https:\/\/elmetropolitano.com.gt\/es\/wp-json\/wp\/v2\/posts\/61010\/revisions"}],"predecessor-version":[{"id":61012,"href":"https:\/\/elmetropolitano.com.gt\/es\/wp-json\/wp\/v2\/posts\/61010\/revisions\/61012"}],"wp:featuredmedia":[{"embeddable":true,"href":"https:\/\/elmetropolitano.com.gt\/es\/wp-json\/wp\/v2\/media\/61011"}],"wp:attachment":[{"href":"https:\/\/elmetropolitano.com.gt\/es\/wp-json\/wp\/v2\/media?parent=61010"}],"wp:term":[{"taxonomy":"category","embeddable":true,"href":"https:\/\/elmetropolitano.com.gt\/es\/wp-json\/wp\/v2\/categories?post=61010"},{"taxonomy":"post_tag","embeddable":true,"href":"https:\/\/elmetropolitano.com.gt\/es\/wp-json\/wp\/v2\/tags?post=61010"}],"curies":[{"name":"wp","href":"https:\/\/api.w.org\/{rel}","templated":true}]}}