{"id":61095,"date":"2023-02-14T10:12:46","date_gmt":"2023-02-14T16:12:46","guid":{"rendered":"https:\/\/elmetropolitano.com.gt\/es\/?p=61095"},"modified":"2023-02-14T10:12:47","modified_gmt":"2023-02-14T16:12:47","slug":"el-marn-fortalecera-operaciones-en-izabal","status":"publish","type":"post","link":"https:\/\/elmetropolitano.com.gt\/es\/el-marn-fortalecera-operaciones-en-izabal\/","title":{"rendered":"El MARN fortalecer\u00e1 operaciones en Izabal"},"content":{"rendered":"\n<p>Un ambiente sano siempre dar\u00e1 como resultado un vida sana. Y esto es fundamental para la coexistencia en el pa\u00eds.<\/p>\n\n\n\n<p>El <a><\/a>ambiente sano est\u00e1 \u00edntimamente relacionado con los recursos naturales, que son finitos y escasos.<\/p><div class=\"elmet-contenido\" id=\"elmet-3941206271\"><div class=\"elmet-adlabel\">Anuncios<\/div><div style=\"margin-top: 20px;margin-right: 20px;margin-bottom: 20px;margin-left: 20px;\" id=\"elmet-3777509210\"><a href=\"https:\/\/www.facebook.com\/arrincuanantigua\/\" aria-label=\"cintillo-arrin-cual\"><img loading=\"lazy\" decoding=\"async\" src=\"https:\/\/elmetropolitano.com.gt\/es\/wp-content\/uploads\/2021\/11\/cintillo-arrin-cual-1.jpg\" alt=\"\"  srcset=\"https:\/\/elmetropolitano.com.gt\/es\/wp-content\/uploads\/2021\/11\/cintillo-arrin-cual-1.jpg 750w, https:\/\/elmetropolitano.com.gt\/es\/wp-content\/uploads\/2021\/11\/cintillo-arrin-cual-1-300x36.jpg 300w, https:\/\/elmetropolitano.com.gt\/es\/wp-content\/uploads\/2021\/11\/cintillo-arrin-cual-1-600x72.jpg 600w\" sizes=\"(max-width: 750px) 100vw, 750px\" width=\"750\" height=\"90\"   \/><\/a><\/div><\/div>\n\n\n\n<p>Esto lo conoce bien el Ministerio de Ambiente y Recursos Naturales (MARN). En tal sentido, sus delegaciones son fundamentales en la protecci\u00f3n de los recursos naturales del pa\u00eds.<\/p>\n\n\n\n<p>Como parte del fortalecimiento institucional, autoridades de esa cartera visitaron la delegaci\u00f3n departamental en Izabal. El objetivo fue conocer la infraestructura y dialogar con el personal. Tambi\u00e9n fortalecer los procedimientos que se desarrollan en la entidad.<\/p>\n\n\n\n<p>Prestaci\u00f3n de servicios<\/p>\n\n\n\n<p>Las autoridades del MARN recorrieron las instalaciones acompa\u00f1adas del delegado regional del MARN, Mynor de Paz, y autoridades del municipio.<\/p>\n\n\n\n<p>En tal sentido, el MARN expres\u00f3 que es importante la mejora continua en la prestaci\u00f3n de servicios. Por eso impulsar\u00e1 el fortalecimiento de capacidades t\u00e9cnicas del personal, mediante convenios suscritos con la Universidad de San Carlos y el Instituto Nacional de Administraci\u00f3n P\u00fablica.<\/p>\n\n\n\n<p>Tambi\u00e9n se hizo \u00e9nfasis en que, como parte de la estrategia del 2023, se fortalecer\u00e1 la capacidad de las delegaciones y se dotar\u00e1 de insumos y equipos tecnol\u00f3gicos para mejorar los servicios.<\/p>\n\n\n\n<p>Otras acciones<\/p>\n\n\n\n<p>Otra de las acciones recientes en Izabal es la promoci\u00f3n de la restauraci\u00f3n ecol\u00f3gica con modelos participativos. Es una estrategia que se implementar\u00e1 para reforzar la protecci\u00f3n de manantiales.<\/p>\n\n\n\n<p>Esta se aplicar\u00e1 en la cuenca del r\u00edo Las Escobas, en el Cerro San Gil, en Izabal.<\/p>\n\n\n\n<p>Este proyecto forma parte de una carta de entendimiento suscrita entre autoridades locales, el MARN y FunDaci\u00f3n para el Ecodesarrollo y la Conservaci\u00f3n (Fundeco).<\/p>\n\n\n\n<p>El objetivo es asegurar la conservaci\u00f3n de las zonas de recarga h\u00eddrica, en el marco del Proyecto de gesti\u00f3n ambiental integral de la cuenca del r\u00edo Motagua.<\/p>\n\n\n\n<p><a href=\"https:\/\/www.facebook.com\/hashtag\/metroredes?__eep__=6&amp;__cft__[0]=AZVf58frJvsnJQQHpXh76uut2lThEec-meEmxDikJRcc2gwYWsGZzPKXnQnV7DlLT3gvMh225tNNgE5mb8cwyqqDOYxRIoXCf_-qMkqf8DYfxblVqfuBX1RrBgCN6DzosvKfdBDalTddtI354714mFYyngAFRRxi-FBOCNx-Rywrj4lshssMxw33c-0LIqNvepk&amp;__tn__=*NK-R\">#metroredes<\/a><a href=\"https:\/\/www.facebook.com\/hashtag\/elmetropolitano?__eep__=6&amp;__cft__[0]=AZVf58frJvsnJQQHpXh76uut2lThEec-meEmxDikJRcc2gwYWsGZzPKXnQnV7DlLT3gvMh225tNNgE5mb8cwyqqDOYxRIoXCf_-qMkqf8DYfxblVqfuBX1RrBgCN6DzosvKfdBDalTddtI354714mFYyngAFRRxi-FBOCNx-Rywrj4lshssMxw33c-0LIqNvepk&amp;__tn__=*NK-R\">#Elmetropolitano<\/a><a href=\"https:\/\/www.facebook.com\/hashtag\/izabal?__eep__=6&amp;__cft__[0]=AZVf58frJvsnJQQHpXh76uut2lThEec-meEmxDikJRcc2gwYWsGZzPKXnQnV7DlLT3gvMh225tNNgE5mb8cwyqqDOYxRIoXCf_-qMkqf8DYfxblVqfuBX1RrBgCN6DzosvKfdBDalTddtI354714mFYyngAFRRxi-FBOCNx-Rywrj4lshssMxw33c-0LIqNvepk&amp;__tn__=*NK-R\">#izabal<\/a><\/p>\n\n\n\n<p><\/p>\n","protected":false},"excerpt":{"rendered":"<p>Un ambiente sano siempre dar\u00e1 como resultado un vida sana. Y esto es fundamental para la coexistencia en el pa\u00eds. El ambiente sano est\u00e1 \u00edntimamente relacionado con los recursos naturales, que son finitos y escasos. Esto lo conoce bien el Ministerio de Ambiente y Recursos Naturales (MARN). En tal sentido, sus delegaciones son fundamentales en <a class=\"read-more\" href=\"https:\/\/elmetropolitano.com.gt\/es\/el-marn-fortalecera-operaciones-en-izabal\/\">Leer m\u00e1s<\/a><\/p>\n","protected":false},"author":1,"featured_media":61096,"comment_status":"open","ping_status":"closed","sticky":false,"template":"","format":"standard","meta":{"footnotes":""},"categories":[4],"tags":[13],"class_list":["post-61095","post","type-post","status-publish","format-standard","has-post-thumbnail","hentry","category-departamentales","tag-departamentales"],"_links":{"self":[{"href":"https:\/\/elmetropolitano.com.gt\/es\/wp-json\/wp\/v2\/posts\/61095","targetHints":{"allow":["GET"]}}],"collection":[{"href":"https:\/\/elmetropolitano.com.gt\/es\/wp-json\/wp\/v2\/posts"}],"about":[{"href":"https:\/\/elmetropolitano.com.gt\/es\/wp-json\/wp\/v2\/types\/post"}],"author":[{"embeddable":true,"href":"https:\/\/elmetropolitano.com.gt\/es\/wp-json\/wp\/v2\/users\/1"}],"replies":[{"embeddable":true,"href":"https:\/\/elmetropolitano.com.gt\/es\/wp-json\/wp\/v2\/comments?post=61095"}],"version-history":[{"count":1,"href":"https:\/\/elmetropolitano.com.gt\/es\/wp-json\/wp\/v2\/posts\/61095\/revisions"}],"predecessor-version":[{"id":61097,"href":"https:\/\/elmetropolitano.com.gt\/es\/wp-json\/wp\/v2\/posts\/61095\/revisions\/61097"}],"wp:featuredmedia":[{"embeddable":true,"href":"https:\/\/elmetropolitano.com.gt\/es\/wp-json\/wp\/v2\/media\/61096"}],"wp:attachment":[{"href":"https:\/\/elmetropolitano.com.gt\/es\/wp-json\/wp\/v2\/media?parent=61095"}],"wp:term":[{"taxonomy":"category","embeddable":true,"href":"https:\/\/elmetropolitano.com.gt\/es\/wp-json\/wp\/v2\/categories?post=61095"},{"taxonomy":"post_tag","embeddable":true,"href":"https:\/\/elmetropolitano.com.gt\/es\/wp-json\/wp\/v2\/tags?post=61095"}],"curies":[{"name":"wp","href":"https:\/\/api.w.org\/{rel}","templated":true}]}}