{"id":61138,"date":"2023-02-15T09:43:40","date_gmt":"2023-02-15T15:43:40","guid":{"rendered":"https:\/\/elmetropolitano.com.gt\/es\/?p=61138"},"modified":"2023-02-15T09:43:41","modified_gmt":"2023-02-15T15:43:41","slug":"piden-al-tse-la-destitucion-del-registrador-de-ciudadanos","status":"publish","type":"post","link":"https:\/\/elmetropolitano.com.gt\/es\/piden-al-tse-la-destitucion-del-registrador-de-ciudadanos\/","title":{"rendered":"Piden al TSE la destituci\u00f3n del Registrador de Ciudadanos"},"content":{"rendered":"\n<p>Organizaciones como Acci\u00f3n Ciudadana solicit\u00f3 al Pleno de Magistrados del TSE la destituci\u00f3n del registrador de Ciudadanos, Ramiro Jos\u00e9 Mu\u00f1oz Jord\u00e1n<\/p>\n\n\n\n<p>Ademas pide a los Magistrados electorales, revocar las inscripciones de los candidatos a elecci\u00f3n popular que no cumplen con los requisitos constitucionales de idoneidad, capacidad y honradez.<\/p><div class=\"elmet-contenido\" id=\"elmet-3061030731\"><div class=\"elmet-adlabel\">Anuncios<\/div><div style=\"margin-top: 20px;margin-right: 20px;margin-bottom: 20px;margin-left: 20px;\" id=\"elmet-1275628077\"><a href=\"https:\/\/www.facebook.com\/arrincuanantigua\/\" aria-label=\"cintillo-arrin-cual\"><img loading=\"lazy\" decoding=\"async\" src=\"https:\/\/elmetropolitano.com.gt\/es\/wp-content\/uploads\/2021\/11\/cintillo-arrin-cual-1.jpg\" alt=\"\"  srcset=\"https:\/\/elmetropolitano.com.gt\/es\/wp-content\/uploads\/2021\/11\/cintillo-arrin-cual-1.jpg 750w, https:\/\/elmetropolitano.com.gt\/es\/wp-content\/uploads\/2021\/11\/cintillo-arrin-cual-1-300x36.jpg 300w, https:\/\/elmetropolitano.com.gt\/es\/wp-content\/uploads\/2021\/11\/cintillo-arrin-cual-1-600x72.jpg 600w\" sizes=\"(max-width: 750px) 100vw, 750px\" width=\"750\" height=\"90\"   \/><\/a><\/div><\/div>\n\n\n\n<p><a><\/a>Indican en un comunicado de prensa le\u00eddo en las afueras del TSE que \u201cNo es posible que el Registro de Ciudadanos por una parte llame a respetar el derecho de elegir y ser electo y por otra parte violenta este mismo derecho\u201d al no inscribir al binomio de Telma Cabrera y Roberto Arz\u00fa.<\/p>\n\n\n\n<p>Tal petici\u00f3n la realiz\u00f3 AC est\u00e1 acompa\u00f1ada de varias organizaciones Transparencia Internacional, la Red Nacional de Comisiones y Colectivos, adem\u00e1s de Mirador Electoral.<\/p>\n\n\n\n<p>#metroredes<\/p>\n\n\n\n<figure class=\"wp-block-gallery has-nested-images columns-default is-cropped wp-block-gallery-1 is-layout-flex wp-block-gallery-is-layout-flex\">\n<figure class=\"wp-block-image size-large\"><img loading=\"lazy\" decoding=\"async\" width=\"1024\" height=\"576\" data-id=\"61140\" src=\"https:\/\/elmetropolitano.com.gt\/es\/wp-content\/uploads\/2023\/02\/330133332_1382963992471030_1891143092257042920_n-1024x576.jpg\" alt=\"\" class=\"wp-image-61140\" srcset=\"https:\/\/elmetropolitano.com.gt\/es\/wp-content\/uploads\/2023\/02\/330133332_1382963992471030_1891143092257042920_n-1024x576.jpg 1024w, https:\/\/elmetropolitano.com.gt\/es\/wp-content\/uploads\/2023\/02\/330133332_1382963992471030_1891143092257042920_n-300x169.jpg 300w, https:\/\/elmetropolitano.com.gt\/es\/wp-content\/uploads\/2023\/02\/330133332_1382963992471030_1891143092257042920_n-768x432.jpg 768w, https:\/\/elmetropolitano.com.gt\/es\/wp-content\/uploads\/2023\/02\/330133332_1382963992471030_1891143092257042920_n-1536x864.jpg 1536w, https:\/\/elmetropolitano.com.gt\/es\/wp-content\/uploads\/2023\/02\/330133332_1382963992471030_1891143092257042920_n-600x337.jpg 600w, https:\/\/elmetropolitano.com.gt\/es\/wp-content\/uploads\/2023\/02\/330133332_1382963992471030_1891143092257042920_n.jpg 1599w\" sizes=\"auto, (max-width: 1024px) 100vw, 1024px\" \/><\/figure>\n\n\n\n<figure class=\"wp-block-image size-large\"><img loading=\"lazy\" decoding=\"async\" width=\"720\" height=\"960\" data-id=\"61141\" src=\"https:\/\/elmetropolitano.com.gt\/es\/wp-content\/uploads\/2023\/02\/330910930_876292343648194_297459739009151048_n.jpg\" alt=\"\" class=\"wp-image-61141\" srcset=\"https:\/\/elmetropolitano.com.gt\/es\/wp-content\/uploads\/2023\/02\/330910930_876292343648194_297459739009151048_n.jpg 720w, https:\/\/elmetropolitano.com.gt\/es\/wp-content\/uploads\/2023\/02\/330910930_876292343648194_297459739009151048_n-225x300.jpg 225w, https:\/\/elmetropolitano.com.gt\/es\/wp-content\/uploads\/2023\/02\/330910930_876292343648194_297459739009151048_n-600x800.jpg 600w\" sizes=\"auto, (max-width: 720px) 100vw, 720px\" \/><\/figure>\n<\/figure>\n","protected":false},"excerpt":{"rendered":"<p>Organizaciones como Acci\u00f3n Ciudadana solicit\u00f3 al Pleno de Magistrados del TSE la destituci\u00f3n del registrador de Ciudadanos, Ramiro Jos\u00e9 Mu\u00f1oz Jord\u00e1n Ademas pide a los Magistrados electorales, revocar las inscripciones de los candidatos a elecci\u00f3n popular que no cumplen con los requisitos constitucionales de idoneidad, capacidad y honradez. Indican en un comunicado de prensa le\u00eddo <a class=\"read-more\" href=\"https:\/\/elmetropolitano.com.gt\/es\/piden-al-tse-la-destitucion-del-registrador-de-ciudadanos\/\">Leer m\u00e1s<\/a><\/p>\n","protected":false},"author":1,"featured_media":61139,"comment_status":"open","ping_status":"closed","sticky":false,"template":"","format":"standard","meta":{"footnotes":""},"categories":[2],"tags":[12],"class_list":["post-61138","post","type-post","status-publish","format-standard","has-post-thumbnail","hentry","category-nacionales","tag-nacionales"],"_links":{"self":[{"href":"https:\/\/elmetropolitano.com.gt\/es\/wp-json\/wp\/v2\/posts\/61138","targetHints":{"allow":["GET"]}}],"collection":[{"href":"https:\/\/elmetropolitano.com.gt\/es\/wp-json\/wp\/v2\/posts"}],"about":[{"href":"https:\/\/elmetropolitano.com.gt\/es\/wp-json\/wp\/v2\/types\/post"}],"author":[{"embeddable":true,"href":"https:\/\/elmetropolitano.com.gt\/es\/wp-json\/wp\/v2\/users\/1"}],"replies":[{"embeddable":true,"href":"https:\/\/elmetropolitano.com.gt\/es\/wp-json\/wp\/v2\/comments?post=61138"}],"version-history":[{"count":1,"href":"https:\/\/elmetropolitano.com.gt\/es\/wp-json\/wp\/v2\/posts\/61138\/revisions"}],"predecessor-version":[{"id":61142,"href":"https:\/\/elmetropolitano.com.gt\/es\/wp-json\/wp\/v2\/posts\/61138\/revisions\/61142"}],"wp:featuredmedia":[{"embeddable":true,"href":"https:\/\/elmetropolitano.com.gt\/es\/wp-json\/wp\/v2\/media\/61139"}],"wp:attachment":[{"href":"https:\/\/elmetropolitano.com.gt\/es\/wp-json\/wp\/v2\/media?parent=61138"}],"wp:term":[{"taxonomy":"category","embeddable":true,"href":"https:\/\/elmetropolitano.com.gt\/es\/wp-json\/wp\/v2\/categories?post=61138"},{"taxonomy":"post_tag","embeddable":true,"href":"https:\/\/elmetropolitano.com.gt\/es\/wp-json\/wp\/v2\/tags?post=61138"}],"curies":[{"name":"wp","href":"https:\/\/api.w.org\/{rel}","templated":true}]}}