{"id":61143,"date":"2023-02-15T09:45:37","date_gmt":"2023-02-15T15:45:37","guid":{"rendered":"https:\/\/elmetropolitano.com.gt\/es\/?p=61143"},"modified":"2023-02-15T09:45:38","modified_gmt":"2023-02-15T15:45:38","slug":"emiten-recomendaciones-para-evitar-casos-de-influenza-aviar","status":"publish","type":"post","link":"https:\/\/elmetropolitano.com.gt\/es\/emiten-recomendaciones-para-evitar-casos-de-influenza-aviar\/","title":{"rendered":"Emiten recomendaciones para evitar casos de influenza aviar"},"content":{"rendered":"\n<p>Debido a brotes de influenza aviar AH5N1 confirmados en el pa\u00eds, el Ministerio de Salud P\u00fablica y Asistencia Social (MSPAS) emiti\u00f3 una alerta epidemiol\u00f3gica para prevenir y reforzar las actividades de vigilancia.<\/p>\n\n\n\n<p>En <a><\/a>Guatemala, la influenza aviar no ha tenido implicaciones en humanos; sin embargo, el pasado 13 de enero, a trav\u00e9s del Departamento de Epidemiolog\u00eda, se emiti\u00f3 una alerta preventiva, indic\u00f3 el titular de la cartera, Francisco Coma.<\/p><div class=\"elmet-contenido\" id=\"elmet-4171873476\"><div class=\"elmet-adlabel\">Anuncios<\/div><div style=\"margin-top: 20px;margin-right: 20px;margin-bottom: 20px;margin-left: 20px;\" id=\"elmet-2145616463\"><a href=\"https:\/\/www.facebook.com\/arrincuanantigua\/\" aria-label=\"cintillo-arrin-cual\"><img loading=\"lazy\" decoding=\"async\" src=\"https:\/\/elmetropolitano.com.gt\/es\/wp-content\/uploads\/2021\/11\/cintillo-arrin-cual-1.jpg\" alt=\"\"  srcset=\"https:\/\/elmetropolitano.com.gt\/es\/wp-content\/uploads\/2021\/11\/cintillo-arrin-cual-1.jpg 750w, https:\/\/elmetropolitano.com.gt\/es\/wp-content\/uploads\/2021\/11\/cintillo-arrin-cual-1-300x36.jpg 300w, https:\/\/elmetropolitano.com.gt\/es\/wp-content\/uploads\/2021\/11\/cintillo-arrin-cual-1-600x72.jpg 600w\" sizes=\"(max-width: 750px) 100vw, 750px\" width=\"750\" height=\"90\"   \/><\/a><\/div><\/div>\n\n\n\n<p>Agreg\u00f3 que la medida abarca a todas las \u00e1reas de Salud y tambi\u00e9n a hospitales, Instituto Guatemalteco de Seguridad Social (IGSS) y otras entidades.<\/p>\n\n\n\n<p>El MSPAS insta a la poblaci\u00f3n a tomar las siguientes medidas para evitar la propagaci\u00f3n de esa enfermedad:<\/p>\n\n\n\n<p>-evitar el consumo, compra y comercializaci\u00f3n de aves enfermas o muertas, sospechosas de cualquier enfermedad, ya sean de tipo silvestre, de paso o traspatio<\/p>\n\n\n\n<p>-no capturar aves silvestres e impedir su introducci\u00f3n en gallineros<\/p>\n\n\n\n<p>-quedarse en casa cuando se est\u00e9 enfermo y evitar participar en aglomeraciones<\/p>\n\n\n\n<p>-cubrirse la boca y nariz con mascarilla<\/p>\n\n\n\n<p>lavarse las manos con regularidad<\/p>\n\n\n\n<p>-Tampoco se deben manipular aves muertas. En seres humanos no se han reportado casos en Guatemala, remarc\u00f3 el Ministro de Salud.<\/p>\n\n\n\n<p>Qu\u00e9 es la influenza aviar<\/p>\n\n\n\n<p>La influenza o gripe aviar es una enfermedad viral altamente contagiosa que afecta a las aves dom\u00e9sticas y silvestres, sean estas migratorias o nativas. Hay cepas de baja y alta patogenicidad; esta \u00faltima puede causar signos cl\u00ednicos graves y potencialmente altos \u00edndices de mortalidad.<\/p>\n\n\n\n<p>Con relaci\u00f3n a la transmisi\u00f3n y propagaci\u00f3n del virus, se explic\u00f3 que intervienen factores como la migraci\u00f3n de aves silvestres, el comercio internacional no regulado y la falta de un plan profil\u00e1ctico efectivo.<\/p>\n\n\n\n<p>Efectos en la econom\u00eda<\/p>\n\n\n\n<p>Por su parte, el ministro de Econom\u00eda, Janio Rosales, inform\u00f3 que para prevenir los casos de la enfermedad, desde la entidad se vela por el cumplimiento del Acuerdo Ministerial 105-2012.<\/p>\n\n\n\n<p>Esta normativa establece una prohibici\u00f3n a la importaci\u00f3n de aves, productos y subproductos av\u00edcolas por pa\u00edses afectados con influenza aviar altamente pat\u00f3gena, se\u00f1al\u00f3 el funcionario.<\/p>\n\n\n\n<p>Asimismo, hizo ver que la norma proh\u00edbe cualquier otro producto que se considere de riesgo por la autoridad sanitaria del pa\u00eds.<\/p>\n\n\n\n<p>En ese sentido, la Direcci\u00f3n de Atenci\u00f3n y Asistencia al Consumidor (Diaco) redoblar\u00e1 esfuerzos en el monitoreo de abastecimiento y precios, derivado del brote de la influenza aviar.<\/p>\n\n\n\n<p>De acuerdo con cifras econ\u00f3micas, hasta diciembre del 2022, la producci\u00f3n av\u00edcola aporta el 2 % del producto interno bruto (PIB) nacional y el 8% del PIB agropecuario.<\/p>\n\n\n\n<p>Texto Brenda Larios<\/p>\n\n\n\n<p><a href=\"https:\/\/www.facebook.com\/hashtag\/metroredes?__eep__=6&amp;__cft__[0]=AZVMQK1kMUemDaHlYB5mbGjIF0gr0uMV1IDePapF9_mGkef-bwb5HcruSTKzQc7mulMpJB4x2-KrhzAfD7vG7RWr4XlgCvF3Fn56cmVZFZdgkzAftnBsRF0srHBCM-iEvuzAB5ItVTFScVHRTIKirlMkIxHzPYDuhG6mBIARGi8qO8kIx6xSY0DO9XXPZWcM9kM&amp;__tn__=*NK-R\">#metroredes<\/a><a href=\"https:\/\/www.facebook.com\/hashtag\/elagrochapin?__eep__=6&amp;__cft__[0]=AZVMQK1kMUemDaHlYB5mbGjIF0gr0uMV1IDePapF9_mGkef-bwb5HcruSTKzQc7mulMpJB4x2-KrhzAfD7vG7RWr4XlgCvF3Fn56cmVZFZdgkzAftnBsRF0srHBCM-iEvuzAB5ItVTFScVHRTIKirlMkIxHzPYDuhG6mBIARGi8qO8kIx6xSY0DO9XXPZWcM9kM&amp;__tn__=*NK-R\">#elagrochapin<\/a><a href=\"https:\/\/www.facebook.com\/hashtag\/influenzaaviar?__eep__=6&amp;__cft__[0]=AZVMQK1kMUemDaHlYB5mbGjIF0gr0uMV1IDePapF9_mGkef-bwb5HcruSTKzQc7mulMpJB4x2-KrhzAfD7vG7RWr4XlgCvF3Fn56cmVZFZdgkzAftnBsRF0srHBCM-iEvuzAB5ItVTFScVHRTIKirlMkIxHzPYDuhG6mBIARGi8qO8kIx6xSY0DO9XXPZWcM9kM&amp;__tn__=*NK-R\">#InfluenzaAviar<\/a><\/p>\n\n\n\n<p><\/p>\n","protected":false},"excerpt":{"rendered":"<p>Debido a brotes de influenza aviar AH5N1 confirmados en el pa\u00eds, el Ministerio de Salud P\u00fablica y Asistencia Social (MSPAS) emiti\u00f3 una alerta epidemiol\u00f3gica para prevenir y reforzar las actividades de vigilancia. En Guatemala, la influenza aviar no ha tenido implicaciones en humanos; sin embargo, el pasado 13 de enero, a trav\u00e9s del Departamento de <a class=\"read-more\" href=\"https:\/\/elmetropolitano.com.gt\/es\/emiten-recomendaciones-para-evitar-casos-de-influenza-aviar\/\">Leer m\u00e1s<\/a><\/p>\n","protected":false},"author":1,"featured_media":61144,"comment_status":"open","ping_status":"closed","sticky":false,"template":"","format":"standard","meta":{"footnotes":""},"categories":[2],"tags":[12],"class_list":["post-61143","post","type-post","status-publish","format-standard","has-post-thumbnail","hentry","category-nacionales","tag-nacionales"],"_links":{"self":[{"href":"https:\/\/elmetropolitano.com.gt\/es\/wp-json\/wp\/v2\/posts\/61143","targetHints":{"allow":["GET"]}}],"collection":[{"href":"https:\/\/elmetropolitano.com.gt\/es\/wp-json\/wp\/v2\/posts"}],"about":[{"href":"https:\/\/elmetropolitano.com.gt\/es\/wp-json\/wp\/v2\/types\/post"}],"author":[{"embeddable":true,"href":"https:\/\/elmetropolitano.com.gt\/es\/wp-json\/wp\/v2\/users\/1"}],"replies":[{"embeddable":true,"href":"https:\/\/elmetropolitano.com.gt\/es\/wp-json\/wp\/v2\/comments?post=61143"}],"version-history":[{"count":1,"href":"https:\/\/elmetropolitano.com.gt\/es\/wp-json\/wp\/v2\/posts\/61143\/revisions"}],"predecessor-version":[{"id":61145,"href":"https:\/\/elmetropolitano.com.gt\/es\/wp-json\/wp\/v2\/posts\/61143\/revisions\/61145"}],"wp:featuredmedia":[{"embeddable":true,"href":"https:\/\/elmetropolitano.com.gt\/es\/wp-json\/wp\/v2\/media\/61144"}],"wp:attachment":[{"href":"https:\/\/elmetropolitano.com.gt\/es\/wp-json\/wp\/v2\/media?parent=61143"}],"wp:term":[{"taxonomy":"category","embeddable":true,"href":"https:\/\/elmetropolitano.com.gt\/es\/wp-json\/wp\/v2\/categories?post=61143"},{"taxonomy":"post_tag","embeddable":true,"href":"https:\/\/elmetropolitano.com.gt\/es\/wp-json\/wp\/v2\/tags?post=61143"}],"curies":[{"name":"wp","href":"https:\/\/api.w.org\/{rel}","templated":true}]}}