{"id":61176,"date":"2023-02-16T08:55:58","date_gmt":"2023-02-16T14:55:58","guid":{"rendered":"https:\/\/elmetropolitano.com.gt\/es\/?p=61176"},"modified":"2023-02-16T08:55:59","modified_gmt":"2023-02-16T14:55:59","slug":"el-mp-pide-revocar-arresto-domiciliario-a-favor-de-manuel-baldizon","status":"publish","type":"post","link":"https:\/\/elmetropolitano.com.gt\/es\/el-mp-pide-revocar-arresto-domiciliario-a-favor-de-manuel-baldizon\/","title":{"rendered":"El MP pide revocar arresto domiciliario a favor de Manuel Baldiz\u00f3n"},"content":{"rendered":"\n<p>En las manos del juzgado de mayor riesgo D se encuentra ahora la libertad del ex presidenciable de Lider y ahora candidato a diputado por el partido Cambio, Manuel Baldiz\u00f3n, luego que la Fiscal\u00eda Especial Contra la Impunidad, FECI pidiera la revocatoria de la medida sustitutiva que le dio la libertad.<\/p>\n\n\n\n<p>Lo <a><\/a>anterior, aunque el fiscal Rafael Curruchiche, quien no dio mayores detalles, se desprende de los cateos y ordenes de captura que se realizaron ayer con la detenci\u00f3n de abogados y un ex jugador de futbol, as\u00ed como otras personas a quienes la fiscal\u00eda los acusa de lavado del dinero y otros delitos, especialmente por el caso Odebrecht.<\/p><div class=\"elmet-contenido\" id=\"elmet-2334570404\"><div class=\"elmet-adlabel\">Anuncios<\/div><div style=\"margin-top: 20px;margin-right: 20px;margin-bottom: 20px;margin-left: 20px;\" id=\"elmet-1151476307\"><a href=\"https:\/\/www.facebook.com\/arrincuanantigua\/\" aria-label=\"cintillo-arrin-cual\"><img loading=\"lazy\" decoding=\"async\" src=\"https:\/\/elmetropolitano.com.gt\/es\/wp-content\/uploads\/2021\/11\/cintillo-arrin-cual-1.jpg\" alt=\"\"  srcset=\"https:\/\/elmetropolitano.com.gt\/es\/wp-content\/uploads\/2021\/11\/cintillo-arrin-cual-1.jpg 750w, https:\/\/elmetropolitano.com.gt\/es\/wp-content\/uploads\/2021\/11\/cintillo-arrin-cual-1-300x36.jpg 300w, https:\/\/elmetropolitano.com.gt\/es\/wp-content\/uploads\/2021\/11\/cintillo-arrin-cual-1-600x72.jpg 600w\" sizes=\"(max-width: 750px) 100vw, 750px\" width=\"750\" height=\"90\"   \/><\/a><\/div><\/div>\n\n\n\n<p>Seg\u00fan la FECI los detenidos son los responsables de la formaci\u00f3n de empresas of shure internacionales donde se lavaba el dinero que posteriormente iba a dar a manos de Manuel Baldiz\u00f3n, qui\u00e9n ya se encuentra buscando una candidatura a diputado por el partido Cambio que formaron sus hijos.<\/p>\n\n\n\n<p>Manuel Baldiz\u00f3n se encuentra en el ojo del hurac\u00e1n y podr\u00eda volver a prisi\u00f3n preventiva y el goce de arresto domiciliario quedar\u00eda sin efecto si el juzgador considera que las argumentaciones del Ministerio P\u00fablico (MP) son suficientes.<\/p>\n\n\n\n<p>La solicitud se present\u00f3 ante el Juzgado de Mayor Riesgo D a cargo de Juan Jos\u00e9 Jim\u00e9nez Tejax, quien programar\u00e1 fecha para que la audiencia sea celebrada. El motivo del porqu\u00e9 present\u00f3 la revocatoria ser\u00e1 conocido ese d\u00eda.<\/p>\n\n\n\n<p>El pasado 9 de enero Jim\u00e9nez Tejax otorg\u00f3 medidas sustitutivas a Baldiz\u00f3n en el caso Odebrecht. Anteriormente fue beneficiado en el caso Transurbano con arresto domiciliario, d\u00edas despu\u00e9s abandon\u00f3 la c\u00e1rcel Mariscal Zavala tras pagar una suma de Q1.8 millones por ambos procesos penales.<\/p>\n\n\n\n<p>En el caso Odebrecht, Baldiz\u00f3n qued\u00f3 ligado a proceso penal por asociaci\u00f3n il\u00edcita, cohecho activo y lavado de dinero.<\/p>\n\n\n\n<p>Baldiz\u00f3n fue deportado el 5 de octubre de 2022 de Estados Unidos, tras purgar una condena por lavado de dinero en un caso en el que se declar\u00f3 culpable y fue sentenciado a m\u00e1s de cuatro a\u00f1os de c\u00e1rcel (50 meses).<\/p>\n\n\n\n<p>#metroredes<\/p>\n\n\n\n<p><\/p>\n","protected":false},"excerpt":{"rendered":"<p>En las manos del juzgado de mayor riesgo D se encuentra ahora la libertad del ex presidenciable de Lider y ahora candidato a diputado por el partido Cambio, Manuel Baldiz\u00f3n, luego que la Fiscal\u00eda Especial Contra la Impunidad, FECI pidiera la revocatoria de la medida sustitutiva que le dio la libertad. Lo anterior, aunque el <a class=\"read-more\" href=\"https:\/\/elmetropolitano.com.gt\/es\/el-mp-pide-revocar-arresto-domiciliario-a-favor-de-manuel-baldizon\/\">Leer m\u00e1s<\/a><\/p>\n","protected":false},"author":1,"featured_media":61177,"comment_status":"open","ping_status":"closed","sticky":false,"template":"","format":"standard","meta":{"footnotes":""},"categories":[2],"tags":[12],"class_list":["post-61176","post","type-post","status-publish","format-standard","has-post-thumbnail","hentry","category-nacionales","tag-nacionales"],"_links":{"self":[{"href":"https:\/\/elmetropolitano.com.gt\/es\/wp-json\/wp\/v2\/posts\/61176","targetHints":{"allow":["GET"]}}],"collection":[{"href":"https:\/\/elmetropolitano.com.gt\/es\/wp-json\/wp\/v2\/posts"}],"about":[{"href":"https:\/\/elmetropolitano.com.gt\/es\/wp-json\/wp\/v2\/types\/post"}],"author":[{"embeddable":true,"href":"https:\/\/elmetropolitano.com.gt\/es\/wp-json\/wp\/v2\/users\/1"}],"replies":[{"embeddable":true,"href":"https:\/\/elmetropolitano.com.gt\/es\/wp-json\/wp\/v2\/comments?post=61176"}],"version-history":[{"count":1,"href":"https:\/\/elmetropolitano.com.gt\/es\/wp-json\/wp\/v2\/posts\/61176\/revisions"}],"predecessor-version":[{"id":61178,"href":"https:\/\/elmetropolitano.com.gt\/es\/wp-json\/wp\/v2\/posts\/61176\/revisions\/61178"}],"wp:featuredmedia":[{"embeddable":true,"href":"https:\/\/elmetropolitano.com.gt\/es\/wp-json\/wp\/v2\/media\/61177"}],"wp:attachment":[{"href":"https:\/\/elmetropolitano.com.gt\/es\/wp-json\/wp\/v2\/media?parent=61176"}],"wp:term":[{"taxonomy":"category","embeddable":true,"href":"https:\/\/elmetropolitano.com.gt\/es\/wp-json\/wp\/v2\/categories?post=61176"},{"taxonomy":"post_tag","embeddable":true,"href":"https:\/\/elmetropolitano.com.gt\/es\/wp-json\/wp\/v2\/tags?post=61176"}],"curies":[{"name":"wp","href":"https:\/\/api.w.org\/{rel}","templated":true}]}}