{"id":61179,"date":"2023-02-16T08:57:45","date_gmt":"2023-02-16T14:57:45","guid":{"rendered":"https:\/\/elmetropolitano.com.gt\/es\/?p=61179"},"modified":"2023-02-16T08:57:46","modified_gmt":"2023-02-16T14:57:46","slug":"suenos-y-economia-que-crecen-en-mas-de-cuatro-paredes","status":"publish","type":"post","link":"https:\/\/elmetropolitano.com.gt\/es\/suenos-y-economia-que-crecen-en-mas-de-cuatro-paredes\/","title":{"rendered":"Sue\u00f1os y econom\u00eda que crecen en mas de cuatro paredes"},"content":{"rendered":"\n<p>El Cubo Center es el centro de negocios en Antigua Guatemala que tiene como principal visi\u00f3n crear m\u00e1s y mejor trabajo. Desde que fue fundado en 2021 ha enfocado sus esfuerzos en ofrecer espacios para oficinas, coworking, eventos corporativos y capacitaciones.<\/p>\n\n\n\n<p><a><\/a>Durante el \u00faltimo a\u00f1o sus operaciones crecieron un 75%, ya que solo en 2022 se invirtieron USD $200mil en la construcci\u00f3n de nuevos espacios y ampliaci\u00f3n de oficinas atendiendo la demanda de los usuarios en la regi\u00f3n. El a\u00f1o pasado se construy\u00f3 un m\u00f3dulo de dos pisos con 4 oficinas y un sal\u00f3n de reuniones con capacidad de 25 personas equipado con la m\u00e1s alta calidad de equipos en tecnolog\u00eda para el desarrollo de reuniones h\u00edbridas; se equiparon otras salas y as\u00ed garantizar m\u00e1s espacios disponibles con esta tecnolog\u00eda. Adem\u00e1s de haber habilitado 3 oficinas adicionales, hechas a la medida para equipos de trabajo ya socios.<\/p><div class=\"elmet-contenido\" id=\"elmet-2843079489\"><div class=\"elmet-adlabel\">Anuncios<\/div><div style=\"margin-top: 20px;margin-right: 20px;margin-bottom: 20px;margin-left: 20px;\" id=\"elmet-444483910\"><a href=\"https:\/\/www.facebook.com\/arrincuanantigua\/\" aria-label=\"cintillo-arrin-cual\"><img loading=\"lazy\" decoding=\"async\" src=\"https:\/\/elmetropolitano.com.gt\/es\/wp-content\/uploads\/2021\/11\/cintillo-arrin-cual-1.jpg\" alt=\"\"  srcset=\"https:\/\/elmetropolitano.com.gt\/es\/wp-content\/uploads\/2021\/11\/cintillo-arrin-cual-1.jpg 750w, https:\/\/elmetropolitano.com.gt\/es\/wp-content\/uploads\/2021\/11\/cintillo-arrin-cual-1-300x36.jpg 300w, https:\/\/elmetropolitano.com.gt\/es\/wp-content\/uploads\/2021\/11\/cintillo-arrin-cual-1-600x72.jpg 600w\" sizes=\"(max-width: 750px) 100vw, 750px\" width=\"750\" height=\"90\"   \/><\/a><\/div><\/div>\n\n\n\n<p>Se contruyeron 6 Dedicated Desk, espacios privados para una persona con escritorio y puerta para quienes deseen mayor privacidad. El rooftop fue adaptado para recibir hasta 150 personas en un espacio exterior amplio y techado ideal para todo tipo de eventos mismo al cual se instalaron paredes de vidrio que permiten mantener la impontente vista a los volcanes propia de la ubicaci\u00f3n, sin perder sentido de amplitud.<\/p>\n\n\n\n<p>Con el objetivo de ofrecer espacios que complementen el d\u00eda a d\u00eda del socio empresario que forma parte de El Cubo Center, se contruyo un gimasio disponible exclusivamente para miembros, equipado con lockers y duchas, con la visi\u00f3n de ofrecer asesor\u00edas nutricionales y personal training apartir de 2023 para contribuir a mejorar la salud de sus socios.<\/p>\n\n\n\n<p>Durante 2023 se proyecta inaugurar un centro para apoyo al emprendedor con \u00e1reas de reuni\u00f3n y trabajo, ademas de construir 100mts adicionales de oficinas y continuar aconodicionando espacios para mayor comodidad de los usuarios con una inversi\u00f3n estimada de USD $150mil y asi poder serguir atendiendo a las m\u00e1s de 350 personas que visitan el Cubo Center de manera mensual.<\/p>\n\n\n\n<p>El edificio crece con sus socios<\/p>\n\n\n\n<p>Se estima que los socios de El Cubo Center tuvieron un crecimiento entre el 30% y el 50% de sus operaciones el \u00faltimo a\u00f1o, acreditado a la gran oportunidad de networking que gozan al ser parte de esta comunidad, sumado a sus esfuerzos propios.<\/p>\n\n\n\n<p>\u201cEstamos muy orgullosos con lo que hemos logrado por medio de este proyecto que inicio como un sue\u00f1o. Tres empresas que iniciaron en 2020 con nosotros, hoy ya se han \u201cgraduado\u201d al lograr un crecimiento tan significativo, que el n\u00famero de colaboradores supera la capacidad actual de la oficina m\u00e1s grande en El Cubo Center. Para nosotros es sumamente gratificante y queremos que todos nuestros socios y miembros de nuestra \u201cCubonidad\u201d experimenten lo mismo\u2026\u201d Comenta Christine Wilson, Co Fundadora y Directora de El Cubo Center.<\/p>\n\n\n\n<p>Inciativas en pro de los emprendedores en el interior del pa\u00eds, contribuyen a impulsar la econom\u00eda para la generaci\u00f3n de empleo, mejorar la calidad de vida de cientos de familias y crear un futuro fuerte para Guatemala. La inflaci\u00f3n que se vive desde 2022 ha impactado comercios que apenas se recuperaban de la pandemia COVID19.<\/p>\n\n\n\n<p>Es clara la vulnerabilidad de muchos negocios ante cambios pol\u00edticos, ambientales y de salud, por esto es importante diversificar y no depender de una sola industria.<\/p>\n\n\n\n<p>El \u00e9xito de El Cubo Center se le acredita al prop\u00f3sito noble desde el que nace con la misi\u00f3n de resolver un problema real; formar un equipo de colaboradores empoderados con quienes compartir las ganacias e inyectar una dosis de perseveracia es fundamental para las operaciones diarias que permiten fortalecer ese crecimiento.<\/p>\n\n\n\n<p>Las crisis de oportunidad como herramienta<\/p>\n\n\n\n<p>Durante el proceso de reactivaci\u00f3n econ\u00f3mica a\u00fan en pandemia, fue un reto enorme. Desconocer el rumbo del mercado creo una crisis de oportunidad en la que se aplico la regla No. 1: \u201cEscucha a tu cliente\u201d, fue cuando se decidio invertir en espacios y servicios que resolvieran sus nuevas necesidades. Se inicio a atender corporaciones que pasaron de reunir a sus equipos en salas poco acondicionadas en la ciudad, que luego empezaron la busqueda de espacios fuera de sus propias oficinas con todas las comodidades para desarrollar sesiones de juntas directivas, talleres para capacitaci\u00f3n y eventos para celebrar a sus colaboradores.<\/p>\n\n\n\n<p>Este giro ha representando un crecimiento importantes en el desarrollo de eventos, es por ello que se ha invertido en la ampliaci\u00f3n de estos espacios e instalaci\u00f3n de tecnolog\u00eda de punta que permite una experiencia c\u00f3moda, agradable y efectiva para equipos de trabajo grandes, peque\u00f1os, nacionales e internacionales.<\/p>\n\n\n\n<p>El Cubo Center abre las puertas a iniciativas aplicables en distintas empresas: Crear un estilo de vida m\u00e1s saludable desde su lugar de trabajo, balancear la rutina con ejercicio, comida sana y momento en comunidad. En 2023 se trabajar\u00e1 en crear lazos, conexiones y oportunidades para m\u00e1s guatemaltecos asegurando que por medio del trabajo, cada ciudadano de la regi\u00f3n tenga la oportunidad de escoger una mejor vida.<\/p>\n\n\n\n<p><a href=\"https:\/\/www.facebook.com\/hashtag\/elcubocenter?__eep__=6&amp;__cft__[0]=AZWxWmSly98tIJbvGPVunuGtK1cfz-xes3a4Qsmn2tL6_LedD9hl0z2E_YLzzk7EWSldoUsNwpuFL0wQFZWfjTEbBTc0cB1MzTp6KelOxLn-OsXv3ZmTJm3FgdBH8I4tTLzI_hy-h535c52GkNOPTs0_6IHhuWJezqWYAg5a0R5B6vBxWKJv-4Q42ck-0Ic0igc&amp;__tn__=*NK-R\">#elcubocenter<\/a><a href=\"https:\/\/www.facebook.com\/hashtag\/metroredes?__eep__=6&amp;__cft__[0]=AZWxWmSly98tIJbvGPVunuGtK1cfz-xes3a4Qsmn2tL6_LedD9hl0z2E_YLzzk7EWSldoUsNwpuFL0wQFZWfjTEbBTc0cB1MzTp6KelOxLn-OsXv3ZmTJm3FgdBH8I4tTLzI_hy-h535c52GkNOPTs0_6IHhuWJezqWYAg5a0R5B6vBxWKJv-4Q42ck-0Ic0igc&amp;__tn__=*NK-R\">#metroredes<\/a><a href=\"https:\/\/www.facebook.com\/hashtag\/elmetropolitano?__eep__=6&amp;__cft__[0]=AZWxWmSly98tIJbvGPVunuGtK1cfz-xes3a4Qsmn2tL6_LedD9hl0z2E_YLzzk7EWSldoUsNwpuFL0wQFZWfjTEbBTc0cB1MzTp6KelOxLn-OsXv3ZmTJm3FgdBH8I4tTLzI_hy-h535c52GkNOPTs0_6IHhuWJezqWYAg5a0R5B6vBxWKJv-4Q42ck-0Ic0igc&amp;__tn__=*NK-R\">#ElMetropolitano<\/a><\/p>\n\n\n\n<figure class=\"wp-block-gallery has-nested-images columns-default is-cropped wp-block-gallery-1 is-layout-flex wp-block-gallery-is-layout-flex\">\n<figure class=\"wp-block-image size-large\"><img loading=\"lazy\" decoding=\"async\" width=\"1024\" height=\"683\" data-id=\"61181\" src=\"https:\/\/elmetropolitano.com.gt\/es\/wp-content\/uploads\/2023\/02\/329772319_888575092393231_1940526591563094990_n-1024x683.jpg\" alt=\"\" class=\"wp-image-61181\" srcset=\"https:\/\/elmetropolitano.com.gt\/es\/wp-content\/uploads\/2023\/02\/329772319_888575092393231_1940526591563094990_n-1024x683.jpg 1024w, https:\/\/elmetropolitano.com.gt\/es\/wp-content\/uploads\/2023\/02\/329772319_888575092393231_1940526591563094990_n-300x200.jpg 300w, https:\/\/elmetropolitano.com.gt\/es\/wp-content\/uploads\/2023\/02\/329772319_888575092393231_1940526591563094990_n-768x512.jpg 768w, https:\/\/elmetropolitano.com.gt\/es\/wp-content\/uploads\/2023\/02\/329772319_888575092393231_1940526591563094990_n-1536x1024.jpg 1536w, https:\/\/elmetropolitano.com.gt\/es\/wp-content\/uploads\/2023\/02\/329772319_888575092393231_1940526591563094990_n-600x400.jpg 600w, https:\/\/elmetropolitano.com.gt\/es\/wp-content\/uploads\/2023\/02\/329772319_888575092393231_1940526591563094990_n.jpg 2048w\" sizes=\"auto, (max-width: 1024px) 100vw, 1024px\" \/><\/figure>\n\n\n\n<figure class=\"wp-block-image size-large\"><img loading=\"lazy\" decoding=\"async\" width=\"1024\" height=\"683\" data-id=\"61182\" src=\"https:\/\/elmetropolitano.com.gt\/es\/wp-content\/uploads\/2023\/02\/329909773_515419994044782_7793352237949667191_n-1024x683.jpg\" alt=\"\" class=\"wp-image-61182\" srcset=\"https:\/\/elmetropolitano.com.gt\/es\/wp-content\/uploads\/2023\/02\/329909773_515419994044782_7793352237949667191_n-1024x683.jpg 1024w, https:\/\/elmetropolitano.com.gt\/es\/wp-content\/uploads\/2023\/02\/329909773_515419994044782_7793352237949667191_n-300x200.jpg 300w, https:\/\/elmetropolitano.com.gt\/es\/wp-content\/uploads\/2023\/02\/329909773_515419994044782_7793352237949667191_n-768x512.jpg 768w, https:\/\/elmetropolitano.com.gt\/es\/wp-content\/uploads\/2023\/02\/329909773_515419994044782_7793352237949667191_n-1536x1024.jpg 1536w, https:\/\/elmetropolitano.com.gt\/es\/wp-content\/uploads\/2023\/02\/329909773_515419994044782_7793352237949667191_n-600x400.jpg 600w, https:\/\/elmetropolitano.com.gt\/es\/wp-content\/uploads\/2023\/02\/329909773_515419994044782_7793352237949667191_n.jpg 2048w\" sizes=\"auto, (max-width: 1024px) 100vw, 1024px\" \/><\/figure>\n\n\n\n<figure class=\"wp-block-image size-large\"><img loading=\"lazy\" decoding=\"async\" width=\"1024\" height=\"683\" data-id=\"61183\" src=\"https:\/\/elmetropolitano.com.gt\/es\/wp-content\/uploads\/2023\/02\/331396356_729217135275781_5478029775507378856_n-1024x683.jpg\" alt=\"\" class=\"wp-image-61183\" srcset=\"https:\/\/elmetropolitano.com.gt\/es\/wp-content\/uploads\/2023\/02\/331396356_729217135275781_5478029775507378856_n-1024x683.jpg 1024w, https:\/\/elmetropolitano.com.gt\/es\/wp-content\/uploads\/2023\/02\/331396356_729217135275781_5478029775507378856_n-300x200.jpg 300w, https:\/\/elmetropolitano.com.gt\/es\/wp-content\/uploads\/2023\/02\/331396356_729217135275781_5478029775507378856_n-768x512.jpg 768w, https:\/\/elmetropolitano.com.gt\/es\/wp-content\/uploads\/2023\/02\/331396356_729217135275781_5478029775507378856_n-1536x1024.jpg 1536w, https:\/\/elmetropolitano.com.gt\/es\/wp-content\/uploads\/2023\/02\/331396356_729217135275781_5478029775507378856_n-600x400.jpg 600w, https:\/\/elmetropolitano.com.gt\/es\/wp-content\/uploads\/2023\/02\/331396356_729217135275781_5478029775507378856_n.jpg 2048w\" sizes=\"auto, (max-width: 1024px) 100vw, 1024px\" \/><\/figure>\n<\/figure>\n","protected":false},"excerpt":{"rendered":"<p>El Cubo Center es el centro de negocios en Antigua Guatemala que tiene como principal visi\u00f3n crear m\u00e1s y mejor trabajo. Desde que fue fundado en 2021 ha enfocado sus esfuerzos en ofrecer espacios para oficinas, coworking, eventos corporativos y capacitaciones. Durante el \u00faltimo a\u00f1o sus operaciones crecieron un 75%, ya que solo en 2022 <a class=\"read-more\" href=\"https:\/\/elmetropolitano.com.gt\/es\/suenos-y-economia-que-crecen-en-mas-de-cuatro-paredes\/\">Leer m\u00e1s<\/a><\/p>\n","protected":false},"author":1,"featured_media":61180,"comment_status":"open","ping_status":"closed","sticky":false,"template":"","format":"standard","meta":{"footnotes":""},"categories":[31],"tags":[32],"class_list":["post-61179","post","type-post","status-publish","format-standard","has-post-thumbnail","hentry","category-metroimpulso","tag-metroimpulso"],"_links":{"self":[{"href":"https:\/\/elmetropolitano.com.gt\/es\/wp-json\/wp\/v2\/posts\/61179","targetHints":{"allow":["GET"]}}],"collection":[{"href":"https:\/\/elmetropolitano.com.gt\/es\/wp-json\/wp\/v2\/posts"}],"about":[{"href":"https:\/\/elmetropolitano.com.gt\/es\/wp-json\/wp\/v2\/types\/post"}],"author":[{"embeddable":true,"href":"https:\/\/elmetropolitano.com.gt\/es\/wp-json\/wp\/v2\/users\/1"}],"replies":[{"embeddable":true,"href":"https:\/\/elmetropolitano.com.gt\/es\/wp-json\/wp\/v2\/comments?post=61179"}],"version-history":[{"count":1,"href":"https:\/\/elmetropolitano.com.gt\/es\/wp-json\/wp\/v2\/posts\/61179\/revisions"}],"predecessor-version":[{"id":61184,"href":"https:\/\/elmetropolitano.com.gt\/es\/wp-json\/wp\/v2\/posts\/61179\/revisions\/61184"}],"wp:featuredmedia":[{"embeddable":true,"href":"https:\/\/elmetropolitano.com.gt\/es\/wp-json\/wp\/v2\/media\/61180"}],"wp:attachment":[{"href":"https:\/\/elmetropolitano.com.gt\/es\/wp-json\/wp\/v2\/media?parent=61179"}],"wp:term":[{"taxonomy":"category","embeddable":true,"href":"https:\/\/elmetropolitano.com.gt\/es\/wp-json\/wp\/v2\/categories?post=61179"},{"taxonomy":"post_tag","embeddable":true,"href":"https:\/\/elmetropolitano.com.gt\/es\/wp-json\/wp\/v2\/tags?post=61179"}],"curies":[{"name":"wp","href":"https:\/\/api.w.org\/{rel}","templated":true}]}}