{"id":61185,"date":"2023-02-16T08:59:36","date_gmt":"2023-02-16T14:59:36","guid":{"rendered":"https:\/\/elmetropolitano.com.gt\/es\/?p=61185"},"modified":"2023-02-16T08:59:37","modified_gmt":"2023-02-16T14:59:37","slug":"covial-finaliza-trabajos-en-tramo-de-la-ruta-nacional-14","status":"publish","type":"post","link":"https:\/\/elmetropolitano.com.gt\/es\/covial-finaliza-trabajos-en-tramo-de-la-ruta-nacional-14\/","title":{"rendered":"Covial finaliza trabajos en tramo de la ruta nacional 14"},"content":{"rendered":"\n<p>El paso vehicular en el kil\u00f3metro 90.7 de la Ruta Nacional 14, en jurisdicci\u00f3n de San Juan Alotenango, Sacatep\u00e9quez, ha quedado libre en ambos carriles, despu\u00e9s de los trabajos realizados para retirar un derrumbe de grandes proporciones en ese punto.<\/p>\n\n\n\n<p>La <a><\/a>Unidad Ejecutora de Conservaci\u00f3n Vial (Covial) inform\u00f3 que este d\u00eda concluyeron las labores en la carretera que obstru\u00eda la circulaci\u00f3n hacia la costa sur.<\/p><div class=\"elmet-contenido\" id=\"elmet-3073798427\"><div class=\"elmet-adlabel\">Anuncios<\/div><div style=\"margin-top: 20px;margin-right: 20px;margin-bottom: 20px;margin-left: 20px;\" id=\"elmet-3717375019\"><a href=\"https:\/\/www.facebook.com\/arrincuanantigua\/\" aria-label=\"cintillo-arrin-cual\"><img loading=\"lazy\" decoding=\"async\" src=\"https:\/\/elmetropolitano.com.gt\/es\/wp-content\/uploads\/2021\/11\/cintillo-arrin-cual-1.jpg\" alt=\"\"  srcset=\"https:\/\/elmetropolitano.com.gt\/es\/wp-content\/uploads\/2021\/11\/cintillo-arrin-cual-1.jpg 750w, https:\/\/elmetropolitano.com.gt\/es\/wp-content\/uploads\/2021\/11\/cintillo-arrin-cual-1-300x36.jpg 300w, https:\/\/elmetropolitano.com.gt\/es\/wp-content\/uploads\/2021\/11\/cintillo-arrin-cual-1-600x72.jpg 600w\" sizes=\"(max-width: 750px) 100vw, 750px\" width=\"750\" height=\"90\"   \/><\/a><\/div><\/div>\n\n\n\n<p>A decir de las autoridades, termin\u00f3 la primera fase de los trabajos, ya que a\u00fan hay inestabilidad por la formaci\u00f3n rocosa y \u00e1ngulo de reposo que se form\u00f3 en el \u00e1rea afectada. Tambi\u00e9n hicieron ver que se har\u00e1 una evaluaci\u00f3n y una propuesta para la estabilizaci\u00f3n final del talud.<\/p>\n\n\n\n<p>Entretanto, se colocar\u00e1n se\u00f1ales de advertencia para que los automovilistas y motoristas tomen precauciones.<\/p>\n\n\n\n<p>Se prev\u00e9n trabajos para la estabilizaci\u00f3n definitiva del talud. \/Foto: Carlos Ar\u00edstides<\/p>\n\n\n\n<p>Debido a las constantes lluvias que afectan el territorio, la Brigada de Fuerzas Especiales del Ej\u00e9rcito se encuentra en apresto para apoyar a la poblaci\u00f3n ante cualquier situaci\u00f3n de emergencia, se inform\u00f3.<\/p>\n\n\n\n<p>Varias instituciones apoyaron durante la emergencia que se gener\u00f3 en el lugar. Entre estas figuran:<\/p>\n\n\n\n<p>Polic\u00eda Nacional Civil<\/p>\n\n\n\n<p>Polic\u00eda Municipal de Tr\u00e1nsito de San Juan Alotenango<\/p>\n\n\n\n<p>Gobernaci\u00f3n Departamental de Sacatep\u00e9quez<\/p>\n\n\n\n<p>Coordinadora Nacional para la Reducci\u00f3n de Desastres<\/p>\n\n\n\n<p>Mientras duraron los trabajos, se alternaron los horarios de circulaci\u00f3n en el tramo de la Ruta Nacional 14 que va de Alotenango a Las Lajas.<\/p>\n\n\n\n<p>Texto: Carlos Ar\u00edstides<\/p>\n\n\n\n<p>#metroredes<\/p>\n\n\n\n<figure class=\"wp-block-gallery has-nested-images columns-default is-cropped wp-block-gallery-1 is-layout-flex wp-block-gallery-is-layout-flex\">\n<figure class=\"wp-block-image size-large\"><img loading=\"lazy\" decoding=\"async\" width=\"960\" height=\"456\" data-id=\"61187\" src=\"https:\/\/elmetropolitano.com.gt\/es\/wp-content\/uploads\/2023\/02\/331145498_731201595130266_3381477217935606090_n.jpg\" alt=\"\" class=\"wp-image-61187\" srcset=\"https:\/\/elmetropolitano.com.gt\/es\/wp-content\/uploads\/2023\/02\/331145498_731201595130266_3381477217935606090_n.jpg 960w, https:\/\/elmetropolitano.com.gt\/es\/wp-content\/uploads\/2023\/02\/331145498_731201595130266_3381477217935606090_n-300x143.jpg 300w, https:\/\/elmetropolitano.com.gt\/es\/wp-content\/uploads\/2023\/02\/331145498_731201595130266_3381477217935606090_n-768x365.jpg 768w, https:\/\/elmetropolitano.com.gt\/es\/wp-content\/uploads\/2023\/02\/331145498_731201595130266_3381477217935606090_n-600x285.jpg 600w\" sizes=\"auto, (max-width: 960px) 100vw, 960px\" \/><\/figure>\n<\/figure>\n","protected":false},"excerpt":{"rendered":"<p>El paso vehicular en el kil\u00f3metro 90.7 de la Ruta Nacional 14, en jurisdicci\u00f3n de San Juan Alotenango, Sacatep\u00e9quez, ha quedado libre en ambos carriles, despu\u00e9s de los trabajos realizados para retirar un derrumbe de grandes proporciones en ese punto. La Unidad Ejecutora de Conservaci\u00f3n Vial (Covial) inform\u00f3 que este d\u00eda concluyeron las labores en <a class=\"read-more\" href=\"https:\/\/elmetropolitano.com.gt\/es\/covial-finaliza-trabajos-en-tramo-de-la-ruta-nacional-14\/\">Leer m\u00e1s<\/a><\/p>\n","protected":false},"author":1,"featured_media":61186,"comment_status":"open","ping_status":"closed","sticky":false,"template":"","format":"standard","meta":{"footnotes":""},"categories":[2],"tags":[12],"class_list":["post-61185","post","type-post","status-publish","format-standard","has-post-thumbnail","hentry","category-nacionales","tag-nacionales"],"_links":{"self":[{"href":"https:\/\/elmetropolitano.com.gt\/es\/wp-json\/wp\/v2\/posts\/61185","targetHints":{"allow":["GET"]}}],"collection":[{"href":"https:\/\/elmetropolitano.com.gt\/es\/wp-json\/wp\/v2\/posts"}],"about":[{"href":"https:\/\/elmetropolitano.com.gt\/es\/wp-json\/wp\/v2\/types\/post"}],"author":[{"embeddable":true,"href":"https:\/\/elmetropolitano.com.gt\/es\/wp-json\/wp\/v2\/users\/1"}],"replies":[{"embeddable":true,"href":"https:\/\/elmetropolitano.com.gt\/es\/wp-json\/wp\/v2\/comments?post=61185"}],"version-history":[{"count":1,"href":"https:\/\/elmetropolitano.com.gt\/es\/wp-json\/wp\/v2\/posts\/61185\/revisions"}],"predecessor-version":[{"id":61188,"href":"https:\/\/elmetropolitano.com.gt\/es\/wp-json\/wp\/v2\/posts\/61185\/revisions\/61188"}],"wp:featuredmedia":[{"embeddable":true,"href":"https:\/\/elmetropolitano.com.gt\/es\/wp-json\/wp\/v2\/media\/61186"}],"wp:attachment":[{"href":"https:\/\/elmetropolitano.com.gt\/es\/wp-json\/wp\/v2\/media?parent=61185"}],"wp:term":[{"taxonomy":"category","embeddable":true,"href":"https:\/\/elmetropolitano.com.gt\/es\/wp-json\/wp\/v2\/categories?post=61185"},{"taxonomy":"post_tag","embeddable":true,"href":"https:\/\/elmetropolitano.com.gt\/es\/wp-json\/wp\/v2\/tags?post=61185"}],"curies":[{"name":"wp","href":"https:\/\/api.w.org\/{rel}","templated":true}]}}