{"id":61214,"date":"2023-02-17T10:43:10","date_gmt":"2023-02-17T16:43:10","guid":{"rendered":"https:\/\/elmetropolitano.com.gt\/es\/?p=61214"},"modified":"2023-02-17T10:43:11","modified_gmt":"2023-02-17T16:43:11","slug":"fracasa-segundo-intento-de-interpelacion-a-cultura","status":"publish","type":"post","link":"https:\/\/elmetropolitano.com.gt\/es\/fracasa-segundo-intento-de-interpelacion-a-cultura\/","title":{"rendered":"Fracasa segundo intento de interpelaci\u00f3n a Cultura"},"content":{"rendered":"\n<p>Con la asistencia de 25 diputados marcados y con casi una hora de espera, fracas\u00f3 el segundo intento de interpelaci\u00f3n al ministro de Cultura y Deportes, Felipe Aguilar.<\/p>\n\n\n\n<p>En <a><\/a>esta ocasi\u00f3n le toc\u00f3 presidir para esta sesi\u00f3n de \u00abjueves de mentiritas\u00bb al congresista Sergio Arana.<\/p><div class=\"elmet-contenido\" id=\"elmet-1063028317\"><div class=\"elmet-adlabel\">Anuncios<\/div><div style=\"margin-top: 20px;margin-right: 20px;margin-bottom: 20px;margin-left: 20px;\" id=\"elmet-3629381474\"><a href=\"https:\/\/www.facebook.com\/arrincuanantigua\/\" aria-label=\"cintillo-arrin-cual\"><img loading=\"lazy\" decoding=\"async\" src=\"https:\/\/elmetropolitano.com.gt\/es\/wp-content\/uploads\/2021\/11\/cintillo-arrin-cual-1.jpg\" alt=\"\"  srcset=\"https:\/\/elmetropolitano.com.gt\/es\/wp-content\/uploads\/2021\/11\/cintillo-arrin-cual-1.jpg 750w, https:\/\/elmetropolitano.com.gt\/es\/wp-content\/uploads\/2021\/11\/cintillo-arrin-cual-1-300x36.jpg 300w, https:\/\/elmetropolitano.com.gt\/es\/wp-content\/uploads\/2021\/11\/cintillo-arrin-cual-1-600x72.jpg 600w\" sizes=\"(max-width: 750px) 100vw, 750px\" width=\"750\" height=\"90\"   \/><\/a><\/div><\/div>\n\n\n\n<p>Entre los 25 parlamentarios presentes se encontraba el diputado Eduardo Zachrisson quien pasada la media hora grit\u00f3 que se cierre la sesi\u00f3n.<\/p>\n\n\n\n<p>El presidente en funciones, Arana le pregunt\u00f3: \u00ab\u00bfya te quer\u00e9s ir pues? A lo que Zachrisson le respondi\u00f3: tengo otros compromisos y \u00abvengo a ver que son incumplidos\u00bb. Arana le dijo que se esperara.<\/p>\n\n\n\n<p>En ese momento el diputado interpelante Aldo D\u00e1vila empez\u00f3 a pasar lista de los 19 que estaban presentes en ese momento, en voz alta y ya transmit\u00eda su programa en faceboock.<\/p>\n\n\n\n<p>Y as\u00ed pas\u00f3 el tiempo para que Arana acompa\u00f1ado de Marvin Alvarado levantaran la sesi\u00f3n.<\/p>\n\n\n\n<p>Texto: Francisco Hurtarte Gordillo<\/p>\n\n\n\n<p><a href=\"https:\/\/www.facebook.com\/hashtag\/organismolegislativo?__eep__=6&amp;__cft__[0]=AZUZ8j4earXL3wkS88waBZgcJNGWrS7cJSU8rhj-T9jaDLXkobBKIrCh6OTg9b94apC8tPpxR954Oc-GBRAVlCJ87MViNnMFrMKGkJYXmN9Awd7p743B_Q0LgRhbNRmZzoeGjdCIM6u7R4yyAHMcBU83ABmZ1-egTVDFwV1CvHvPe-dzR_2dnXx66L5qZgSB5mA&amp;__tn__=*NK-R\">#OrganismoLegislativo<\/a><a href=\"https:\/\/www.facebook.com\/hashtag\/metroredes?__eep__=6&amp;__cft__[0]=AZUZ8j4earXL3wkS88waBZgcJNGWrS7cJSU8rhj-T9jaDLXkobBKIrCh6OTg9b94apC8tPpxR954Oc-GBRAVlCJ87MViNnMFrMKGkJYXmN9Awd7p743B_Q0LgRhbNRmZzoeGjdCIM6u7R4yyAHMcBU83ABmZ1-egTVDFwV1CvHvPe-dzR_2dnXx66L5qZgSB5mA&amp;__tn__=*NK-R\">#metroredes<\/a><a href=\"https:\/\/www.facebook.com\/hashtag\/congresodelarep%C3%BAblicagt?__eep__=6&amp;__cft__[0]=AZUZ8j4earXL3wkS88waBZgcJNGWrS7cJSU8rhj-T9jaDLXkobBKIrCh6OTg9b94apC8tPpxR954Oc-GBRAVlCJ87MViNnMFrMKGkJYXmN9Awd7p743B_Q0LgRhbNRmZzoeGjdCIM6u7R4yyAHMcBU83ABmZ1-egTVDFwV1CvHvPe-dzR_2dnXx66L5qZgSB5mA&amp;__tn__=*NK-R\">#CongresoDeLaRep\u00fablicaGT<\/a><\/p>\n\n\n\n<figure class=\"wp-block-gallery has-nested-images columns-default is-cropped wp-block-gallery-1 is-layout-flex wp-block-gallery-is-layout-flex\">\n<figure class=\"wp-block-image size-large\"><img loading=\"lazy\" decoding=\"async\" width=\"1024\" height=\"576\" data-id=\"61216\" src=\"https:\/\/elmetropolitano.com.gt\/es\/wp-content\/uploads\/2023\/02\/329962995_1004631440941667_5873834379914356911_n-1024x576.jpg\" alt=\"\" class=\"wp-image-61216\" srcset=\"https:\/\/elmetropolitano.com.gt\/es\/wp-content\/uploads\/2023\/02\/329962995_1004631440941667_5873834379914356911_n-1024x576.jpg 1024w, https:\/\/elmetropolitano.com.gt\/es\/wp-content\/uploads\/2023\/02\/329962995_1004631440941667_5873834379914356911_n-300x169.jpg 300w, https:\/\/elmetropolitano.com.gt\/es\/wp-content\/uploads\/2023\/02\/329962995_1004631440941667_5873834379914356911_n-768x432.jpg 768w, https:\/\/elmetropolitano.com.gt\/es\/wp-content\/uploads\/2023\/02\/329962995_1004631440941667_5873834379914356911_n-1536x864.jpg 1536w, https:\/\/elmetropolitano.com.gt\/es\/wp-content\/uploads\/2023\/02\/329962995_1004631440941667_5873834379914356911_n-600x337.jpg 600w, https:\/\/elmetropolitano.com.gt\/es\/wp-content\/uploads\/2023\/02\/329962995_1004631440941667_5873834379914356911_n.jpg 1599w\" sizes=\"auto, (max-width: 1024px) 100vw, 1024px\" \/><\/figure>\n\n\n\n<figure class=\"wp-block-image size-large\"><img loading=\"lazy\" decoding=\"async\" width=\"1024\" height=\"576\" data-id=\"61217\" src=\"https:\/\/elmetropolitano.com.gt\/es\/wp-content\/uploads\/2023\/02\/330457388_736654104629891_1461508315570314117_n-1024x576.jpg\" alt=\"\" class=\"wp-image-61217\" srcset=\"https:\/\/elmetropolitano.com.gt\/es\/wp-content\/uploads\/2023\/02\/330457388_736654104629891_1461508315570314117_n-1024x576.jpg 1024w, https:\/\/elmetropolitano.com.gt\/es\/wp-content\/uploads\/2023\/02\/330457388_736654104629891_1461508315570314117_n-300x169.jpg 300w, https:\/\/elmetropolitano.com.gt\/es\/wp-content\/uploads\/2023\/02\/330457388_736654104629891_1461508315570314117_n-768x432.jpg 768w, https:\/\/elmetropolitano.com.gt\/es\/wp-content\/uploads\/2023\/02\/330457388_736654104629891_1461508315570314117_n-1536x864.jpg 1536w, https:\/\/elmetropolitano.com.gt\/es\/wp-content\/uploads\/2023\/02\/330457388_736654104629891_1461508315570314117_n-600x337.jpg 600w, https:\/\/elmetropolitano.com.gt\/es\/wp-content\/uploads\/2023\/02\/330457388_736654104629891_1461508315570314117_n.jpg 1599w\" sizes=\"auto, (max-width: 1024px) 100vw, 1024px\" \/><\/figure>\n<\/figure>\n","protected":false},"excerpt":{"rendered":"<p>Con la asistencia de 25 diputados marcados y con casi una hora de espera, fracas\u00f3 el segundo intento de interpelaci\u00f3n al ministro de Cultura y Deportes, Felipe Aguilar. En esta ocasi\u00f3n le toc\u00f3 presidir para esta sesi\u00f3n de \u00abjueves de mentiritas\u00bb al congresista Sergio Arana. Entre los 25 parlamentarios presentes se encontraba el diputado Eduardo <a class=\"read-more\" href=\"https:\/\/elmetropolitano.com.gt\/es\/fracasa-segundo-intento-de-interpelacion-a-cultura\/\">Leer m\u00e1s<\/a><\/p>\n","protected":false},"author":1,"featured_media":61215,"comment_status":"open","ping_status":"closed","sticky":false,"template":"","format":"standard","meta":{"footnotes":""},"categories":[2],"tags":[12],"class_list":["post-61214","post","type-post","status-publish","format-standard","has-post-thumbnail","hentry","category-nacionales","tag-nacionales"],"_links":{"self":[{"href":"https:\/\/elmetropolitano.com.gt\/es\/wp-json\/wp\/v2\/posts\/61214","targetHints":{"allow":["GET"]}}],"collection":[{"href":"https:\/\/elmetropolitano.com.gt\/es\/wp-json\/wp\/v2\/posts"}],"about":[{"href":"https:\/\/elmetropolitano.com.gt\/es\/wp-json\/wp\/v2\/types\/post"}],"author":[{"embeddable":true,"href":"https:\/\/elmetropolitano.com.gt\/es\/wp-json\/wp\/v2\/users\/1"}],"replies":[{"embeddable":true,"href":"https:\/\/elmetropolitano.com.gt\/es\/wp-json\/wp\/v2\/comments?post=61214"}],"version-history":[{"count":1,"href":"https:\/\/elmetropolitano.com.gt\/es\/wp-json\/wp\/v2\/posts\/61214\/revisions"}],"predecessor-version":[{"id":61218,"href":"https:\/\/elmetropolitano.com.gt\/es\/wp-json\/wp\/v2\/posts\/61214\/revisions\/61218"}],"wp:featuredmedia":[{"embeddable":true,"href":"https:\/\/elmetropolitano.com.gt\/es\/wp-json\/wp\/v2\/media\/61215"}],"wp:attachment":[{"href":"https:\/\/elmetropolitano.com.gt\/es\/wp-json\/wp\/v2\/media?parent=61214"}],"wp:term":[{"taxonomy":"category","embeddable":true,"href":"https:\/\/elmetropolitano.com.gt\/es\/wp-json\/wp\/v2\/categories?post=61214"},{"taxonomy":"post_tag","embeddable":true,"href":"https:\/\/elmetropolitano.com.gt\/es\/wp-json\/wp\/v2\/tags?post=61214"}],"curies":[{"name":"wp","href":"https:\/\/api.w.org\/{rel}","templated":true}]}}