{"id":61225,"date":"2023-02-17T10:55:15","date_gmt":"2023-02-17T16:55:15","guid":{"rendered":"https:\/\/elmetropolitano.com.gt\/es\/?p=61225"},"modified":"2023-02-17T10:55:16","modified_gmt":"2023-02-17T16:55:16","slug":"abre-en-la-antigua-guatemala-el-centro-cultural-nestle","status":"publish","type":"post","link":"https:\/\/elmetropolitano.com.gt\/es\/abre-en-la-antigua-guatemala-el-centro-cultural-nestle\/","title":{"rendered":"Abre en La Antigua Guatemala el Centro Cultural Nestl\u00e9"},"content":{"rendered":"\n<p>Nestl\u00e9 empresa l\u00edder en nutrici\u00f3n, salud y bienestar anunci\u00f3 la apertura del Centro Cultural Nestl\u00e9, su primer centro cultural en Centroam\u00e9rica, el cual se localiza a un costado de la f\u00e1brica que la compa\u00f1\u00eda tiene en las afueras de Antigua Guatemala. El nuevo centro recreativo y educativo fue concebido como un espacio que re\u00fane la herencia culinaria de los guatemaltecos con la industrializaci\u00f3n en el pa\u00eds.<\/p>\n\n\n\n<p>Con <a><\/a>una inversi\u00f3n de USD 2 millones, el espacio cuenta con m\u00e1s de 22,700mt2 -un 25% del total del \u00e1rea de toda la instalaci\u00f3n de F\u00e1brica Nestl\u00e9 Antigua- y hace una remembranza a la historia que dio vida al magn\u00edfico mundo de los alimentos.<\/p><div class=\"elmet-contenido\" id=\"elmet-2685124247\"><div class=\"elmet-adlabel\">Anuncios<\/div><div style=\"margin-top: 20px;margin-right: 20px;margin-bottom: 20px;margin-left: 20px;\" id=\"elmet-4011757767\"><a href=\"https:\/\/www.facebook.com\/arrincuanantigua\/\" aria-label=\"cintillo-arrin-cual\"><img loading=\"lazy\" decoding=\"async\" src=\"https:\/\/elmetropolitano.com.gt\/es\/wp-content\/uploads\/2021\/11\/cintillo-arrin-cual-1.jpg\" alt=\"\"  srcset=\"https:\/\/elmetropolitano.com.gt\/es\/wp-content\/uploads\/2021\/11\/cintillo-arrin-cual-1.jpg 750w, https:\/\/elmetropolitano.com.gt\/es\/wp-content\/uploads\/2021\/11\/cintillo-arrin-cual-1-300x36.jpg 300w, https:\/\/elmetropolitano.com.gt\/es\/wp-content\/uploads\/2021\/11\/cintillo-arrin-cual-1-600x72.jpg 600w\" sizes=\"(max-width: 750px) 100vw, 750px\" width=\"750\" height=\"90\"   \/><\/a><\/div><\/div>\n\n\n\n<p>Una de las \u00e1reas m\u00e1s novedosas es el espacio interactivo Jujul, construido con base a los est\u00e1ndares de una casa colonial de la ciudad de Antigua Guatemala. Se trata de un museo audiovisual en el que, a trav\u00e9s de charlas animadas y juegos, se busca sensibilizar a ni\u00f1os, j\u00f3venes y adultos sobre temas enfocados en la nutrici\u00f3n y sostenibilidad. Este espacio es atendido por un gu\u00eda muy especial llamado Ju, un personaje digital con nombre en kaqchikel que resalta la cultura del pa\u00eds.<\/p>\n\n\n\n<p>El Centro Cultural Nestl\u00e9 cuenta con varias salas interactivas en las que se muestran los compromisos de Nestl\u00e9 en importantes temas como la producci\u00f3n, el medio ambiente, la agricultura, la gesti\u00f3n de desechos, agua y nutrici\u00f3n, entre otros. A trav\u00e9s de pantallas y juegos, los visitantes pueden explorar estos temas y conocer c\u00f3mo la compa\u00f1\u00eda contribuye a afrontar los desaf\u00edos que estos llevan impl\u00edcitos.<\/p>\n\n\n\n<p>\u201cEsta inauguraci\u00f3n forma parte del compromiso de Nestl\u00e9 con Centroam\u00e9rica. Este gran centro cultural se convertir\u00e1 en el coraz\u00f3n del aprendizaje, diversi\u00f3n y esparcimiento de las futuras generaciones de la comunidad, el pa\u00eds y la regi\u00f3n. Representa un gran aporte en la construcci\u00f3n de nuestra estrategia de creaci\u00f3n de valor compartido y el compromiso que tenemos para el desarrollo de las comunidades en las que operamos\u201d, indic\u00f3 Pedro Oliva, director de comunicaciones para Nestl\u00e9 Centroam\u00e9rica.<\/p>\n\n\n\n<p>La apertura de este complejo reafirma el compromiso de Nestl\u00e9 con Guatemala, un lazo que ha perdurado por m\u00e1s de 85 a\u00f1os, consolid\u00e1ndose en el pa\u00eds como la empresa l\u00edder en nutrici\u00f3n salud y bienestar, atendiendo las necesidades alimenticias de tres generaciones de guatemaltecos.<\/p>\n\n\n\n<p>\u201cEl Centro Cultural Nestl\u00e9 es el coraz\u00f3n culinario de Am\u00e9rica, un espacio de aprendizaje, diversi\u00f3n y esparcimiento para la comunidad antig\u00fce\u00f1a, Guatemala y Centroam\u00e9rica. Estamos muy orgullosos de regalarle al mundo un lugar tan importante como este, ya que a partir de hoy forma parte del legado de Nestl\u00e9 en Guatemala y es un claro ejemplo de nuestro esfuerzo para mejorar la calidad de vida de las personas, hoy y para las futuras generaciones, a trav\u00e9s del poder de la alimentaci\u00f3n\u201d, se\u00f1al\u00f3 Patricio Astolfi, director general de Nestl\u00e9 Guatemala.<\/p>\n\n\n\n<p>Astolfi resalt\u00f3 que el Centro Cultural Nestl\u00e9 es un espacio de conocimiento, diversidad y aprendizaje, una vuelta a los or\u00edgenes de Nestl\u00e9 y un reconocimiento al buen desempe\u00f1o y trabajo de Nestl\u00e9 F\u00e1brica Antigua. \u201cUn lugar dedicado a la cultura y el entretenimiento, donde compartimos con los guatemaltecos nuestra pasi\u00f3n por la nutrici\u00f3n y nuestros valores\u201d, finaliz\u00f3.<\/p>\n\n\n\n<p>El primer Centro Cultural de Nestl\u00e9 en Centroam\u00e9rica estar\u00e1 disponible inicialmente para escuelas y centros educativos. Toda la informaci\u00f3n y requisitos de ingreso estar\u00e1 disponible en la p\u00e1gina <a href=\"https:\/\/l.facebook.com\/l.php?u=http%3A%2F%2Fwww.nestlecentroamerica.com%2F%3Ffbclid%3DIwAR2eotZe2qFpHUCdJEAo2vYE45ClFOH1y3WuXEU37_RYjrVjXPLh5vM6Dtw&amp;h=AT1pEEE7H4JPZZlf-XuC3ihjLN027iBSRRkXDTN-ACoFh2Xpqum5-_NeozWbCJ0D_SArVZW39xakzQKAAOViSmzY9dNabCk8gUA_J9-XapoHyzRC5bA_F17UxkLvZrQEhg&amp;__tn__=-UK-R&amp;c[0]=AT25RepxnFoN80OtXtdI1ZvOgdqYcy9D-FYA8E8yDi4zlQT3Rvy7bPzMimfLZTtQ38f9ZXEFyDWlf11YbhCCGq5O9Vb3UFSB-gGfP0pFF_msqozh8g7l8zukUdDmcj8_GW-A6Pm2nigrXizItG1pS9Y6F5R6qdqtY9mRqSG7CtjzTOQPaN3Bqa_XIaLhXfV6-TSQP5qqI2I2\" rel=\"noreferrer noopener\" target=\"_blank\">www.nestlecentroamerica.com<\/a> a partir del mes de abril.<\/p>\n\n\n\n<p>Con la inauguraci\u00f3n del Centro Cultural Nestl\u00e9, la compa\u00f1\u00eda ratifica su compromiso con Guatemala, impulsando la econom\u00eda del pa\u00eds y creando importantes oportunidades para el desarrollo y progreso de Antigua Guatemala, un municipio privilegiado que hoy se convierte en sede de un espacio \u00fanico en su clase.<\/p>\n\n\n\n<p>Dispone de distintos<\/p>\n\n\n\n<p>ambientes tales como:<\/p>\n\n\n\n<p>\u2022Museo Jujul, la tierra de los alimentos: un espacio interactivo en el que sus pasillos y rincones llevan a los visitantes de la mano por un viaje a la historia de la humanidad y de los alimentos.<\/p>\n\n\n\n<p>\u2022El bosque e invernadero I\u2019x, la tierra del ma\u00edz: lugar en el que germina y florecen los alimentos.<\/p>\n\n\n\n<p>\u2022Aj, la tierra de la juventud: el destino ideal para las visitas de los m\u00e1s peque\u00f1os.<\/p>\n\n\n\n<p>\u2022Iq, la tierra de las leyendas: un patio que ser\u00e1 el centro de reuni\u00f3n para las familias que disfrutan de los tradicionales juegos de pelota.<\/p>\n\n\n\n<p>\u2022Smart Flowers: novedosos paneles solares inspirados en girasoles que alimentan de energ\u00eda al centro cultural.<\/p>\n\n\n\n<p><a href=\"https:\/\/www.facebook.com\/hashtag\/metroredes?__eep__=6&amp;__cft__[0]=AZVrykxOstfYvLP2iIGRpEmcyBtlsobjkJy8ndFPqHXF9ItoZ5shmdWlOo10y6Fi-0TjAvH7PtFRIm5mzgXUsMh7qE1HMm4cpxXPiK1nFl8MxaCS6FhIiMz9up89Jtv8Stqw1_9mOTvpeIXDFlk0omu3tW6nCh22RLkA3W_gPQShULf7u0J8u6-0uzNEFF23Cm8&amp;__tn__=*NK-R\">#metroredes<\/a><a href=\"https:\/\/www.facebook.com\/hashtag\/ayuntamientoantigua?__eep__=6&amp;__cft__[0]=AZVrykxOstfYvLP2iIGRpEmcyBtlsobjkJy8ndFPqHXF9ItoZ5shmdWlOo10y6Fi-0TjAvH7PtFRIm5mzgXUsMh7qE1HMm4cpxXPiK1nFl8MxaCS6FhIiMz9up89Jtv8Stqw1_9mOTvpeIXDFlk0omu3tW6nCh22RLkA3W_gPQShULf7u0J8u6-0uzNEFF23Cm8&amp;__tn__=*NK-R\">#ayuntamientoantigua<\/a><a href=\"https:\/\/www.facebook.com\/hashtag\/nestle?__eep__=6&amp;__cft__[0]=AZVrykxOstfYvLP2iIGRpEmcyBtlsobjkJy8ndFPqHXF9ItoZ5shmdWlOo10y6Fi-0TjAvH7PtFRIm5mzgXUsMh7qE1HMm4cpxXPiK1nFl8MxaCS6FhIiMz9up89Jtv8Stqw1_9mOTvpeIXDFlk0omu3tW6nCh22RLkA3W_gPQShULf7u0J8u6-0uzNEFF23Cm8&amp;__tn__=*NK-R\">#Nestle<\/a><a href=\"https:\/\/www.facebook.com\/hashtag\/elmetropolitano?__eep__=6&amp;__cft__[0]=AZVrykxOstfYvLP2iIGRpEmcyBtlsobjkJy8ndFPqHXF9ItoZ5shmdWlOo10y6Fi-0TjAvH7PtFRIm5mzgXUsMh7qE1HMm4cpxXPiK1nFl8MxaCS6FhIiMz9up89Jtv8Stqw1_9mOTvpeIXDFlk0omu3tW6nCh22RLkA3W_gPQShULf7u0J8u6-0uzNEFF23Cm8&amp;__tn__=*NK-R\">#ElMetropolitano<\/a><\/p>\n\n\n\n<figure class=\"wp-block-gallery has-nested-images columns-default is-cropped wp-block-gallery-1 is-layout-flex wp-block-gallery-is-layout-flex\">\n<figure class=\"wp-block-image size-large\"><img loading=\"lazy\" decoding=\"async\" width=\"1024\" height=\"683\" data-id=\"61231\" src=\"https:\/\/elmetropolitano.com.gt\/es\/wp-content\/uploads\/2023\/02\/329388164_639385434542032_5918861893513276990_n-1024x683.jpg\" alt=\"\" class=\"wp-image-61231\" srcset=\"https:\/\/elmetropolitano.com.gt\/es\/wp-content\/uploads\/2023\/02\/329388164_639385434542032_5918861893513276990_n-1024x683.jpg 1024w, https:\/\/elmetropolitano.com.gt\/es\/wp-content\/uploads\/2023\/02\/329388164_639385434542032_5918861893513276990_n-300x200.jpg 300w, https:\/\/elmetropolitano.com.gt\/es\/wp-content\/uploads\/2023\/02\/329388164_639385434542032_5918861893513276990_n-768x512.jpg 768w, https:\/\/elmetropolitano.com.gt\/es\/wp-content\/uploads\/2023\/02\/329388164_639385434542032_5918861893513276990_n-1536x1024.jpg 1536w, https:\/\/elmetropolitano.com.gt\/es\/wp-content\/uploads\/2023\/02\/329388164_639385434542032_5918861893513276990_n-600x400.jpg 600w, https:\/\/elmetropolitano.com.gt\/es\/wp-content\/uploads\/2023\/02\/329388164_639385434542032_5918861893513276990_n.jpg 1600w\" sizes=\"auto, (max-width: 1024px) 100vw, 1024px\" \/><\/figure>\n\n\n\n<figure class=\"wp-block-image size-large\"><img loading=\"lazy\" decoding=\"async\" width=\"1024\" height=\"682\" data-id=\"61228\" src=\"https:\/\/elmetropolitano.com.gt\/es\/wp-content\/uploads\/2023\/02\/330838584_9118098871541373_1899763459283372699_n-1024x682.jpg\" alt=\"\" class=\"wp-image-61228\" srcset=\"https:\/\/elmetropolitano.com.gt\/es\/wp-content\/uploads\/2023\/02\/330838584_9118098871541373_1899763459283372699_n-1024x682.jpg 1024w, https:\/\/elmetropolitano.com.gt\/es\/wp-content\/uploads\/2023\/02\/330838584_9118098871541373_1899763459283372699_n-300x200.jpg 300w, https:\/\/elmetropolitano.com.gt\/es\/wp-content\/uploads\/2023\/02\/330838584_9118098871541373_1899763459283372699_n-768x512.jpg 768w, https:\/\/elmetropolitano.com.gt\/es\/wp-content\/uploads\/2023\/02\/330838584_9118098871541373_1899763459283372699_n-1536x1023.jpg 1536w, https:\/\/elmetropolitano.com.gt\/es\/wp-content\/uploads\/2023\/02\/330838584_9118098871541373_1899763459283372699_n-600x400.jpg 600w, https:\/\/elmetropolitano.com.gt\/es\/wp-content\/uploads\/2023\/02\/330838584_9118098871541373_1899763459283372699_n.jpg 1600w\" sizes=\"auto, (max-width: 1024px) 100vw, 1024px\" \/><\/figure>\n\n\n\n<figure class=\"wp-block-image size-large\"><img loading=\"lazy\" decoding=\"async\" width=\"1024\" height=\"683\" data-id=\"61229\" src=\"https:\/\/elmetropolitano.com.gt\/es\/wp-content\/uploads\/2023\/02\/331414810_882106776369869_6656043142289854615_n-1024x683.jpg\" alt=\"\" class=\"wp-image-61229\" srcset=\"https:\/\/elmetropolitano.com.gt\/es\/wp-content\/uploads\/2023\/02\/331414810_882106776369869_6656043142289854615_n-1024x683.jpg 1024w, https:\/\/elmetropolitano.com.gt\/es\/wp-content\/uploads\/2023\/02\/331414810_882106776369869_6656043142289854615_n-300x200.jpg 300w, https:\/\/elmetropolitano.com.gt\/es\/wp-content\/uploads\/2023\/02\/331414810_882106776369869_6656043142289854615_n-768x512.jpg 768w, https:\/\/elmetropolitano.com.gt\/es\/wp-content\/uploads\/2023\/02\/331414810_882106776369869_6656043142289854615_n-1536x1024.jpg 1536w, https:\/\/elmetropolitano.com.gt\/es\/wp-content\/uploads\/2023\/02\/331414810_882106776369869_6656043142289854615_n-600x400.jpg 600w, https:\/\/elmetropolitano.com.gt\/es\/wp-content\/uploads\/2023\/02\/331414810_882106776369869_6656043142289854615_n.jpg 1600w\" sizes=\"auto, (max-width: 1024px) 100vw, 1024px\" \/><\/figure>\n\n\n\n<figure class=\"wp-block-image size-large\"><img loading=\"lazy\" decoding=\"async\" width=\"960\" height=\"640\" data-id=\"61230\" src=\"https:\/\/elmetropolitano.com.gt\/es\/wp-content\/uploads\/2023\/02\/331779849_934248814266751_6976300517488421651_n.jpg\" alt=\"\" class=\"wp-image-61230\" srcset=\"https:\/\/elmetropolitano.com.gt\/es\/wp-content\/uploads\/2023\/02\/331779849_934248814266751_6976300517488421651_n.jpg 960w, https:\/\/elmetropolitano.com.gt\/es\/wp-content\/uploads\/2023\/02\/331779849_934248814266751_6976300517488421651_n-300x200.jpg 300w, https:\/\/elmetropolitano.com.gt\/es\/wp-content\/uploads\/2023\/02\/331779849_934248814266751_6976300517488421651_n-768x512.jpg 768w, https:\/\/elmetropolitano.com.gt\/es\/wp-content\/uploads\/2023\/02\/331779849_934248814266751_6976300517488421651_n-600x400.jpg 600w\" sizes=\"auto, (max-width: 960px) 100vw, 960px\" \/><\/figure>\n\n\n\n<figure class=\"wp-block-image size-large\"><img loading=\"lazy\" decoding=\"async\" width=\"960\" height=\"640\" data-id=\"61227\" src=\"https:\/\/elmetropolitano.com.gt\/es\/wp-content\/uploads\/2023\/02\/331826924_1544316069385765_4946046988305398210_n.jpg\" alt=\"\" class=\"wp-image-61227\" srcset=\"https:\/\/elmetropolitano.com.gt\/es\/wp-content\/uploads\/2023\/02\/331826924_1544316069385765_4946046988305398210_n.jpg 960w, https:\/\/elmetropolitano.com.gt\/es\/wp-content\/uploads\/2023\/02\/331826924_1544316069385765_4946046988305398210_n-300x200.jpg 300w, https:\/\/elmetropolitano.com.gt\/es\/wp-content\/uploads\/2023\/02\/331826924_1544316069385765_4946046988305398210_n-768x512.jpg 768w, https:\/\/elmetropolitano.com.gt\/es\/wp-content\/uploads\/2023\/02\/331826924_1544316069385765_4946046988305398210_n-600x400.jpg 600w\" sizes=\"auto, (max-width: 960px) 100vw, 960px\" \/><\/figure>\n<\/figure>\n","protected":false},"excerpt":{"rendered":"<p>Nestl\u00e9 empresa l\u00edder en nutrici\u00f3n, salud y bienestar anunci\u00f3 la apertura del Centro Cultural Nestl\u00e9, su primer centro cultural en Centroam\u00e9rica, el cual se localiza a un costado de la f\u00e1brica que la compa\u00f1\u00eda tiene en las afueras de Antigua Guatemala. El nuevo centro recreativo y educativo fue concebido como un espacio que re\u00fane la <a class=\"read-more\" href=\"https:\/\/elmetropolitano.com.gt\/es\/abre-en-la-antigua-guatemala-el-centro-cultural-nestle\/\">Leer m\u00e1s<\/a><\/p>\n","protected":false},"author":1,"featured_media":61226,"comment_status":"open","ping_status":"closed","sticky":false,"template":"","format":"standard","meta":{"footnotes":""},"categories":[31],"tags":[32],"class_list":["post-61225","post","type-post","status-publish","format-standard","has-post-thumbnail","hentry","category-metroimpulso","tag-metroimpulso"],"_links":{"self":[{"href":"https:\/\/elmetropolitano.com.gt\/es\/wp-json\/wp\/v2\/posts\/61225","targetHints":{"allow":["GET"]}}],"collection":[{"href":"https:\/\/elmetropolitano.com.gt\/es\/wp-json\/wp\/v2\/posts"}],"about":[{"href":"https:\/\/elmetropolitano.com.gt\/es\/wp-json\/wp\/v2\/types\/post"}],"author":[{"embeddable":true,"href":"https:\/\/elmetropolitano.com.gt\/es\/wp-json\/wp\/v2\/users\/1"}],"replies":[{"embeddable":true,"href":"https:\/\/elmetropolitano.com.gt\/es\/wp-json\/wp\/v2\/comments?post=61225"}],"version-history":[{"count":1,"href":"https:\/\/elmetropolitano.com.gt\/es\/wp-json\/wp\/v2\/posts\/61225\/revisions"}],"predecessor-version":[{"id":61232,"href":"https:\/\/elmetropolitano.com.gt\/es\/wp-json\/wp\/v2\/posts\/61225\/revisions\/61232"}],"wp:featuredmedia":[{"embeddable":true,"href":"https:\/\/elmetropolitano.com.gt\/es\/wp-json\/wp\/v2\/media\/61226"}],"wp:attachment":[{"href":"https:\/\/elmetropolitano.com.gt\/es\/wp-json\/wp\/v2\/media?parent=61225"}],"wp:term":[{"taxonomy":"category","embeddable":true,"href":"https:\/\/elmetropolitano.com.gt\/es\/wp-json\/wp\/v2\/categories?post=61225"},{"taxonomy":"post_tag","embeddable":true,"href":"https:\/\/elmetropolitano.com.gt\/es\/wp-json\/wp\/v2\/tags?post=61225"}],"curies":[{"name":"wp","href":"https:\/\/api.w.org\/{rel}","templated":true}]}}