{"id":61249,"date":"2023-02-17T18:07:46","date_gmt":"2023-02-18T00:07:46","guid":{"rendered":"https:\/\/elmetropolitano.com.gt\/es\/?p=61249"},"modified":"2023-02-17T18:07:47","modified_gmt":"2023-02-18T00:07:47","slug":"minfin-y-banguat-se-reunen-con-directivos-del-banco-mundial","status":"publish","type":"post","link":"https:\/\/elmetropolitano.com.gt\/es\/minfin-y-banguat-se-reunen-con-directivos-del-banco-mundial\/","title":{"rendered":"Minfin y Banguat se re\u00fanen con directivos del banco mundial"},"content":{"rendered":"\n<p>Autoridades del Ministerio de Finanzas P\u00fablicas (Minfin) y del Banco de Guatemala (Banguat) recibieron la visita de 10 directores ejecutivos del Grupo Banco Mundial (BM).<\/p>\n\n\n\n<p>Al <a><\/a>respecto, la reuni\u00f3n, efectuada en el Minfin, sirvi\u00f3 como un espacio para abordar temas claves para el crecimiento econ\u00f3mico y social del pa\u00eds.<\/p><div class=\"elmet-contenido\" id=\"elmet-2771078263\"><div class=\"elmet-adlabel\">Anuncios<\/div><div style=\"margin-top: 20px;margin-right: 20px;margin-bottom: 20px;margin-left: 20px;\" id=\"elmet-3869151382\"><a href=\"https:\/\/www.facebook.com\/arrincuanantigua\/\" aria-label=\"cintillo-arrin-cual\"><img loading=\"lazy\" decoding=\"async\" src=\"https:\/\/elmetropolitano.com.gt\/es\/wp-content\/uploads\/2021\/11\/cintillo-arrin-cual-1.jpg\" alt=\"\"  srcset=\"https:\/\/elmetropolitano.com.gt\/es\/wp-content\/uploads\/2021\/11\/cintillo-arrin-cual-1.jpg 750w, https:\/\/elmetropolitano.com.gt\/es\/wp-content\/uploads\/2021\/11\/cintillo-arrin-cual-1-300x36.jpg 300w, https:\/\/elmetropolitano.com.gt\/es\/wp-content\/uploads\/2021\/11\/cintillo-arrin-cual-1-600x72.jpg 600w\" sizes=\"(max-width: 750px) 100vw, 750px\" width=\"750\" height=\"90\"   \/><\/a><\/div><\/div>\n\n\n\n<p>En tal sentido, el encuentro se inici\u00f3 con la exposici\u00f3n del ministro de Finanzas, Edwin Mart\u00ednez Cameros.<\/p>\n\n\n\n<p>El funcionario explic\u00f3 que la mayor parte del Presupuesto de la Naci\u00f3n de 2022 se destin\u00f3 al gasto social.<\/p>\n\n\n\n<p>Principalmente salud, educaci\u00f3n, seguridad y justicia, en beneficio de las familias guatemaltecas.<\/p>\n\n\n\n<p>Carga tributaria<\/p>\n\n\n\n<p>Respecto del tema fiscal, el ministro mencion\u00f3 que el a\u00f1o pasado la carga tributaria se ubic\u00f3 en 12.1 %. Lo anterior como resultado de estrategias del Directorio de la Superintendencia de Administraci\u00f3n Tributaria (SAT).<\/p>\n\n\n\n<p>As\u00ed, dichas acciones est\u00e1n encaminadas a aumentar la recaudaci\u00f3n y reducir las brechas de incumplimiento tributario.<\/p>\n\n\n\n<p>Eddy Carpio, director del Departamento de An\u00e1lisis Macroecon\u00f3mico del BANGUAT, destac\u00f3 que Guatemala ha logrado mantener equilibrio entre d\u00e9ficit fiscal, inflaci\u00f3n y crecimiento econ\u00f3mico.<\/p>\n\n\n\n<p>Lo anterior, derivado de una pol\u00edtica fiscal disciplinada y una pol\u00edtica monetaria prudente. En un entorno internacional como el actual, donde hay distorsiones por diversos factores, el pa\u00eds goza de una macroeconom\u00eda estable, asegur\u00f3 Carpio.<\/p>\n\n\n\n<p>Destaca logros<\/p>\n\n\n\n<p>Michael Kraker, representante de Alemania en el directorio ejecutivo del BM, destac\u00f3 los logros de las autoridades econ\u00f3micas y financieras de Guatemala.<\/p>\n\n\n\n<p>Estas acciones fueron para mantener la estabilidad macroecon\u00f3mica y el aumento de la carga tributaria.<\/p>\n\n\n\n<p>El Grupo Banco Mundial ha reconocido desde hace tiempo la estabilidad macroecon\u00f3mica que prevalece en Guatemala, lo cual es esencial para enfrentar los desaf\u00edos de larga data que a\u00fan afronta el pa\u00eds, indic\u00f3 Kraker.<\/p>\n\n\n\n<p>Con el mandatario<\/p>\n\n\n\n<p>La misma delegaci\u00f3n del BM se reuni\u00f3 tambi\u00e9n con el Presidente de la Rep\u00fablica.<\/p>\n\n\n\n<p>Ello, con el fin de comprender mejor los retos sociales, econ\u00f3micos y conocer las inversiones de la entidad en el pa\u00eds.<\/p>\n\n\n\n<p>En ese sentido, los representantes de la instituci\u00f3n destacaron que se trat\u00f3 de una reuni\u00f3n muy productiva.<\/p>\n\n\n\n<p>En ella se conocieron las pol\u00edticas sociales y los resultados que ha tenido Guatemala.<\/p>\n\n\n\n<p>Asimismo, reiteraron el compromiso de continuar colaborando de forma estrecha con la naci\u00f3n.<\/p>\n\n\n\n<p>#metroredes<\/p>\n\n\n\n<figure class=\"wp-block-image size-large\"><img loading=\"lazy\" decoding=\"async\" width=\"1024\" height=\"642\" src=\"https:\/\/elmetropolitano.com.gt\/es\/wp-content\/uploads\/2023\/02\/330180833_758315946010573_6948340660365245851_n-1024x642.jpg\" alt=\"\" class=\"wp-image-61251\" srcset=\"https:\/\/elmetropolitano.com.gt\/es\/wp-content\/uploads\/2023\/02\/330180833_758315946010573_6948340660365245851_n-1024x642.jpg 1024w, https:\/\/elmetropolitano.com.gt\/es\/wp-content\/uploads\/2023\/02\/330180833_758315946010573_6948340660365245851_n-300x188.jpg 300w, https:\/\/elmetropolitano.com.gt\/es\/wp-content\/uploads\/2023\/02\/330180833_758315946010573_6948340660365245851_n-768x482.jpg 768w, https:\/\/elmetropolitano.com.gt\/es\/wp-content\/uploads\/2023\/02\/330180833_758315946010573_6948340660365245851_n-600x376.jpg 600w, https:\/\/elmetropolitano.com.gt\/es\/wp-content\/uploads\/2023\/02\/330180833_758315946010573_6948340660365245851_n.jpg 1280w\" sizes=\"auto, (max-width: 1024px) 100vw, 1024px\" \/><\/figure>\n","protected":false},"excerpt":{"rendered":"<p>Autoridades del Ministerio de Finanzas P\u00fablicas (Minfin) y del Banco de Guatemala (Banguat) recibieron la visita de 10 directores ejecutivos del Grupo Banco Mundial (BM). Al respecto, la reuni\u00f3n, efectuada en el Minfin, sirvi\u00f3 como un espacio para abordar temas claves para el crecimiento econ\u00f3mico y social del pa\u00eds. En tal sentido, el encuentro se <a class=\"read-more\" href=\"https:\/\/elmetropolitano.com.gt\/es\/minfin-y-banguat-se-reunen-con-directivos-del-banco-mundial\/\">Leer m\u00e1s<\/a><\/p>\n","protected":false},"author":1,"featured_media":61250,"comment_status":"open","ping_status":"closed","sticky":false,"template":"","format":"standard","meta":{"footnotes":""},"categories":[21],"tags":[20],"class_list":["post-61249","post","type-post","status-publish","format-standard","has-post-thumbnail","hentry","category-economia","tag-economia"],"_links":{"self":[{"href":"https:\/\/elmetropolitano.com.gt\/es\/wp-json\/wp\/v2\/posts\/61249","targetHints":{"allow":["GET"]}}],"collection":[{"href":"https:\/\/elmetropolitano.com.gt\/es\/wp-json\/wp\/v2\/posts"}],"about":[{"href":"https:\/\/elmetropolitano.com.gt\/es\/wp-json\/wp\/v2\/types\/post"}],"author":[{"embeddable":true,"href":"https:\/\/elmetropolitano.com.gt\/es\/wp-json\/wp\/v2\/users\/1"}],"replies":[{"embeddable":true,"href":"https:\/\/elmetropolitano.com.gt\/es\/wp-json\/wp\/v2\/comments?post=61249"}],"version-history":[{"count":1,"href":"https:\/\/elmetropolitano.com.gt\/es\/wp-json\/wp\/v2\/posts\/61249\/revisions"}],"predecessor-version":[{"id":61252,"href":"https:\/\/elmetropolitano.com.gt\/es\/wp-json\/wp\/v2\/posts\/61249\/revisions\/61252"}],"wp:featuredmedia":[{"embeddable":true,"href":"https:\/\/elmetropolitano.com.gt\/es\/wp-json\/wp\/v2\/media\/61250"}],"wp:attachment":[{"href":"https:\/\/elmetropolitano.com.gt\/es\/wp-json\/wp\/v2\/media?parent=61249"}],"wp:term":[{"taxonomy":"category","embeddable":true,"href":"https:\/\/elmetropolitano.com.gt\/es\/wp-json\/wp\/v2\/categories?post=61249"},{"taxonomy":"post_tag","embeddable":true,"href":"https:\/\/elmetropolitano.com.gt\/es\/wp-json\/wp\/v2\/tags?post=61249"}],"curies":[{"name":"wp","href":"https:\/\/api.w.org\/{rel}","templated":true}]}}