{"id":61259,"date":"2023-02-18T09:37:09","date_gmt":"2023-02-18T15:37:09","guid":{"rendered":"https:\/\/elmetropolitano.com.gt\/es\/?p=61259"},"modified":"2023-02-18T09:37:10","modified_gmt":"2023-02-18T15:37:10","slug":"primera-gira-presidencial-2023-desarrollan-reunion-de-trabajo-con-alcaldes-de-el-progreso","status":"publish","type":"post","link":"https:\/\/elmetropolitano.com.gt\/es\/primera-gira-presidencial-2023-desarrollan-reunion-de-trabajo-con-alcaldes-de-el-progreso\/","title":{"rendered":"Primera gira presidencial 2023: Desarrollan reuni\u00f3n de trabajo con alcaldes de El Progreso"},"content":{"rendered":"\n<p>El Gobierno de Guatemala present\u00f3 el plan de trabajo que se desarrollar\u00e1 en el a\u00f1o en El Progreso y el estatus de los compromisos y solicitudes de los alcaldes de dicho departamento, como parte de la primera gira presidencial de 2023.<\/p>\n\n\n\n<p>Quiero contarles que este a\u00f1o vamos a volver a premiar a los alcaldes con 100 puntos, que son todos aquellos que ejecutaron el 100 % de los fondos de los <a><\/a>consejos de desarrollo, dijo el Presidente, quien lider\u00f3 la asamblea.<\/p><div class=\"elmet-contenido\" id=\"elmet-2356107861\"><div class=\"elmet-adlabel\">Anuncios<\/div><div style=\"margin-top: 20px;margin-right: 20px;margin-bottom: 20px;margin-left: 20px;\" id=\"elmet-3624504511\"><a href=\"https:\/\/www.facebook.com\/arrincuanantigua\/\" aria-label=\"cintillo-arrin-cual\"><img loading=\"lazy\" decoding=\"async\" src=\"https:\/\/elmetropolitano.com.gt\/es\/wp-content\/uploads\/2021\/11\/cintillo-arrin-cual-1.jpg\" alt=\"\"  srcset=\"https:\/\/elmetropolitano.com.gt\/es\/wp-content\/uploads\/2021\/11\/cintillo-arrin-cual-1.jpg 750w, https:\/\/elmetropolitano.com.gt\/es\/wp-content\/uploads\/2021\/11\/cintillo-arrin-cual-1-300x36.jpg 300w, https:\/\/elmetropolitano.com.gt\/es\/wp-content\/uploads\/2021\/11\/cintillo-arrin-cual-1-600x72.jpg 600w\" sizes=\"(max-width: 750px) 100vw, 750px\" width=\"750\" height=\"90\"   \/><\/a><\/div><\/div>\n\n\n\n<p>De esa cuenta, record\u00f3 que entre los municipios que reportan una ejecuci\u00f3n positiva se encuentran San Antonio La Paz, Moraz\u00e1n y Guastatoya.<\/p>\n\n\n\n<p>En este encuentro se cont\u00f3 con la presencia de secretarios, ministros y viceministros de Estado.<\/p>\n\n\n\n<p>La inversi\u00f3n<\/p>\n\n\n\n<p>El jefe de la Secretar\u00eda de Coordinaci\u00f3n Ejecutiva de la Presidencia (SCEP) explic\u00f3 que en esta jornada de trabajo se dio seguimiento a la inversi\u00f3n que reportan los programas, proyectos e intervenciones priorizados a trav\u00e9s de los consejos de desarrollo.<\/p>\n\n\n\n<p>Las autoridades indicaron que la inversi\u00f3n que se otorgar\u00e1 a las municipalidades del departamento asciende a mil 171 millones 153 mil 691 quetzales.<\/p>\n\n\n\n<p>Adem\u00e1s, en el per\u00edodo 2020-2023 se contabilizan 307 proyectos a trav\u00e9s de los consejos de desarrollo, que se dividen de la siguiente manera:<\/p>\n\n\n\n<p>96 de agua potable<\/p>\n\n\n\n<p>85 de educaci\u00f3n<\/p>\n\n\n\n<p>73 de infraestructura vial<\/p>\n\n\n\n<p>38 de saneamiento<\/p>\n\n\n\n<p>14 de salud<\/p>\n\n\n\n<p>1 de infraestructura productiva<\/p>\n\n\n\n<p>Sin embargo, se determin\u00f3 que para el a\u00f1o fiscal 2023 se reportan 76 proyectos programados, 47 aprobados y 29 pendientes de aprobar.<\/p>\n\n\n\n<p>Asimismo, se especific\u00f3 que El Progreso tiene 47 convenios firmados y 29 convenios pendientes. Aparte, hay 8 consejos municipales de desarrollo urbano y rural (Comude) verificados.<\/p>\n\n\n\n<p>En la reuni\u00f3n se reiter\u00f3 la importancia de dar continuidad y acompa\u00f1amiento a los gobiernos locales para la planificaci\u00f3n y ejecuci\u00f3n de las obras para 2023.<\/p>\n\n\n\n<p>El departamento<\/p>\n\n\n\n<p>El Progreso es uno de los 22 departamentos que conforman Guatemala. Se encuentra en la regi\u00f3n nororiental y su cabecera departamental es Guastatoya.<\/p>\n\n\n\n<p>La econom\u00eda del departamento se basa en la producci\u00f3n de caf\u00e9, ca\u00f1a de az\u00facar, tabaco, ma\u00edz, frijol, cacao, achiote y tomate. Tambi\u00e9n vainilla, t\u00e9 de lim\u00f3n, algod\u00f3n y frutas variadas.<\/p>\n\n\n\n<p>El municipio con la mayor econom\u00eda del departamento es Sanarate, seguido por Guastatoya y San Agust\u00edn Acasaguastl\u00e1n.<\/p>\n\n\n\n<p>Adem\u00e1s, es un departamento rico en tradiciones que se reflejan en la literatura folcl\u00f3rica, como cuentos, leyendas e historias sobrenaturales<\/p>\n\n\n\n<p><a href=\"https:\/\/www.facebook.com\/hashtag\/girapresidencialgt?__eep__=6&amp;__cft__[0]=AZXqwNm4rMye_MFViAf-zGn64YEp0D9B9t4N9VJ7kmJuNFWY6CwlcdRsJMAeaDEMOi0EE04EHCr5XWf0ZVdEvBbixtgWbcFD5el8lJHIjWTJXOeCAvqq7LOI329knUZFqsapJSNaZY-lo3vqnaRQS-HmBmOSp7_QSdK1AXiiQXynBLihSWJK9mQuNla0z8kE6po&amp;__tn__=*NK-R\">#GiraPresidencialGT<\/a><a href=\"https:\/\/www.facebook.com\/hashtag\/metroredes?__eep__=6&amp;__cft__[0]=AZXqwNm4rMye_MFViAf-zGn64YEp0D9B9t4N9VJ7kmJuNFWY6CwlcdRsJMAeaDEMOi0EE04EHCr5XWf0ZVdEvBbixtgWbcFD5el8lJHIjWTJXOeCAvqq7LOI329knUZFqsapJSNaZY-lo3vqnaRQS-HmBmOSp7_QSdK1AXiiQXynBLihSWJK9mQuNla0z8kE6po&amp;__tn__=*NK-R\">#metroredes<\/a><\/p>\n\n\n\n<p><a href=\"https:\/\/www.facebook.com\/hashtag\/metroredes?__eep__=6&amp;__cft__[0]=AZXqwNm4rMye_MFViAf-zGn64YEp0D9B9t4N9VJ7kmJuNFWY6CwlcdRsJMAeaDEMOi0EE04EHCr5XWf0ZVdEvBbixtgWbcFD5el8lJHIjWTJXOeCAvqq7LOI329knUZFqsapJSNaZY-lo3vqnaRQS-HmBmOSp7_QSdK1AXiiQXynBLihSWJK9mQuNla0z8kE6po&amp;__tn__=*NK-R\">#metroredes<\/a><a href=\"https:\/\/www.facebook.com\/hashtag\/elprogreso?__eep__=6&amp;__cft__[0]=AZXqwNm4rMye_MFViAf-zGn64YEp0D9B9t4N9VJ7kmJuNFWY6CwlcdRsJMAeaDEMOi0EE04EHCr5XWf0ZVdEvBbixtgWbcFD5el8lJHIjWTJXOeCAvqq7LOI329knUZFqsapJSNaZY-lo3vqnaRQS-HmBmOSp7_QSdK1AXiiQXynBLihSWJK9mQuNla0z8kE6po&amp;__tn__=*NK-R\">#ElProgreso<\/a><\/p>\n\n\n\n<figure class=\"wp-block-gallery has-nested-images columns-default is-cropped wp-block-gallery-1 is-layout-flex wp-block-gallery-is-layout-flex\">\n<figure class=\"wp-block-image size-large\"><img loading=\"lazy\" decoding=\"async\" width=\"1024\" height=\"512\" data-id=\"61261\" src=\"https:\/\/elmetropolitano.com.gt\/es\/wp-content\/uploads\/2023\/02\/329759132_5646902945438644_5633380320658114679_n-1024x512.jpg\" alt=\"\" class=\"wp-image-61261\" srcset=\"https:\/\/elmetropolitano.com.gt\/es\/wp-content\/uploads\/2023\/02\/329759132_5646902945438644_5633380320658114679_n-1024x512.jpg 1024w, https:\/\/elmetropolitano.com.gt\/es\/wp-content\/uploads\/2023\/02\/329759132_5646902945438644_5633380320658114679_n-300x150.jpg 300w, https:\/\/elmetropolitano.com.gt\/es\/wp-content\/uploads\/2023\/02\/329759132_5646902945438644_5633380320658114679_n-768x384.jpg 768w, https:\/\/elmetropolitano.com.gt\/es\/wp-content\/uploads\/2023\/02\/329759132_5646902945438644_5633380320658114679_n-600x300.jpg 600w, https:\/\/elmetropolitano.com.gt\/es\/wp-content\/uploads\/2023\/02\/329759132_5646902945438644_5633380320658114679_n.jpg 1140w\" sizes=\"auto, (max-width: 1024px) 100vw, 1024px\" \/><\/figure>\n\n\n\n<figure class=\"wp-block-image size-large\"><img loading=\"lazy\" decoding=\"async\" width=\"1024\" height=\"682\" data-id=\"61262\" src=\"https:\/\/elmetropolitano.com.gt\/es\/wp-content\/uploads\/2023\/02\/331514601_553702680061446_1870004878835556212_n-1024x682.jpg\" alt=\"\" class=\"wp-image-61262\" srcset=\"https:\/\/elmetropolitano.com.gt\/es\/wp-content\/uploads\/2023\/02\/331514601_553702680061446_1870004878835556212_n-1024x682.jpg 1024w, https:\/\/elmetropolitano.com.gt\/es\/wp-content\/uploads\/2023\/02\/331514601_553702680061446_1870004878835556212_n-300x200.jpg 300w, https:\/\/elmetropolitano.com.gt\/es\/wp-content\/uploads\/2023\/02\/331514601_553702680061446_1870004878835556212_n-768x512.jpg 768w, https:\/\/elmetropolitano.com.gt\/es\/wp-content\/uploads\/2023\/02\/331514601_553702680061446_1870004878835556212_n-1536x1023.jpg 1536w, https:\/\/elmetropolitano.com.gt\/es\/wp-content\/uploads\/2023\/02\/331514601_553702680061446_1870004878835556212_n-600x400.jpg 600w, https:\/\/elmetropolitano.com.gt\/es\/wp-content\/uploads\/2023\/02\/331514601_553702680061446_1870004878835556212_n.jpg 1600w\" sizes=\"auto, (max-width: 1024px) 100vw, 1024px\" \/><\/figure>\n\n\n\n<figure class=\"wp-block-image size-large\"><img loading=\"lazy\" decoding=\"async\" width=\"1024\" height=\"682\" data-id=\"61263\" src=\"https:\/\/elmetropolitano.com.gt\/es\/wp-content\/uploads\/2023\/02\/331851236_893297135226495_5715739984386624343_n-1024x682.jpg\" alt=\"\" class=\"wp-image-61263\" srcset=\"https:\/\/elmetropolitano.com.gt\/es\/wp-content\/uploads\/2023\/02\/331851236_893297135226495_5715739984386624343_n-1024x682.jpg 1024w, https:\/\/elmetropolitano.com.gt\/es\/wp-content\/uploads\/2023\/02\/331851236_893297135226495_5715739984386624343_n-300x200.jpg 300w, https:\/\/elmetropolitano.com.gt\/es\/wp-content\/uploads\/2023\/02\/331851236_893297135226495_5715739984386624343_n-768x512.jpg 768w, https:\/\/elmetropolitano.com.gt\/es\/wp-content\/uploads\/2023\/02\/331851236_893297135226495_5715739984386624343_n-1536x1023.jpg 1536w, https:\/\/elmetropolitano.com.gt\/es\/wp-content\/uploads\/2023\/02\/331851236_893297135226495_5715739984386624343_n-600x400.jpg 600w, https:\/\/elmetropolitano.com.gt\/es\/wp-content\/uploads\/2023\/02\/331851236_893297135226495_5715739984386624343_n.jpg 1600w\" sizes=\"auto, (max-width: 1024px) 100vw, 1024px\" \/><\/figure>\n<\/figure>\n","protected":false},"excerpt":{"rendered":"<p>El Gobierno de Guatemala present\u00f3 el plan de trabajo que se desarrollar\u00e1 en el a\u00f1o en El Progreso y el estatus de los compromisos y solicitudes de los alcaldes de dicho departamento, como parte de la primera gira presidencial de 2023. Quiero contarles que este a\u00f1o vamos a volver a premiar a los alcaldes con <a class=\"read-more\" href=\"https:\/\/elmetropolitano.com.gt\/es\/primera-gira-presidencial-2023-desarrollan-reunion-de-trabajo-con-alcaldes-de-el-progreso\/\">Leer m\u00e1s<\/a><\/p>\n","protected":false},"author":1,"featured_media":61260,"comment_status":"open","ping_status":"closed","sticky":false,"template":"","format":"standard","meta":{"footnotes":""},"categories":[2],"tags":[12],"class_list":["post-61259","post","type-post","status-publish","format-standard","has-post-thumbnail","hentry","category-nacionales","tag-nacionales"],"_links":{"self":[{"href":"https:\/\/elmetropolitano.com.gt\/es\/wp-json\/wp\/v2\/posts\/61259","targetHints":{"allow":["GET"]}}],"collection":[{"href":"https:\/\/elmetropolitano.com.gt\/es\/wp-json\/wp\/v2\/posts"}],"about":[{"href":"https:\/\/elmetropolitano.com.gt\/es\/wp-json\/wp\/v2\/types\/post"}],"author":[{"embeddable":true,"href":"https:\/\/elmetropolitano.com.gt\/es\/wp-json\/wp\/v2\/users\/1"}],"replies":[{"embeddable":true,"href":"https:\/\/elmetropolitano.com.gt\/es\/wp-json\/wp\/v2\/comments?post=61259"}],"version-history":[{"count":1,"href":"https:\/\/elmetropolitano.com.gt\/es\/wp-json\/wp\/v2\/posts\/61259\/revisions"}],"predecessor-version":[{"id":61264,"href":"https:\/\/elmetropolitano.com.gt\/es\/wp-json\/wp\/v2\/posts\/61259\/revisions\/61264"}],"wp:featuredmedia":[{"embeddable":true,"href":"https:\/\/elmetropolitano.com.gt\/es\/wp-json\/wp\/v2\/media\/61260"}],"wp:attachment":[{"href":"https:\/\/elmetropolitano.com.gt\/es\/wp-json\/wp\/v2\/media?parent=61259"}],"wp:term":[{"taxonomy":"category","embeddable":true,"href":"https:\/\/elmetropolitano.com.gt\/es\/wp-json\/wp\/v2\/categories?post=61259"},{"taxonomy":"post_tag","embeddable":true,"href":"https:\/\/elmetropolitano.com.gt\/es\/wp-json\/wp\/v2\/tags?post=61259"}],"curies":[{"name":"wp","href":"https:\/\/api.w.org\/{rel}","templated":true}]}}