{"id":61275,"date":"2023-02-18T09:50:21","date_gmt":"2023-02-18T15:50:21","guid":{"rendered":"https:\/\/elmetropolitano.com.gt\/es\/?p=61275"},"modified":"2023-02-18T09:50:22","modified_gmt":"2023-02-18T15:50:22","slug":"declaran-estado-de-emergencia-zoosanitaria-en-el-pais","status":"publish","type":"post","link":"https:\/\/elmetropolitano.com.gt\/es\/declaran-estado-de-emergencia-zoosanitaria-en-el-pais\/","title":{"rendered":"Declaran estado de emergencia zoosanitaria en el pa\u00eds"},"content":{"rendered":"\n<p>El Ministerio de Agricultura, Ganader\u00eda y Alimentaci\u00f3n (MAGA), a trav\u00e9s del Acuerdo Ministerial 43-2023, publicado en el diario oficial, declar\u00f3 estado de emergencia zoosanitaria en el pa\u00eds.<\/p>\n\n\n\n<p>Las autoridades informaron que la medida se adopt\u00f3 debido a los brotes de influenza aviar de alta patogenicidad H5N1, reportados en pa\u00edses como los siguientes:<\/p><div class=\"elmet-contenido\" id=\"elmet-3817315593\"><div class=\"elmet-adlabel\">Anuncios<\/div><div style=\"margin-top: 20px;margin-right: 20px;margin-bottom: 20px;margin-left: 20px;\" id=\"elmet-305051148\"><a href=\"https:\/\/www.facebook.com\/arrincuanantigua\/\" aria-label=\"cintillo-arrin-cual\"><img loading=\"lazy\" decoding=\"async\" src=\"https:\/\/elmetropolitano.com.gt\/es\/wp-content\/uploads\/2021\/11\/cintillo-arrin-cual-1.jpg\" alt=\"\"  srcset=\"https:\/\/elmetropolitano.com.gt\/es\/wp-content\/uploads\/2021\/11\/cintillo-arrin-cual-1.jpg 750w, https:\/\/elmetropolitano.com.gt\/es\/wp-content\/uploads\/2021\/11\/cintillo-arrin-cual-1-300x36.jpg 300w, https:\/\/elmetropolitano.com.gt\/es\/wp-content\/uploads\/2021\/11\/cintillo-arrin-cual-1-600x72.jpg 600w\" sizes=\"(max-width: 750px) 100vw, 750px\" width=\"750\" height=\"90\"   \/><\/a><\/div><\/div>\n\n\n\n<p><a><\/a>Bolivia<\/p>\n\n\n\n<p>Colombia<\/p>\n\n\n\n<p>Costa Rica<\/p>\n\n\n\n<p>Honduras<\/p>\n\n\n\n<p>M\u00e9xico<\/p>\n\n\n\n<p>Panam\u00e1<\/p>\n\n\n\n<p>Adem\u00e1s, el Programa Nacional de Sanidad Av\u00edcola detect\u00f3 que en la aldea El Quetzalito, en Puerto Barrios, Izabal, hay presencia de esa enfermedad en pel\u00edcanos.<\/p>\n\n\n\n<p>Con la implementaci\u00f3n de la emergencia zoosanitaria, se busca fortalecer las medidas de prevenci\u00f3n. Mediante coordinaci\u00f3n interinstitucional, se deber\u00e1n poner en marcha acciones como la vigilancia epidemiol\u00f3gica activa y pasiva en la avicultura tecnificada, traspatio y humedales marino costero.<\/p>\n\n\n\n<p>Tambi\u00e9n se prev\u00e9 fortalecer la capacidad de diagn\u00f3stico aviar en los laboratorios oficiales y oficializados del programa, as\u00ed como ejecutar medidas de bioseguridad en unidades de producci\u00f3n av\u00edcolas.<\/p>\n\n\n\n<p>Las instancias competentes deber\u00e1n, adem\u00e1s, mantener controles de inspecci\u00f3n de personas, transportes y mercanc\u00edas en puertos, aeropuertos y fronteras. Otra de las acciones ser\u00e1 controlar la movilizaci\u00f3n de aves y productos av\u00edcolas a nivel nacional.<\/p>\n\n\n\n<p>El MAGA inform\u00f3 que cuenta con la facultad para retener a cualquier ave, lote de ellas o subproductos que se consideren de riesgo para el pa\u00eds. En ese sentido, se analizar\u00e1 la procedencia y el cumplimiento de las normas locales para monitorear la enfermedad.<\/p>\n\n\n\n<p>Seg\u00fan se dio a conocer, el decomiso ser\u00e1 objeto de la aplicaci\u00f3n de tratamientos cuarentenarios a trav\u00e9s de la Direcci\u00f3n de Sanidad Animal.<\/p>\n\n\n\n<p>Coordinaci\u00f3n interinstitucional<\/p>\n\n\n\n<p>De acuerdo con la cartera, se trabajar\u00e1 de manera coordinada con entidades p\u00fablicas y privadas para el cumplimiento de la medida sanitaria. Asimismo, en seguimiento al reglamento de la Ley de Sanidad Vegetal y Animal, se integrar\u00e1 una comisi\u00f3n espec\u00edfica.<\/p>\n\n\n\n<p>Entre las dependencias que conformar\u00e1n ese ente figuran:<\/p>\n\n\n\n<p>Viceministerio de Sanidad Agropecuaria<\/p>\n\n\n\n<p>Direcci\u00f3n de Sanidad Animal<\/p>\n\n\n\n<p>Departamento de Vigilancia Epidemiol\u00f3gica<\/p>\n\n\n\n<p>Programa Nacional de Sanidad Av\u00edcola<\/p>\n\n\n\n<p>Organismo Internacional Regional de Sanidad Agropecuaria<\/p>\n\n\n\n<p>Parte de sus funciones ser\u00e1n invitar a especialistas o representantes de diferentes sectores para establecer una coordinaci\u00f3n t\u00e9cnica. Tambi\u00e9n tendr\u00e1n que definir los lineamientos generales de operaci\u00f3n para atender el estado de emergencia zoosanitaria.<\/p>\n\n\n\n<p>Adicionalmente, deber\u00e1n elaborar medidas de emergencia y el plan de contingencia, con el apoyo de grupos t\u00e9cnicos especializados, as\u00ed como rendir informes peri\u00f3dicos y un informe final al despacho ministerial.<\/p>\n\n\n\n<p>texto: Veylin Herrera<\/p>\n\n\n\n<p><a href=\"https:\/\/www.facebook.com\/hashtag\/influenzaaviar?__eep__=6&amp;__cft__[0]=AZWQZWExBJJKlQ9P0LIDgNv-RUqfLSSDZduKiH97tRl3Za87uipgk5nYkP5TePXiuB8YBmmJAeXQ0DtU9sjfNqL7ua5Vf-5iwRg74-33j47JG2ktmcvKbGHntyywPob4O2lZxHpW-r7swp1GBmCbmAbtKpB6g-jLytL-za6whhNNDw&amp;__tn__=*NK-R\">#InfluenzaAviar<\/a><a href=\"https:\/\/www.facebook.com\/hashtag\/metroredes?__eep__=6&amp;__cft__[0]=AZWQZWExBJJKlQ9P0LIDgNv-RUqfLSSDZduKiH97tRl3Za87uipgk5nYkP5TePXiuB8YBmmJAeXQ0DtU9sjfNqL7ua5Vf-5iwRg74-33j47JG2ktmcvKbGHntyywPob4O2lZxHpW-r7swp1GBmCbmAbtKpB6g-jLytL-za6whhNNDw&amp;__tn__=*NK-R\">#metroredes<\/a><\/p>\n\n\n\n<figure class=\"wp-block-image size-large\"><img loading=\"lazy\" decoding=\"async\" width=\"1024\" height=\"535\" src=\"https:\/\/elmetropolitano.com.gt\/es\/wp-content\/uploads\/2023\/02\/331580859_917363196282217_1117733340002950321_n-1024x535.jpg\" alt=\"\" class=\"wp-image-61277\" srcset=\"https:\/\/elmetropolitano.com.gt\/es\/wp-content\/uploads\/2023\/02\/331580859_917363196282217_1117733340002950321_n-1024x535.jpg 1024w, https:\/\/elmetropolitano.com.gt\/es\/wp-content\/uploads\/2023\/02\/331580859_917363196282217_1117733340002950321_n-300x157.jpg 300w, https:\/\/elmetropolitano.com.gt\/es\/wp-content\/uploads\/2023\/02\/331580859_917363196282217_1117733340002950321_n-768x401.jpg 768w, https:\/\/elmetropolitano.com.gt\/es\/wp-content\/uploads\/2023\/02\/331580859_917363196282217_1117733340002950321_n-600x314.jpg 600w, https:\/\/elmetropolitano.com.gt\/es\/wp-content\/uploads\/2023\/02\/331580859_917363196282217_1117733340002950321_n.jpg 1200w\" sizes=\"auto, (max-width: 1024px) 100vw, 1024px\" \/><\/figure>\n","protected":false},"excerpt":{"rendered":"<p>El Ministerio de Agricultura, Ganader\u00eda y Alimentaci\u00f3n (MAGA), a trav\u00e9s del Acuerdo Ministerial 43-2023, publicado en el diario oficial, declar\u00f3 estado de emergencia zoosanitaria en el pa\u00eds. Las autoridades informaron que la medida se adopt\u00f3 debido a los brotes de influenza aviar de alta patogenicidad H5N1, reportados en pa\u00edses como los siguientes: Bolivia Colombia Costa <a class=\"read-more\" href=\"https:\/\/elmetropolitano.com.gt\/es\/declaran-estado-de-emergencia-zoosanitaria-en-el-pais\/\">Leer m\u00e1s<\/a><\/p>\n","protected":false},"author":1,"featured_media":61276,"comment_status":"open","ping_status":"closed","sticky":false,"template":"","format":"standard","meta":{"footnotes":""},"categories":[2],"tags":[12],"class_list":["post-61275","post","type-post","status-publish","format-standard","has-post-thumbnail","hentry","category-nacionales","tag-nacionales"],"_links":{"self":[{"href":"https:\/\/elmetropolitano.com.gt\/es\/wp-json\/wp\/v2\/posts\/61275","targetHints":{"allow":["GET"]}}],"collection":[{"href":"https:\/\/elmetropolitano.com.gt\/es\/wp-json\/wp\/v2\/posts"}],"about":[{"href":"https:\/\/elmetropolitano.com.gt\/es\/wp-json\/wp\/v2\/types\/post"}],"author":[{"embeddable":true,"href":"https:\/\/elmetropolitano.com.gt\/es\/wp-json\/wp\/v2\/users\/1"}],"replies":[{"embeddable":true,"href":"https:\/\/elmetropolitano.com.gt\/es\/wp-json\/wp\/v2\/comments?post=61275"}],"version-history":[{"count":1,"href":"https:\/\/elmetropolitano.com.gt\/es\/wp-json\/wp\/v2\/posts\/61275\/revisions"}],"predecessor-version":[{"id":61278,"href":"https:\/\/elmetropolitano.com.gt\/es\/wp-json\/wp\/v2\/posts\/61275\/revisions\/61278"}],"wp:featuredmedia":[{"embeddable":true,"href":"https:\/\/elmetropolitano.com.gt\/es\/wp-json\/wp\/v2\/media\/61276"}],"wp:attachment":[{"href":"https:\/\/elmetropolitano.com.gt\/es\/wp-json\/wp\/v2\/media?parent=61275"}],"wp:term":[{"taxonomy":"category","embeddable":true,"href":"https:\/\/elmetropolitano.com.gt\/es\/wp-json\/wp\/v2\/categories?post=61275"},{"taxonomy":"post_tag","embeddable":true,"href":"https:\/\/elmetropolitano.com.gt\/es\/wp-json\/wp\/v2\/tags?post=61275"}],"curies":[{"name":"wp","href":"https:\/\/api.w.org\/{rel}","templated":true}]}}