{"id":61282,"date":"2023-02-18T09:53:43","date_gmt":"2023-02-18T15:53:43","guid":{"rendered":"https:\/\/elmetropolitano.com.gt\/es\/?p=61282"},"modified":"2023-02-18T09:53:44","modified_gmt":"2023-02-18T15:53:44","slug":"oppo-reafirma-su-liderazgo-en-la-region-con-el-lanzamiento-del-nuevo-reno-7","status":"publish","type":"post","link":"https:\/\/elmetropolitano.com.gt\/es\/oppo-reafirma-su-liderazgo-en-la-region-con-el-lanzamiento-del-nuevo-reno-7\/","title":{"rendered":"OPPO reafirma su liderazgo en la regi\u00f3n con el lanzamiento del nuevo Reno 7"},"content":{"rendered":"\n<p>En su primer evento a nivel centroamericano la serie Reno presenta el primer sensor IMX709 del mundo co-dise\u00f1ado junto a Sony y la primera lente microsc\u00f3pica de Latinoam\u00e9rica.<\/p>\n\n\n\n<p>El <a><\/a>nuevo dispositivo Reno 7 incluye la opci\u00f3n de modo retrato tipo C\u00e1mara R\u00e9flex Digital y el primer proceso de imagen directa de l\u00e1ser de la industria de Smartphones<\/p><div class=\"elmet-contenido\" id=\"elmet-1922919599\"><div class=\"elmet-adlabel\">Anuncios<\/div><div style=\"margin-top: 20px;margin-right: 20px;margin-bottom: 20px;margin-left: 20px;\" id=\"elmet-1707043057\"><a href=\"https:\/\/www.facebook.com\/arrincuanantigua\/\" aria-label=\"cintillo-arrin-cual\"><img loading=\"lazy\" decoding=\"async\" src=\"https:\/\/elmetropolitano.com.gt\/es\/wp-content\/uploads\/2021\/11\/cintillo-arrin-cual-1.jpg\" alt=\"\"  srcset=\"https:\/\/elmetropolitano.com.gt\/es\/wp-content\/uploads\/2021\/11\/cintillo-arrin-cual-1.jpg 750w, https:\/\/elmetropolitano.com.gt\/es\/wp-content\/uploads\/2021\/11\/cintillo-arrin-cual-1-300x36.jpg 300w, https:\/\/elmetropolitano.com.gt\/es\/wp-content\/uploads\/2021\/11\/cintillo-arrin-cual-1-600x72.jpg 600w\" sizes=\"(max-width: 750px) 100vw, 750px\" width=\"750\" height=\"90\"   \/><\/a><\/div><\/div>\n\n\n\n<p>Ciudad de Guatemala, 8 de febrero de 2023.- OPPO, la marca l\u00edder en la fabricaci\u00f3n de dispositivos inteligentes en el mundo present\u00f3 la \u00faltima incorporaci\u00f3n a su l\u00ednea, la serie Reno7, que promete convertirse en la nueva favorita de los consumidores guatemaltecos. Este anuncio viene a entregar un dispositivo que ayuda a los usuarios a superar los desaf\u00edos que enfrentan para convertirse en las mejores versiones de s\u00ed mismos.<\/p>\n\n\n\n<p>Con la propuesta de \u201cInspiration Ahead\u201d se refleja la actitud de OPPO hacia el estado actual del mundo que tambi\u00e9n es compartida por el grupo de personas que la marca busca empoderar, al mostrar confianza y aplomo al avanzar y manifestar una creencia en el instinto de las personas para buscar una vida mejor y en su determinaci\u00f3n para imponerse a las dificultades.<\/p>\n\n\n\n<p>\u00abEstamos muy orgullosos de llevar nuestro nuevo dispositivo OPPO Reno7 a los consumidores del pa\u00eds con este lanzamiento. Con sus impresionantes capacidades y caracter\u00edsticas, estamos seguros que se convertir\u00e1 en el nuevo favorito de los usuarios en Guatemala\u00bb, dijo Manuel Garc\u00eda, Gerente regional de ventas OPPO. \u00abEsto marcar\u00e1 un nuevo avance para nuestra marca, ya que buscamos la innovaci\u00f3n en todos los frentes y en esto se basa la serie Reno7, reflejar nuestra propuesta de marca \u201cInspiration Ahead\u201d.<\/p>\n\n\n\n<p>El experto en retratos con IA<\/p>\n\n\n\n<p>El Reno7 cuenta con una c\u00e1mara triple IA de 64 MP, una c\u00e1mara de profundidad de 2MP y una lente microsc\u00f3pica de 2MP, la primera en su tipo en Latinoam\u00e9rica con un aumento de 15x o 30x. La c\u00e1mara selfie frontal de 32 MP funciona con el primer sensor IMX709 del mundo desarrollado conjuntamente por OPPO y Sony, que hace su debut mundial en la serie Reno7. Aprovechando este hardware de nivel flagship, Reno7 viene repleto de impresionantes funciones de imagen que incluyen Retrato Bokeh Flare, Selfie HDR, Paleta IA para im\u00e1genes ultra claras de 108 MP, mejora de escena IA, foto instant\u00e1nea y otras, para que los usuarios puedan capturar el mundo en impresionantes retratos de calidad profesional:<\/p>\n\n\n\n<p>&#8211; Retrato Bokeh Flare en Reno7 captura im\u00e1genes de retratos con ricos puntos de luz bokeh como una c\u00e1mara r\u00e9flex digital con solo un clic.<\/p>\n\n\n\n<p>&#8211; Selfie HDR proporciona selfies claras en entornos con poca luz o retroiluminaci\u00f3n. La funci\u00f3n detecta autom\u00e1ticamente la luz de fondo y activa el algoritmo HDR de OPPO para suprimir la luz brillante y resaltar mayores detalles en la imagen.<\/p>\n\n\n\n<p>Un dise\u00f1o moderno y \u00fanico<\/p>\n\n\n\n<p>Continuando con el dise\u00f1o ic\u00f3nico de la serie Reno, Reno7 presenta un dise\u00f1o plano, retro y ultrafino y dos colores frescos: Azul Aurora y Negro C\u00f3smico, los cuales cuentan con el ic\u00f3nico OPPO Reno Glow. Este dise\u00f1o renovado presenta un marco central de borde plano y pesa solo 175 gramos, con un grosor de 7.49 mm y la exclusiva luz orbital alrededor de la lente microsc\u00f3pica. Adem\u00e1s, Reno7 cuenta con una pantalla AMOLED de 6.4 pulgadas con frecuencia de actualizaci\u00f3n de 90Hz que ofrece im\u00e1genes fluidas.<\/p>\n\n\n\n<p>Nunca se queda sin energ\u00eda<\/p>\n\n\n\n<p>Reno7 cuenta con una memoria RAM de Hasta 12GB y una bater\u00eda de 4500mAh y tecnolog\u00eda de carga r\u00e1pida 33W SuperVOOC que permite cargarlo al 100% en 60 minutos y ofrece 1.68 horas de reproducci\u00f3n de pel\u00edculas con una carga de 5 minutos. Adem\u00e1s, el procesador Qualcomm\u00ae Snapdragon\u2122 680 4G ofrece al tel\u00e9fono un rendimiento r\u00e1pido mientras equilibra el consumo de energ\u00eda.<\/p>\n\n\n\n<p>Luego de dos a\u00f1os de operaci\u00f3n durante tiempos de pandemia, OPPO se encuentra en el Top 4 de marcas globales de tel\u00e9fonos inteligentes y cuenta con operaciones en m\u00e1s de 60 pa\u00edses a nivel mundial. En Latinoam\u00e9rica, cuenta con presencia en Guatemala, Honduras, M\u00e9xico, Colombia, Chile y Per\u00fa. Tiene contemplado terminar el a\u00f1o con operaciones en El Salvador y Costa Rica. Asimismo, la marca lleg\u00f3 al TOP 5 en ventas en Latinoam\u00e9rica.<\/p>\n\n\n\n<p>Adem\u00e1s, OPPO cuenta con 5 centros globales de investigaci\u00f3n y desarrollo, 6 institutos de investigaci\u00f3n globales en pa\u00edses como Estados Unidos, Jap\u00f3n, India y China. Tambi\u00e9n cuenta con un centro global de dise\u00f1o en el Reino Unido y su producci\u00f3n se realiza en 9 f\u00e1bricas en el mundo con procesos de elaboraci\u00f3n inteligentes, esto sumado a sus m\u00e1s de 900 centros de servicio a nivel mundial.<\/p>\n\n\n\n<p>Precio, disponibilidad y servicio<\/p>\n\n\n\n<p>OPPO Reno7 estar\u00e1 disponible con RAM de 6GB + ROM de 128 GB, Azul Aurora o Negro C\u00f3smico en planes de Q499 de tiendas Claro y en Agencias Way desde Q3,199. Los tel\u00e9fonos inteligentes OPPO incluyen una garant\u00eda de 2 a\u00f1os.<\/p>\n\n\n\n<p><a href=\"https:\/\/www.facebook.com\/hashtag\/metroredes?__eep__=6&amp;__cft__[0]=AZUaaw4MtNfqlNCGrK7wZHeQjLRLEWmNUn72VYOfkeLOMSJoEtzWLjcB803tlpWLV1_rkiLAm0TI3C4R827BI7f1mbwnT5Lu5C5iv0O57PgZLQ3khyh9EfN44BtRnl17KEETKNgt8xrljCNcXoX4xldllXddLdC5WBEo1Bq89GaVlw&amp;__tn__=*NK-R\">#metroredes<\/a><a href=\"https:\/\/www.facebook.com\/hashtag\/reno7?__eep__=6&amp;__cft__[0]=AZUaaw4MtNfqlNCGrK7wZHeQjLRLEWmNUn72VYOfkeLOMSJoEtzWLjcB803tlpWLV1_rkiLAm0TI3C4R827BI7f1mbwnT5Lu5C5iv0O57PgZLQ3khyh9EfN44BtRnl17KEETKNgt8xrljCNcXoX4xldllXddLdC5WBEo1Bq89GaVlw&amp;__tn__=*NK-R\">#Reno7<\/a><\/p>\n\n\n\n<figure class=\"wp-block-image size-large\"><img loading=\"lazy\" decoding=\"async\" width=\"1024\" height=\"893\" src=\"https:\/\/elmetropolitano.com.gt\/es\/wp-content\/uploads\/2023\/02\/331000505_856624398755790_3193431885121673126_n-1024x893.jpg\" alt=\"\" class=\"wp-image-61284\" srcset=\"https:\/\/elmetropolitano.com.gt\/es\/wp-content\/uploads\/2023\/02\/331000505_856624398755790_3193431885121673126_n-1024x893.jpg 1024w, https:\/\/elmetropolitano.com.gt\/es\/wp-content\/uploads\/2023\/02\/331000505_856624398755790_3193431885121673126_n-300x262.jpg 300w, https:\/\/elmetropolitano.com.gt\/es\/wp-content\/uploads\/2023\/02\/331000505_856624398755790_3193431885121673126_n-768x670.jpg 768w, https:\/\/elmetropolitano.com.gt\/es\/wp-content\/uploads\/2023\/02\/331000505_856624398755790_3193431885121673126_n-1536x1340.jpg 1536w, https:\/\/elmetropolitano.com.gt\/es\/wp-content\/uploads\/2023\/02\/331000505_856624398755790_3193431885121673126_n-600x523.jpg 600w, https:\/\/elmetropolitano.com.gt\/es\/wp-content\/uploads\/2023\/02\/331000505_856624398755790_3193431885121673126_n.jpg 2048w\" sizes=\"auto, (max-width: 1024px) 100vw, 1024px\" \/><\/figure>\n","protected":false},"excerpt":{"rendered":"<p>En su primer evento a nivel centroamericano la serie Reno presenta el primer sensor IMX709 del mundo co-dise\u00f1ado junto a Sony y la primera lente microsc\u00f3pica de Latinoam\u00e9rica. El nuevo dispositivo Reno 7 incluye la opci\u00f3n de modo retrato tipo C\u00e1mara R\u00e9flex Digital y el primer proceso de imagen directa de l\u00e1ser de la industria <a class=\"read-more\" href=\"https:\/\/elmetropolitano.com.gt\/es\/oppo-reafirma-su-liderazgo-en-la-region-con-el-lanzamiento-del-nuevo-reno-7\/\">Leer m\u00e1s<\/a><\/p>\n","protected":false},"author":1,"featured_media":61283,"comment_status":"open","ping_status":"closed","sticky":false,"template":"","format":"standard","meta":{"footnotes":""},"categories":[31],"tags":[32],"class_list":["post-61282","post","type-post","status-publish","format-standard","has-post-thumbnail","hentry","category-metroimpulso","tag-metroimpulso"],"_links":{"self":[{"href":"https:\/\/elmetropolitano.com.gt\/es\/wp-json\/wp\/v2\/posts\/61282","targetHints":{"allow":["GET"]}}],"collection":[{"href":"https:\/\/elmetropolitano.com.gt\/es\/wp-json\/wp\/v2\/posts"}],"about":[{"href":"https:\/\/elmetropolitano.com.gt\/es\/wp-json\/wp\/v2\/types\/post"}],"author":[{"embeddable":true,"href":"https:\/\/elmetropolitano.com.gt\/es\/wp-json\/wp\/v2\/users\/1"}],"replies":[{"embeddable":true,"href":"https:\/\/elmetropolitano.com.gt\/es\/wp-json\/wp\/v2\/comments?post=61282"}],"version-history":[{"count":1,"href":"https:\/\/elmetropolitano.com.gt\/es\/wp-json\/wp\/v2\/posts\/61282\/revisions"}],"predecessor-version":[{"id":61285,"href":"https:\/\/elmetropolitano.com.gt\/es\/wp-json\/wp\/v2\/posts\/61282\/revisions\/61285"}],"wp:featuredmedia":[{"embeddable":true,"href":"https:\/\/elmetropolitano.com.gt\/es\/wp-json\/wp\/v2\/media\/61283"}],"wp:attachment":[{"href":"https:\/\/elmetropolitano.com.gt\/es\/wp-json\/wp\/v2\/media?parent=61282"}],"wp:term":[{"taxonomy":"category","embeddable":true,"href":"https:\/\/elmetropolitano.com.gt\/es\/wp-json\/wp\/v2\/categories?post=61282"},{"taxonomy":"post_tag","embeddable":true,"href":"https:\/\/elmetropolitano.com.gt\/es\/wp-json\/wp\/v2\/tags?post=61282"}],"curies":[{"name":"wp","href":"https:\/\/api.w.org\/{rel}","templated":true}]}}