{"id":61292,"date":"2023-02-18T09:58:28","date_gmt":"2023-02-18T15:58:28","guid":{"rendered":"https:\/\/elmetropolitano.com.gt\/es\/?p=61292"},"modified":"2023-02-18T09:58:29","modified_gmt":"2023-02-18T15:58:29","slug":"logistica-santa-elena-impactara-en-el-desarrollo-industrial-de-carretera-a-el-salvador","status":"publish","type":"post","link":"https:\/\/elmetropolitano.com.gt\/es\/logistica-santa-elena-impactara-en-el-desarrollo-industrial-de-carretera-a-el-salvador\/","title":{"rendered":"Log\u00edstica Santa Elena impactar\u00e1 en el desarrollo industrial de carretera a El Salvador"},"content":{"rendered":"\n<p>Idea Central present\u00f3 su primer proyecto del 2023. Log\u00edstica Santa Elena, el catorceavo proyecto industrial desarrollado por la firma, el cual se construir\u00e1 en el kil\u00f3metro 28 de Carretera a El Salvador, una de las zonas de mayor crecimiento urbano y comercial del departamento de Guatemala.<\/p>\n\n\n\n<p>El <a><\/a>proyecto contar\u00e1 con 11 Ofi-bodegas, desde 800 hasta 1,000 metros cuadrados de construcci\u00f3n, 6 parqueos por ofi-bodega y la opci\u00f3n de conectar internamente varias bodegas para lograr mayor amplitud de almacenaje.<\/p><div class=\"elmet-contenido\" id=\"elmet-3624042002\"><div class=\"elmet-adlabel\">Anuncios<\/div><div style=\"margin-top: 20px;margin-right: 20px;margin-bottom: 20px;margin-left: 20px;\" id=\"elmet-1251228477\"><a href=\"https:\/\/www.facebook.com\/arrincuanantigua\/\" aria-label=\"cintillo-arrin-cual\"><img loading=\"lazy\" decoding=\"async\" src=\"https:\/\/elmetropolitano.com.gt\/es\/wp-content\/uploads\/2021\/11\/cintillo-arrin-cual-1.jpg\" alt=\"\"  srcset=\"https:\/\/elmetropolitano.com.gt\/es\/wp-content\/uploads\/2021\/11\/cintillo-arrin-cual-1.jpg 750w, https:\/\/elmetropolitano.com.gt\/es\/wp-content\/uploads\/2021\/11\/cintillo-arrin-cual-1-300x36.jpg 300w, https:\/\/elmetropolitano.com.gt\/es\/wp-content\/uploads\/2021\/11\/cintillo-arrin-cual-1-600x72.jpg 600w\" sizes=\"(max-width: 750px) 100vw, 750px\" width=\"750\" height=\"90\"   \/><\/a><\/div><\/div>\n\n\n\n<p>\u201cEl complejo industrial estar\u00e1 en una ubicaci\u00f3n privilegiada, con m\u00faltiples comercios alrededor, centros comerciales, crecimiento poblacional y acceso a pocos metros de la VAS; para aquellas empresas que requieren de espacios log\u00edsticos y de almacenaje para el desarrollo de sus negocios\u201d, expres\u00f3 Marisela Flores, gerente de Mercadeo de Idea Central<\/p>\n\n\n\n<p>Vanguardia en desarrollo<\/p>\n\n\n\n<p>El proyecto Log\u00edstica Santa Elena integrar\u00e1 un dise\u00f1o moderno bajo los est\u00e1ndares m\u00e1s altos y seguros para el desarrollo empresarial. Las bodegas cuentan con and\u00e9n de carga y descarga con paso estrat\u00e9gico al interior de la bodega para una mejor log\u00edstica de almacenaje, mezzanine para \u00e1rea de oficinas dise\u00f1ado para tener una excelente visibilidad y control al \u00e1rea de bodega, un ba\u00f1o completo y un ba\u00f1o de visitas.<\/p>\n\n\n\n<p>Cada bodega cumple con todos los requisitos que permitir\u00e1n mejorar la eficiencia y la competitividad de las operaciones log\u00edsticas de cada negocio. Adem\u00e1s, el complejo cuenta con muro perimetral, garita de seguridad y circuito cerrado de c\u00e1maras.<\/p>\n\n\n\n<p>Experiencia en desarrollo industrial<\/p>\n\n\n\n<p>Idea Central ha desarrollado proyectos de ofibodegas en Amatitl\u00e1n, Pal\u00edn, El Naranjo y Carretera a El Salvador. La desarrolladora contin\u00faa apostando a las ubicaciones estrat\u00e9gicas en todas las salidas y entradas de la capital y puntos clave con auge de plusval\u00eda.<\/p>\n\n\n\n<p>Para el desarrollo del proyecto se contar\u00e1 con una inversi\u00f3n de US$5 millones de d\u00f3lares. El proyecto inicia con movimiento de tierras en abril del 2023.<\/p>\n\n\n\n<p>La entrega del complejo industrial se estar\u00e1 realizando a partir del \u00faltimo trimestre del 2024.<\/p>\n\n\n\n<p>Log\u00edstica Santa Elena cumple con todos los requisitos que permitir\u00e1n mejorar la eficiencia y la competitividad de las operaciones log\u00edsticas de las empresas m\u00e1s innovadoras del mercado.<\/p>\n\n\n\n<p><a href=\"https:\/\/www.facebook.com\/hashtag\/metroredes?__eep__=6&amp;__cft__[0]=AZUiFM-tMqHFOot0aPk6GOlQn1jG4bF2e1jIvXVBq8-gC9DuV7kvxogv2AgwhoEmoy0gID74tBCOFxx39Q86Izvxk8BR5tQ4n1iChyyvoUI-BvBO-uzjZOBOUbLiJ-Hg5mrgyXhgbECYmAOostZ_JU8sL9JGUiKLvdyU9HI73zdoqA&amp;__tn__=*NK-R\">#metroredes<\/a><a href=\"https:\/\/www.facebook.com\/hashtag\/logisticasantaelena?__eep__=6&amp;__cft__[0]=AZUiFM-tMqHFOot0aPk6GOlQn1jG4bF2e1jIvXVBq8-gC9DuV7kvxogv2AgwhoEmoy0gID74tBCOFxx39Q86Izvxk8BR5tQ4n1iChyyvoUI-BvBO-uzjZOBOUbLiJ-Hg5mrgyXhgbECYmAOostZ_JU8sL9JGUiKLvdyU9HI73zdoqA&amp;__tn__=*NK-R\">#logisticasantaelena<\/a><a href=\"https:\/\/www.facebook.com\/hashtag\/ideacentral?__eep__=6&amp;__cft__[0]=AZUiFM-tMqHFOot0aPk6GOlQn1jG4bF2e1jIvXVBq8-gC9DuV7kvxogv2AgwhoEmoy0gID74tBCOFxx39Q86Izvxk8BR5tQ4n1iChyyvoUI-BvBO-uzjZOBOUbLiJ-Hg5mrgyXhgbECYmAOostZ_JU8sL9JGUiKLvdyU9HI73zdoqA&amp;__tn__=*NK-R\">#IdeaCentral<\/a><a href=\"https:\/\/www.facebook.com\/hashtag\/elmetropolitano?__eep__=6&amp;__cft__[0]=AZUiFM-tMqHFOot0aPk6GOlQn1jG4bF2e1jIvXVBq8-gC9DuV7kvxogv2AgwhoEmoy0gID74tBCOFxx39Q86Izvxk8BR5tQ4n1iChyyvoUI-BvBO-uzjZOBOUbLiJ-Hg5mrgyXhgbECYmAOostZ_JU8sL9JGUiKLvdyU9HI73zdoqA&amp;__tn__=*NK-R\">#ELMETROPOLITANO<\/a><\/p>\n\n\n\n<figure class=\"wp-block-gallery has-nested-images columns-default is-cropped wp-block-gallery-1 is-layout-flex wp-block-gallery-is-layout-flex\">\n<figure class=\"wp-block-image size-large\"><img loading=\"lazy\" decoding=\"async\" width=\"1024\" height=\"576\" data-id=\"61294\" src=\"https:\/\/elmetropolitano.com.gt\/es\/wp-content\/uploads\/2023\/02\/329648853_1194230461482383_1935636669926794842_n-1024x576.jpg\" alt=\"\" class=\"wp-image-61294\" srcset=\"https:\/\/elmetropolitano.com.gt\/es\/wp-content\/uploads\/2023\/02\/329648853_1194230461482383_1935636669926794842_n-1024x576.jpg 1024w, https:\/\/elmetropolitano.com.gt\/es\/wp-content\/uploads\/2023\/02\/329648853_1194230461482383_1935636669926794842_n-300x169.jpg 300w, https:\/\/elmetropolitano.com.gt\/es\/wp-content\/uploads\/2023\/02\/329648853_1194230461482383_1935636669926794842_n-768x432.jpg 768w, https:\/\/elmetropolitano.com.gt\/es\/wp-content\/uploads\/2023\/02\/329648853_1194230461482383_1935636669926794842_n-1536x864.jpg 1536w, https:\/\/elmetropolitano.com.gt\/es\/wp-content\/uploads\/2023\/02\/329648853_1194230461482383_1935636669926794842_n-600x338.jpg 600w, https:\/\/elmetropolitano.com.gt\/es\/wp-content\/uploads\/2023\/02\/329648853_1194230461482383_1935636669926794842_n.jpg 2048w\" sizes=\"auto, (max-width: 1024px) 100vw, 1024px\" \/><\/figure>\n<\/figure>\n","protected":false},"excerpt":{"rendered":"<p>Idea Central present\u00f3 su primer proyecto del 2023. Log\u00edstica Santa Elena, el catorceavo proyecto industrial desarrollado por la firma, el cual se construir\u00e1 en el kil\u00f3metro 28 de Carretera a El Salvador, una de las zonas de mayor crecimiento urbano y comercial del departamento de Guatemala. El proyecto contar\u00e1 con 11 Ofi-bodegas, desde 800 hasta <a class=\"read-more\" href=\"https:\/\/elmetropolitano.com.gt\/es\/logistica-santa-elena-impactara-en-el-desarrollo-industrial-de-carretera-a-el-salvador\/\">Leer m\u00e1s<\/a><\/p>\n","protected":false},"author":1,"featured_media":61293,"comment_status":"open","ping_status":"closed","sticky":false,"template":"","format":"standard","meta":{"footnotes":""},"categories":[31],"tags":[32],"class_list":["post-61292","post","type-post","status-publish","format-standard","has-post-thumbnail","hentry","category-metroimpulso","tag-metroimpulso"],"_links":{"self":[{"href":"https:\/\/elmetropolitano.com.gt\/es\/wp-json\/wp\/v2\/posts\/61292","targetHints":{"allow":["GET"]}}],"collection":[{"href":"https:\/\/elmetropolitano.com.gt\/es\/wp-json\/wp\/v2\/posts"}],"about":[{"href":"https:\/\/elmetropolitano.com.gt\/es\/wp-json\/wp\/v2\/types\/post"}],"author":[{"embeddable":true,"href":"https:\/\/elmetropolitano.com.gt\/es\/wp-json\/wp\/v2\/users\/1"}],"replies":[{"embeddable":true,"href":"https:\/\/elmetropolitano.com.gt\/es\/wp-json\/wp\/v2\/comments?post=61292"}],"version-history":[{"count":1,"href":"https:\/\/elmetropolitano.com.gt\/es\/wp-json\/wp\/v2\/posts\/61292\/revisions"}],"predecessor-version":[{"id":61295,"href":"https:\/\/elmetropolitano.com.gt\/es\/wp-json\/wp\/v2\/posts\/61292\/revisions\/61295"}],"wp:featuredmedia":[{"embeddable":true,"href":"https:\/\/elmetropolitano.com.gt\/es\/wp-json\/wp\/v2\/media\/61293"}],"wp:attachment":[{"href":"https:\/\/elmetropolitano.com.gt\/es\/wp-json\/wp\/v2\/media?parent=61292"}],"wp:term":[{"taxonomy":"category","embeddable":true,"href":"https:\/\/elmetropolitano.com.gt\/es\/wp-json\/wp\/v2\/categories?post=61292"},{"taxonomy":"post_tag","embeddable":true,"href":"https:\/\/elmetropolitano.com.gt\/es\/wp-json\/wp\/v2\/tags?post=61292"}],"curies":[{"name":"wp","href":"https:\/\/api.w.org\/{rel}","templated":true}]}}