{"id":61307,"date":"2023-02-18T19:04:15","date_gmt":"2023-02-19T01:04:15","guid":{"rendered":"https:\/\/elmetropolitano.com.gt\/es\/?p=61307"},"modified":"2023-02-18T19:04:17","modified_gmt":"2023-02-19T01:04:17","slug":"comparten-pronostico-de-impactos-por-ingreso-de-frente-frio","status":"publish","type":"post","link":"https:\/\/elmetropolitano.com.gt\/es\/comparten-pronostico-de-impactos-por-ingreso-de-frente-frio\/","title":{"rendered":"Comparten pron\u00f3stico de impactos por ingreso de frente fr\u00edo"},"content":{"rendered":"\n<p>El Instituto Nacional de Sismolog\u00eda, Vulcanolog\u00eda, Meteorolog\u00eda e Hidrolog\u00eda (Insivumeh) comparti\u00f3 los impactos que se pronostican para este fin de semana por el ingreso de un frente fr\u00edo al territorio nacional.<\/p>\n\n\n\n<p>Las autoridades destacaron que el acercamiento de este frente fr\u00edo se registr\u00f3 el viernes, el cual puede generar nublados acompa\u00f1ados de lloviznas y lluvias.<\/p><div class=\"elmet-contenido\" id=\"elmet-4209492912\"><div class=\"elmet-adlabel\">Anuncios<\/div><div style=\"margin-top: 20px;margin-right: 20px;margin-bottom: 20px;margin-left: 20px;\" id=\"elmet-2546654027\"><a href=\"https:\/\/www.facebook.com\/arrincuanantigua\/\" aria-label=\"cintillo-arrin-cual\"><img loading=\"lazy\" decoding=\"async\" src=\"https:\/\/elmetropolitano.com.gt\/es\/wp-content\/uploads\/2021\/11\/cintillo-arrin-cual-1.jpg\" alt=\"\"  srcset=\"https:\/\/elmetropolitano.com.gt\/es\/wp-content\/uploads\/2021\/11\/cintillo-arrin-cual-1.jpg 750w, https:\/\/elmetropolitano.com.gt\/es\/wp-content\/uploads\/2021\/11\/cintillo-arrin-cual-1-300x36.jpg 300w, https:\/\/elmetropolitano.com.gt\/es\/wp-content\/uploads\/2021\/11\/cintillo-arrin-cual-1-600x72.jpg 600w\" sizes=\"(max-width: 750px) 100vw, 750px\" width=\"750\" height=\"90\"   \/><\/a><\/div><\/div>\n\n\n\n<p>Esto <a><\/a>puede afectar las regiones del norte al centro del pa\u00eds, mientras que las mayores cantidades de lluvia podr\u00edan presentarse en Pet\u00e9n, Franja Transversal del Norte y el Caribe.<\/p>\n\n\n\n<p>Adem\u00e1s, el sistema de alta presi\u00f3n promueve el incremento en la velocidad del viento, afectando mayormente los ca\u00f1ones y zonas de monta\u00f1a.<\/p>\n\n\n\n<p>Del mismo modo, se espera registro de sensaci\u00f3n t\u00e9rmica de fr\u00edo, principalmente en el occidente y altiplano central, presentando un impacto muy alto en:<\/p>\n\n\n\n<p>Huehuetenango<\/p>\n\n\n\n<p>Quetzaltenango<\/p>\n\n\n\n<p>San Marcos<\/p>\n\n\n\n<p>Por ello, se recomienda a la poblaci\u00f3n abrigarse correctamente y refugiar a los animales en la noche y madrugada.<\/p>\n\n\n\n<p>Presencia de viento<\/p>\n\n\n\n<p>Como parte del pron\u00f3stico del clima, el Insivumeh destac\u00f3 que el sistema de alta presi\u00f3n que se registra en el pa\u00eds promueve el incremento en la velocidad del viento del norte.<\/p>\n\n\n\n<p>En ese sentido, en Guatemala, Solol\u00e1, Jutiapa y el norte de Santa Rosa y de Escuintla se espera que el viento registre velocidades de entre 40 y 50 kil\u00f3metros por hora.<\/p>\n\n\n\n<p>Por otro lado, el viento predominante ser\u00e1 del norte, moderado, con velocidades de entre 30 y 40 kil\u00f3metros por hora en Baja Verapaz, centro y sur de Quich\u00e9, El Progreso, Jalapa y Chiquimula.<\/p>\n\n\n\n<p>Helada meteorol\u00f3gica<\/p>\n\n\n\n<p>El Insivumeh destac\u00f3 que el ingreso del frente fr\u00edo tendr\u00e1 un impacto alto en San Marcos, Quetzaltenango, Huehuetenango, Totonicap\u00e1n, Solol\u00e1 y al noreste de Chimaltenango.<\/p>\n\n\n\n<p>Por ello, se esperan temperaturas iguales o menores a cero grados, generando congelamiento en plantas y humedad en el ambiente. Esto puede ocasionar efectos negativos en la salud de las personas, animales, plantas y afectar cultivos sensibles a temperaturas bajas.<\/p>\n\n\n\n<p>Por esta raz\u00f3n, se recomienda mantener medidas de prevenci\u00f3n para reducir los da\u00f1os que las condiciones clim\u00e1ticas puedan ocasionar en el pa\u00eds.<\/p>\n\n\n\n<p>Igualmente, para las personas que viven o circulan por r\u00edos se recomienda evitar cruzar las corrientes de agua, puesto que no se descarta la crecida de estos cuerpos de agua<\/p>\n\n\n\n<p>Texto: Veylin Herrera<\/p>\n\n\n\n<p><a href=\"https:\/\/www.facebook.com\/hashtag\/metroredes?__eep__=6&amp;__cft__[0]=AZXIJdKDVLPNvmr1jVqkDhImqzQEk6TXKtlnRS6jTF0XxxatASnbJ2Z-Jmx6C3QPKXQoBkKtcIAe5LaQTmLXUbNadyRYDEKqozj-0nerUmuV5o6vJxyTp-gmK2ccuRcSKLoV0w46P8ZSMtSghiwLSkIIbSCvdGFw7FUYjbQ_fLOWDTTGzGsuREwbYmHcsEeLaHU&amp;__tn__=*NK-R\">#metroredes<\/a><a href=\"https:\/\/www.facebook.com\/hashtag\/insivumeh?__eep__=6&amp;__cft__[0]=AZXIJdKDVLPNvmr1jVqkDhImqzQEk6TXKtlnRS6jTF0XxxatASnbJ2Z-Jmx6C3QPKXQoBkKtcIAe5LaQTmLXUbNadyRYDEKqozj-0nerUmuV5o6vJxyTp-gmK2ccuRcSKLoV0w46P8ZSMtSghiwLSkIIbSCvdGFw7FUYjbQ_fLOWDTTGzGsuREwbYmHcsEeLaHU&amp;__tn__=*NK-R\">#INSIVUMEH<\/a><\/p>\n\n\n\n<p><\/p>\n","protected":false},"excerpt":{"rendered":"<p>El Instituto Nacional de Sismolog\u00eda, Vulcanolog\u00eda, Meteorolog\u00eda e Hidrolog\u00eda (Insivumeh) comparti\u00f3 los impactos que se pronostican para este fin de semana por el ingreso de un frente fr\u00edo al territorio nacional. Las autoridades destacaron que el acercamiento de este frente fr\u00edo se registr\u00f3 el viernes, el cual puede generar nublados acompa\u00f1ados de lloviznas y lluvias. <a class=\"read-more\" href=\"https:\/\/elmetropolitano.com.gt\/es\/comparten-pronostico-de-impactos-por-ingreso-de-frente-frio\/\">Leer m\u00e1s<\/a><\/p>\n","protected":false},"author":1,"featured_media":61308,"comment_status":"open","ping_status":"closed","sticky":false,"template":"","format":"standard","meta":{"footnotes":""},"categories":[2],"tags":[12],"class_list":["post-61307","post","type-post","status-publish","format-standard","has-post-thumbnail","hentry","category-nacionales","tag-nacionales"],"_links":{"self":[{"href":"https:\/\/elmetropolitano.com.gt\/es\/wp-json\/wp\/v2\/posts\/61307","targetHints":{"allow":["GET"]}}],"collection":[{"href":"https:\/\/elmetropolitano.com.gt\/es\/wp-json\/wp\/v2\/posts"}],"about":[{"href":"https:\/\/elmetropolitano.com.gt\/es\/wp-json\/wp\/v2\/types\/post"}],"author":[{"embeddable":true,"href":"https:\/\/elmetropolitano.com.gt\/es\/wp-json\/wp\/v2\/users\/1"}],"replies":[{"embeddable":true,"href":"https:\/\/elmetropolitano.com.gt\/es\/wp-json\/wp\/v2\/comments?post=61307"}],"version-history":[{"count":1,"href":"https:\/\/elmetropolitano.com.gt\/es\/wp-json\/wp\/v2\/posts\/61307\/revisions"}],"predecessor-version":[{"id":61309,"href":"https:\/\/elmetropolitano.com.gt\/es\/wp-json\/wp\/v2\/posts\/61307\/revisions\/61309"}],"wp:featuredmedia":[{"embeddable":true,"href":"https:\/\/elmetropolitano.com.gt\/es\/wp-json\/wp\/v2\/media\/61308"}],"wp:attachment":[{"href":"https:\/\/elmetropolitano.com.gt\/es\/wp-json\/wp\/v2\/media?parent=61307"}],"wp:term":[{"taxonomy":"category","embeddable":true,"href":"https:\/\/elmetropolitano.com.gt\/es\/wp-json\/wp\/v2\/categories?post=61307"},{"taxonomy":"post_tag","embeddable":true,"href":"https:\/\/elmetropolitano.com.gt\/es\/wp-json\/wp\/v2\/tags?post=61307"}],"curies":[{"name":"wp","href":"https:\/\/api.w.org\/{rel}","templated":true}]}}