{"id":61317,"date":"2023-02-18T19:08:38","date_gmt":"2023-02-19T01:08:38","guid":{"rendered":"https:\/\/elmetropolitano.com.gt\/es\/?p=61317"},"modified":"2023-02-18T19:09:23","modified_gmt":"2023-02-19T01:09:23","slug":"candidato-a-alcalde-de-valor-es-detenido-por-caso-de-explotacion-sexual","status":"publish","type":"post","link":"https:\/\/elmetropolitano.com.gt\/es\/candidato-a-alcalde-de-valor-es-detenido-por-caso-de-explotacion-sexual\/","title":{"rendered":"Candidato a alcalde de Valor es detenido por caso de explotaci\u00f3n sexual"},"content":{"rendered":"\n<p>El candidato a alcalde del municipio de Santa Mar\u00eda Ixhuat\u00e1n, Santa Rosa por el partido Valor, Byron Monterroso Mencos fue detenido este s\u00e1bado por un caso de explotaci\u00f3n sexual en la c\u00e1rcel de Mazatenango, Suchitep\u00e9quez donde trabajaba como funcionario del sistema penitenciario<\/p>\n\n\n\n<p>La <a><\/a>investigaci\u00f3n<\/p><div class=\"elmet-contenido\" id=\"elmet-3328137732\"><div class=\"elmet-adlabel\">Anuncios<\/div><div style=\"margin-top: 20px;margin-right: 20px;margin-bottom: 20px;margin-left: 20px;\" id=\"elmet-806835722\"><a href=\"https:\/\/www.facebook.com\/arrincuanantigua\/\" aria-label=\"cintillo-arrin-cual\"><img loading=\"lazy\" decoding=\"async\" src=\"https:\/\/elmetropolitano.com.gt\/es\/wp-content\/uploads\/2021\/11\/cintillo-arrin-cual-1.jpg\" alt=\"\"  srcset=\"https:\/\/elmetropolitano.com.gt\/es\/wp-content\/uploads\/2021\/11\/cintillo-arrin-cual-1.jpg 750w, https:\/\/elmetropolitano.com.gt\/es\/wp-content\/uploads\/2021\/11\/cintillo-arrin-cual-1-300x36.jpg 300w, https:\/\/elmetropolitano.com.gt\/es\/wp-content\/uploads\/2021\/11\/cintillo-arrin-cual-1-600x72.jpg 600w\" sizes=\"(max-width: 750px) 100vw, 750px\" width=\"750\" height=\"90\"   \/><\/a><\/div><\/div>\n\n\n\n<p>El caso caso que hoy destap\u00f3 el Ministerio Publico es conocido como \u201cC\u00e1rcel y Explotaci\u00f3n\u201d y las detenciones fueron efectuadas por la Agencia Fiscal Regional de Occidente de la fiscal\u00eda contra la Trata de Personas<\/p>\n\n\n\n<p>Los detenidos son Byron Monterroso Mencos, Priscila Mariacel Ram\u00edrez Aguilar de Rivera y Demetrio Flores Godoy, los tres son funcionarios de la Direcci\u00f3n General del Sistema Penitenciario.<\/p>\n\n\n\n<p>Seg\u00fan la investigaci\u00f3n del MP en junio de 2021 Byron Monterroso Mencos y Priscila Mariacel Ram\u00edrez Aguilar de Rivera, subdirector y rectora del Centro de Detenci\u00f3n Preventiva para Hombres y Mujeres de Mazatenango, respectivamente, abusaron de sus cargos y comenzaron a explotar sexualmente a algunas reclusas.<\/p>\n\n\n\n<p>\u201cDurante sus turnos, coordinadamente promovieron la organizaci\u00f3n de fiestas llamadas \u2018vueltas\u2019 en el sector de mujeres, en donde entre otras actividades se daban actos de explotaci\u00f3n sexual por los cuales cobraban Q300 en efectivo por media hora, Q600 por una hora y Q1,500 por noche, con opci\u00f3n a que dichos actos fueran cometidos en los dormitorios de los reos\u201d, detall\u00f3 el Ministerio Publico.<\/p>\n\n\n\n<p>#metroredes<\/p>\n\n\n\n<figure class=\"wp-block-gallery has-nested-images columns-default is-cropped wp-block-gallery-1 is-layout-flex wp-block-gallery-is-layout-flex\">\n<figure class=\"wp-block-image size-large\"><img loading=\"lazy\" decoding=\"async\" width=\"720\" height=\"688\" data-id=\"61320\" src=\"https:\/\/elmetropolitano.com.gt\/es\/wp-content\/uploads\/2023\/02\/331237257_573817801360249_5029376392032287743_n.jpg\" alt=\"\" class=\"wp-image-61320\" srcset=\"https:\/\/elmetropolitano.com.gt\/es\/wp-content\/uploads\/2023\/02\/331237257_573817801360249_5029376392032287743_n.jpg 720w, https:\/\/elmetropolitano.com.gt\/es\/wp-content\/uploads\/2023\/02\/331237257_573817801360249_5029376392032287743_n-300x287.jpg 300w, https:\/\/elmetropolitano.com.gt\/es\/wp-content\/uploads\/2023\/02\/331237257_573817801360249_5029376392032287743_n-600x573.jpg 600w\" sizes=\"auto, (max-width: 720px) 100vw, 720px\" \/><\/figure>\n\n\n\n<figure class=\"wp-block-image size-large\"><img loading=\"lazy\" decoding=\"async\" width=\"534\" height=\"960\" data-id=\"61319\" src=\"https:\/\/elmetropolitano.com.gt\/es\/wp-content\/uploads\/2023\/02\/331877725_857527245313865_1568447186366059713_n.jpg\" alt=\"\" class=\"wp-image-61319\" srcset=\"https:\/\/elmetropolitano.com.gt\/es\/wp-content\/uploads\/2023\/02\/331877725_857527245313865_1568447186366059713_n.jpg 534w, https:\/\/elmetropolitano.com.gt\/es\/wp-content\/uploads\/2023\/02\/331877725_857527245313865_1568447186366059713_n-167x300.jpg 167w\" sizes=\"auto, (max-width: 534px) 100vw, 534px\" \/><\/figure>\n\n\n\n<figure class=\"wp-block-image size-large\"><img loading=\"lazy\" decoding=\"async\" width=\"603\" height=\"816\" data-id=\"61322\" src=\"https:\/\/elmetropolitano.com.gt\/es\/wp-content\/uploads\/2023\/02\/332069104_594939532118207_2723283270931324217_n.jpg\" alt=\"\" class=\"wp-image-61322\" srcset=\"https:\/\/elmetropolitano.com.gt\/es\/wp-content\/uploads\/2023\/02\/332069104_594939532118207_2723283270931324217_n.jpg 603w, https:\/\/elmetropolitano.com.gt\/es\/wp-content\/uploads\/2023\/02\/332069104_594939532118207_2723283270931324217_n-222x300.jpg 222w, https:\/\/elmetropolitano.com.gt\/es\/wp-content\/uploads\/2023\/02\/332069104_594939532118207_2723283270931324217_n-600x812.jpg 600w\" sizes=\"auto, (max-width: 603px) 100vw, 603px\" \/><\/figure>\n\n\n\n<figure class=\"wp-block-image size-large\"><img loading=\"lazy\" decoding=\"async\" width=\"753\" height=\"585\" data-id=\"61321\" src=\"https:\/\/elmetropolitano.com.gt\/es\/wp-content\/uploads\/2023\/02\/332121376_1259842344570002_7003032159093500577_n.jpg\" alt=\"\" class=\"wp-image-61321\" srcset=\"https:\/\/elmetropolitano.com.gt\/es\/wp-content\/uploads\/2023\/02\/332121376_1259842344570002_7003032159093500577_n.jpg 753w, https:\/\/elmetropolitano.com.gt\/es\/wp-content\/uploads\/2023\/02\/332121376_1259842344570002_7003032159093500577_n-300x233.jpg 300w, https:\/\/elmetropolitano.com.gt\/es\/wp-content\/uploads\/2023\/02\/332121376_1259842344570002_7003032159093500577_n-600x466.jpg 600w\" sizes=\"auto, (max-width: 753px) 100vw, 753px\" \/><\/figure>\n<\/figure>\n","protected":false},"excerpt":{"rendered":"<p>El candidato a alcalde del municipio de Santa Mar\u00eda Ixhuat\u00e1n, Santa Rosa por el partido Valor, Byron Monterroso Mencos fue detenido este s\u00e1bado por un caso de explotaci\u00f3n sexual en la c\u00e1rcel de Mazatenango, Suchitep\u00e9quez donde trabajaba como funcionario del sistema penitenciario La investigaci\u00f3n El caso caso que hoy destap\u00f3 el Ministerio Publico es conocido <a class=\"read-more\" href=\"https:\/\/elmetropolitano.com.gt\/es\/candidato-a-alcalde-de-valor-es-detenido-por-caso-de-explotacion-sexual\/\">Leer m\u00e1s<\/a><\/p>\n","protected":false},"author":1,"featured_media":61318,"comment_status":"open","ping_status":"closed","sticky":false,"template":"","format":"standard","meta":{"footnotes":""},"categories":[4],"tags":[13],"class_list":["post-61317","post","type-post","status-publish","format-standard","has-post-thumbnail","hentry","category-departamentales","tag-departamentales"],"_links":{"self":[{"href":"https:\/\/elmetropolitano.com.gt\/es\/wp-json\/wp\/v2\/posts\/61317","targetHints":{"allow":["GET"]}}],"collection":[{"href":"https:\/\/elmetropolitano.com.gt\/es\/wp-json\/wp\/v2\/posts"}],"about":[{"href":"https:\/\/elmetropolitano.com.gt\/es\/wp-json\/wp\/v2\/types\/post"}],"author":[{"embeddable":true,"href":"https:\/\/elmetropolitano.com.gt\/es\/wp-json\/wp\/v2\/users\/1"}],"replies":[{"embeddable":true,"href":"https:\/\/elmetropolitano.com.gt\/es\/wp-json\/wp\/v2\/comments?post=61317"}],"version-history":[{"count":1,"href":"https:\/\/elmetropolitano.com.gt\/es\/wp-json\/wp\/v2\/posts\/61317\/revisions"}],"predecessor-version":[{"id":61323,"href":"https:\/\/elmetropolitano.com.gt\/es\/wp-json\/wp\/v2\/posts\/61317\/revisions\/61323"}],"wp:featuredmedia":[{"embeddable":true,"href":"https:\/\/elmetropolitano.com.gt\/es\/wp-json\/wp\/v2\/media\/61318"}],"wp:attachment":[{"href":"https:\/\/elmetropolitano.com.gt\/es\/wp-json\/wp\/v2\/media?parent=61317"}],"wp:term":[{"taxonomy":"category","embeddable":true,"href":"https:\/\/elmetropolitano.com.gt\/es\/wp-json\/wp\/v2\/categories?post=61317"},{"taxonomy":"post_tag","embeddable":true,"href":"https:\/\/elmetropolitano.com.gt\/es\/wp-json\/wp\/v2\/tags?post=61317"}],"curies":[{"name":"wp","href":"https:\/\/api.w.org\/{rel}","templated":true}]}}