{"id":61461,"date":"2023-02-20T12:50:49","date_gmt":"2023-02-20T18:50:49","guid":{"rendered":"https:\/\/elmetropolitano.com.gt\/es\/?p=61461"},"modified":"2023-02-20T12:50:50","modified_gmt":"2023-02-20T18:50:50","slug":"el-volcan-de-fuego-registra-explosiones-y-caida-de-ceniza","status":"publish","type":"post","link":"https:\/\/elmetropolitano.com.gt\/es\/el-volcan-de-fuego-registra-explosiones-y-caida-de-ceniza\/","title":{"rendered":"El Volc\u00e1n de fuego registra explosiones y ca\u00edda de ceniza"},"content":{"rendered":"\n<p>Esta ma\u00f1ana el Observatorio del Volc\u00e1n de Fuego reporta elevaci\u00f3n de columnas de ceniza a una altura m\u00e1xima de 4 mil 600 metros sobre el nivel del mar. Esta actividad se debe a que el complejo volc\u00e1nico registra de 4 a 8 explosiones por hora de caracter\u00edsticas d\u00e9biles, moderadas y fuertes.<\/p>\n\n\n\n<p><a><\/a>Dichas explosiones son acompa\u00f1adas de retumbos y ondas de choques d\u00e9biles lo que provoca pulsos de material incandescente de entre 100 y 200 metros de altura sobre el cr\u00e1ter, detalla el Instituto de Sismolog\u00eda, Vulcanolog\u00eda, Meteorolog\u00eda e Hidrolog\u00eda -INSIVUMEH- a trav\u00e9s de su bolet\u00edn vulcanol\u00f3gico diario.<\/p><div class=\"elmet-contenido\" id=\"elmet-3192477207\"><div class=\"elmet-adlabel\">Anuncios<\/div><div style=\"margin-top: 20px;margin-right: 20px;margin-bottom: 20px;margin-left: 20px;\" id=\"elmet-4025899536\"><a href=\"https:\/\/www.facebook.com\/arrincuanantigua\/\" aria-label=\"cintillo-arrin-cual\"><img loading=\"lazy\" decoding=\"async\" src=\"https:\/\/elmetropolitano.com.gt\/es\/wp-content\/uploads\/2021\/11\/cintillo-arrin-cual-1.jpg\" alt=\"\"  srcset=\"https:\/\/elmetropolitano.com.gt\/es\/wp-content\/uploads\/2021\/11\/cintillo-arrin-cual-1.jpg 750w, https:\/\/elmetropolitano.com.gt\/es\/wp-content\/uploads\/2021\/11\/cintillo-arrin-cual-1-300x36.jpg 300w, https:\/\/elmetropolitano.com.gt\/es\/wp-content\/uploads\/2021\/11\/cintillo-arrin-cual-1-600x72.jpg 600w\" sizes=\"(max-width: 750px) 100vw, 750px\" width=\"750\" height=\"90\"   \/><\/a><\/div><\/div>\n\n\n\n<p>La actividad volc\u00e1nica genera ca\u00edda de ceniza sobre Panimach\u00e9 I, Panimach\u00e9 II, Morelia, Santa Sof\u00eda, El Porvenir, Sangre de Cristo y San Pedro Yepocapa.<\/p>\n\n\n\n<p>La Coordinadora Nacional para la Reducci\u00f3n de Desastres -CONRED- mediante el Departamento de Prevenci\u00f3n de Volcanes mantienen monitoreo constante de la actividad volc\u00e1nica y recomiendan a las personas que habitan en \u00e1reas cercanas a un volc\u00e1n, conocer el Plan de Respuesta del lugar a trav\u00e9s de sus autoridades territoriales para saber como actuar ante una situaci\u00f3n de Riesgo, Emergencia o Desastre -RED-.<\/p>\n\n\n\n<p>Para conocer acerca de la actividad del volc\u00e1n Pacaya y Santiaguito ingresar al siguiente enlace:<\/p>\n\n\n\n<p><a href=\"https:\/\/www.facebook.com\/hashtag\/metroredes?__eep__=6&amp;__cft__[0]=AZU6ZRrOlg2uPzR2kUGXf7YP6gie6jK-m3O8G5DF2PIvrhLhyDShdD_4AmsBXTEWUDkMYTZrrjKIa0REQLDOJ5rC0YsBx0szTEFzsAZKlffDNbrdZQGyezZKWbuMVoAWuwEx9yHEfeur8iQb8zuskeE-mbPoH8LeiLNh0yIp63g3gK3HOWrrw-kyAa3pvjMlRuk&amp;__tn__=*NK-R\">#metroredes<\/a><a href=\"https:\/\/www.facebook.com\/hashtag\/conred?__eep__=6&amp;__cft__[0]=AZU6ZRrOlg2uPzR2kUGXf7YP6gie6jK-m3O8G5DF2PIvrhLhyDShdD_4AmsBXTEWUDkMYTZrrjKIa0REQLDOJ5rC0YsBx0szTEFzsAZKlffDNbrdZQGyezZKWbuMVoAWuwEx9yHEfeur8iQb8zuskeE-mbPoH8LeiLNh0yIp63g3gK3HOWrrw-kyAa3pvjMlRuk&amp;__tn__=*NK-R\">#conred<\/a><\/p>\n\n\n\n<p><\/p>\n","protected":false},"excerpt":{"rendered":"<p>Esta ma\u00f1ana el Observatorio del Volc\u00e1n de Fuego reporta elevaci\u00f3n de columnas de ceniza a una altura m\u00e1xima de 4 mil 600 metros sobre el nivel del mar. Esta actividad se debe a que el complejo volc\u00e1nico registra de 4 a 8 explosiones por hora de caracter\u00edsticas d\u00e9biles, moderadas y fuertes. Dichas explosiones son acompa\u00f1adas <a class=\"read-more\" href=\"https:\/\/elmetropolitano.com.gt\/es\/el-volcan-de-fuego-registra-explosiones-y-caida-de-ceniza\/\">Leer m\u00e1s<\/a><\/p>\n","protected":false},"author":1,"featured_media":61462,"comment_status":"open","ping_status":"closed","sticky":false,"template":"","format":"standard","meta":{"footnotes":""},"categories":[4],"tags":[13],"class_list":["post-61461","post","type-post","status-publish","format-standard","has-post-thumbnail","hentry","category-departamentales","tag-departamentales"],"_links":{"self":[{"href":"https:\/\/elmetropolitano.com.gt\/es\/wp-json\/wp\/v2\/posts\/61461","targetHints":{"allow":["GET"]}}],"collection":[{"href":"https:\/\/elmetropolitano.com.gt\/es\/wp-json\/wp\/v2\/posts"}],"about":[{"href":"https:\/\/elmetropolitano.com.gt\/es\/wp-json\/wp\/v2\/types\/post"}],"author":[{"embeddable":true,"href":"https:\/\/elmetropolitano.com.gt\/es\/wp-json\/wp\/v2\/users\/1"}],"replies":[{"embeddable":true,"href":"https:\/\/elmetropolitano.com.gt\/es\/wp-json\/wp\/v2\/comments?post=61461"}],"version-history":[{"count":1,"href":"https:\/\/elmetropolitano.com.gt\/es\/wp-json\/wp\/v2\/posts\/61461\/revisions"}],"predecessor-version":[{"id":61463,"href":"https:\/\/elmetropolitano.com.gt\/es\/wp-json\/wp\/v2\/posts\/61461\/revisions\/61463"}],"wp:featuredmedia":[{"embeddable":true,"href":"https:\/\/elmetropolitano.com.gt\/es\/wp-json\/wp\/v2\/media\/61462"}],"wp:attachment":[{"href":"https:\/\/elmetropolitano.com.gt\/es\/wp-json\/wp\/v2\/media?parent=61461"}],"wp:term":[{"taxonomy":"category","embeddable":true,"href":"https:\/\/elmetropolitano.com.gt\/es\/wp-json\/wp\/v2\/categories?post=61461"},{"taxonomy":"post_tag","embeddable":true,"href":"https:\/\/elmetropolitano.com.gt\/es\/wp-json\/wp\/v2\/tags?post=61461"}],"curies":[{"name":"wp","href":"https:\/\/api.w.org\/{rel}","templated":true}]}}