{"id":61465,"date":"2023-02-20T14:14:59","date_gmt":"2023-02-20T20:14:59","guid":{"rendered":"https:\/\/elmetropolitano.com.gt\/es\/?p=61465"},"modified":"2023-02-20T14:40:35","modified_gmt":"2023-02-20T20:40:35","slug":"en-el-puerto-san-jose-no-se-aceptaran-pintas-de-partidos-politicos-ni-de-comercios","status":"publish","type":"post","link":"https:\/\/elmetropolitano.com.gt\/es\/en-el-puerto-san-jose-no-se-aceptaran-pintas-de-partidos-politicos-ni-de-comercios\/","title":{"rendered":"En el puerto San Jos\u00e9 no se aceptar\u00e1n pintas de partidos pol\u00edticos ni de comercios"},"content":{"rendered":"\n<p>Con el fin de mantener el ornato del municipio, el Concejo Municipal del Puerto San Jos\u00e9, a petici\u00f3n del alcalde Marco Vinicio Najarro, acord\u00f3 prohibir las pintas o adhesivos en los postes del alumbrado p\u00fablico y cualquier tipo de pilotes, para detener el desorden visual que provocan las campa\u00f1as pol\u00edticas.<\/p>\n\n\n\n<p>Lo <a><\/a>anterior fue publicado en el Diario de Centroam\u00e9rica y entra en vigencia de inmediato con la prohibici\u00f3n para todo el municipio, cabecera, colonias, barrios, aldeas y comunidades, pues esto provoca una terrible contaminaci\u00f3n visual y los da\u00f1os quedan por a\u00f1os debido a los adhesivos y paredes pintadas.<\/p><div class=\"elmet-contenido\" id=\"elmet-1862743069\"><div class=\"elmet-adlabel\">Anuncios<\/div><div style=\"margin-top: 20px;margin-right: 20px;margin-bottom: 20px;margin-left: 20px;\" id=\"elmet-1525870397\"><a href=\"https:\/\/www.facebook.com\/arrincuanantigua\/\" aria-label=\"cintillo-arrin-cual\"><img loading=\"lazy\" decoding=\"async\" src=\"https:\/\/elmetropolitano.com.gt\/es\/wp-content\/uploads\/2021\/11\/cintillo-arrin-cual-1.jpg\" alt=\"\"  srcset=\"https:\/\/elmetropolitano.com.gt\/es\/wp-content\/uploads\/2021\/11\/cintillo-arrin-cual-1.jpg 750w, https:\/\/elmetropolitano.com.gt\/es\/wp-content\/uploads\/2021\/11\/cintillo-arrin-cual-1-300x36.jpg 300w, https:\/\/elmetropolitano.com.gt\/es\/wp-content\/uploads\/2021\/11\/cintillo-arrin-cual-1-600x72.jpg 600w\" sizes=\"(max-width: 750px) 100vw, 750px\" width=\"750\" height=\"90\"   \/><\/a><\/div><\/div>\n\n\n\n<p>Seg\u00fan se indic\u00f3 los partidos pol\u00edticos solo tienen autorizado realizar sus campa\u00f1as con mantas vin\u00e1ticas, l\u00e1minas o similares, toda vez no generen adhesi\u00f3n a los postes a los postes y no generen contaminaci\u00f3n visual que ocasiona da\u00f1o permanente y lograr de esa manera respeto y fomentar una cultura de limpieza y orden en el municipio.<\/p>\n\n\n\n<p>Esto va tambi\u00e9n para las entidades comerciales<\/p>\n\n\n\n<p>La administraci\u00f3n municipal hace un llamado a la conciencia de las distintas entidades o empresas comerciales ya que esto no es solo para las agrupaciones pol\u00edticas sino para las entidades de comercio, a los secretarios municipales, candidatos a ocupar cargos p\u00fablicos y a los simpatizantes de los mismos.<\/p>\n\n\n\n<p>A\u00f1aden que de violarse este acuerdo se tomar\u00e1n acciones legales que en derecho correspondan y las medidas administrativas que se consientes oportunas en contra de quien corresponda y se impondr\u00e1n las multas correspondientes.<\/p>\n\n\n\n<p><a href=\"https:\/\/www.facebook.com\/hashtag\/metroredes?__eep__=6&amp;__cft__[0]=AZUKuUtJQExlrM76nQaOIsOWDtCHV1el3PZVBVCL5V1tM7LAg4ThLEOpMorpr0L5kiaV218bu2p0NJyLevrfZIGvuW3vR8GTa7_hibQpXPjeR4GVoWbQmx1BQKkmwSpWqn_ju-PPjuJVp6B-H4autiObZe6kobTvpNTpP5UL2VhoMk4W_M-9NB50rens6CYB1Qg&amp;__tn__=*NK-R\">#metroredes<\/a><a href=\"https:\/\/www.facebook.com\/hashtag\/eleccionesgt2023?__eep__=6&amp;__cft__[0]=AZUKuUtJQExlrM76nQaOIsOWDtCHV1el3PZVBVCL5V1tM7LAg4ThLEOpMorpr0L5kiaV218bu2p0NJyLevrfZIGvuW3vR8GTa7_hibQpXPjeR4GVoWbQmx1BQKkmwSpWqn_ju-PPjuJVp6B-H4autiObZe6kobTvpNTpP5UL2VhoMk4W_M-9NB50rens6CYB1Qg&amp;__tn__=*NK-R\">#EleccionesGT2023<\/a><a href=\"https:\/\/www.facebook.com\/hashtag\/yovoto?__eep__=6&amp;__cft__[0]=AZUKuUtJQExlrM76nQaOIsOWDtCHV1el3PZVBVCL5V1tM7LAg4ThLEOpMorpr0L5kiaV218bu2p0NJyLevrfZIGvuW3vR8GTa7_hibQpXPjeR4GVoWbQmx1BQKkmwSpWqn_ju-PPjuJVp6B-H4autiObZe6kobTvpNTpP5UL2VhoMk4W_M-9NB50rens6CYB1Qg&amp;__tn__=*NK-R\">#YoVoto<\/a><\/p>\n\n\n\n<figure class=\"wp-block-gallery has-nested-images columns-default is-cropped wp-block-gallery-1 is-layout-flex wp-block-gallery-is-layout-flex\">\n<figure class=\"wp-block-image size-large\"><img loading=\"lazy\" decoding=\"async\" width=\"1024\" height=\"766\" data-id=\"61467\" src=\"https:\/\/elmetropolitano.com.gt\/es\/wp-content\/uploads\/2023\/02\/332370830_1251057582457293_2563408266717152554_n-1-1024x766.jpg\" alt=\"\" class=\"wp-image-61467\" srcset=\"https:\/\/elmetropolitano.com.gt\/es\/wp-content\/uploads\/2023\/02\/332370830_1251057582457293_2563408266717152554_n-1-1024x766.jpg 1024w, https:\/\/elmetropolitano.com.gt\/es\/wp-content\/uploads\/2023\/02\/332370830_1251057582457293_2563408266717152554_n-1-300x224.jpg 300w, https:\/\/elmetropolitano.com.gt\/es\/wp-content\/uploads\/2023\/02\/332370830_1251057582457293_2563408266717152554_n-1-768x575.jpg 768w, https:\/\/elmetropolitano.com.gt\/es\/wp-content\/uploads\/2023\/02\/332370830_1251057582457293_2563408266717152554_n-1-600x449.jpg 600w, https:\/\/elmetropolitano.com.gt\/es\/wp-content\/uploads\/2023\/02\/332370830_1251057582457293_2563408266717152554_n-1.jpg 1195w\" sizes=\"auto, (max-width: 1024px) 100vw, 1024px\" \/><\/figure>\n<\/figure>\n","protected":false},"excerpt":{"rendered":"<p>Con el fin de mantener el ornato del municipio, el Concejo Municipal del Puerto San Jos\u00e9, a petici\u00f3n del alcalde Marco Vinicio Najarro, acord\u00f3 prohibir las pintas o adhesivos en los postes del alumbrado p\u00fablico y cualquier tipo de pilotes, para detener el desorden visual que provocan las campa\u00f1as pol\u00edticas. Lo anterior fue publicado en <a class=\"read-more\" href=\"https:\/\/elmetropolitano.com.gt\/es\/en-el-puerto-san-jose-no-se-aceptaran-pintas-de-partidos-politicos-ni-de-comercios\/\">Leer m\u00e1s<\/a><\/p>\n","protected":false},"author":1,"featured_media":61466,"comment_status":"open","ping_status":"closed","sticky":false,"template":"","format":"standard","meta":{"footnotes":""},"categories":[4],"tags":[13],"class_list":["post-61465","post","type-post","status-publish","format-standard","has-post-thumbnail","hentry","category-departamentales","tag-departamentales"],"_links":{"self":[{"href":"https:\/\/elmetropolitano.com.gt\/es\/wp-json\/wp\/v2\/posts\/61465","targetHints":{"allow":["GET"]}}],"collection":[{"href":"https:\/\/elmetropolitano.com.gt\/es\/wp-json\/wp\/v2\/posts"}],"about":[{"href":"https:\/\/elmetropolitano.com.gt\/es\/wp-json\/wp\/v2\/types\/post"}],"author":[{"embeddable":true,"href":"https:\/\/elmetropolitano.com.gt\/es\/wp-json\/wp\/v2\/users\/1"}],"replies":[{"embeddable":true,"href":"https:\/\/elmetropolitano.com.gt\/es\/wp-json\/wp\/v2\/comments?post=61465"}],"version-history":[{"count":2,"href":"https:\/\/elmetropolitano.com.gt\/es\/wp-json\/wp\/v2\/posts\/61465\/revisions"}],"predecessor-version":[{"id":61469,"href":"https:\/\/elmetropolitano.com.gt\/es\/wp-json\/wp\/v2\/posts\/61465\/revisions\/61469"}],"wp:featuredmedia":[{"embeddable":true,"href":"https:\/\/elmetropolitano.com.gt\/es\/wp-json\/wp\/v2\/media\/61466"}],"wp:attachment":[{"href":"https:\/\/elmetropolitano.com.gt\/es\/wp-json\/wp\/v2\/media?parent=61465"}],"wp:term":[{"taxonomy":"category","embeddable":true,"href":"https:\/\/elmetropolitano.com.gt\/es\/wp-json\/wp\/v2\/categories?post=61465"},{"taxonomy":"post_tag","embeddable":true,"href":"https:\/\/elmetropolitano.com.gt\/es\/wp-json\/wp\/v2\/tags?post=61465"}],"curies":[{"name":"wp","href":"https:\/\/api.w.org\/{rel}","templated":true}]}}