{"id":61542,"date":"2023-02-22T11:12:33","date_gmt":"2023-02-22T17:12:33","guid":{"rendered":"https:\/\/elmetropolitano.com.gt\/es\/?p=61542"},"modified":"2023-02-22T11:12:34","modified_gmt":"2023-02-22T17:12:34","slug":"asi-se-vivio-el-carnaval-mazateco","status":"publish","type":"post","link":"https:\/\/elmetropolitano.com.gt\/es\/asi-se-vivio-el-carnaval-mazateco\/","title":{"rendered":"As\u00ed se vivi\u00f3 el Carnaval Mazateco"},"content":{"rendered":"\n<p>Decenas de colegios, grupos culturales, empresas y vecinos en general hicieron gala de su talento y sus mejores pasos de baile en su recorrido por las principales calles y avenidas de Mazatenango, donde este martes se celebr\u00f3 el tradicional carnaval.<\/p>\n\n\n\n<p>A las 9:00 se inici\u00f3 el desfile de comparsas, que cont\u00f3 con la participaci\u00f3n de locales y visitantes, quienes se organizaron previamente para ser parte del colorido festejo. Hasta las mascotas <a><\/a>disfrutaron de la actividad y vistieron sus mejores disfraces.<\/p><div class=\"elmet-contenido\" id=\"elmet-3823069313\"><div class=\"elmet-adlabel\">Anuncios<\/div><div style=\"margin-top: 20px;margin-right: 20px;margin-bottom: 20px;margin-left: 20px;\" id=\"elmet-576981344\"><a href=\"https:\/\/www.facebook.com\/arrincuanantigua\/\" aria-label=\"cintillo-arrin-cual\"><img loading=\"lazy\" decoding=\"async\" src=\"https:\/\/elmetropolitano.com.gt\/es\/wp-content\/uploads\/2021\/11\/cintillo-arrin-cual-1.jpg\" alt=\"\"  srcset=\"https:\/\/elmetropolitano.com.gt\/es\/wp-content\/uploads\/2021\/11\/cintillo-arrin-cual-1.jpg 750w, https:\/\/elmetropolitano.com.gt\/es\/wp-content\/uploads\/2021\/11\/cintillo-arrin-cual-1-300x36.jpg 300w, https:\/\/elmetropolitano.com.gt\/es\/wp-content\/uploads\/2021\/11\/cintillo-arrin-cual-1-600x72.jpg 600w\" sizes=\"(max-width: 750px) 100vw, 750px\" width=\"750\" height=\"90\"   \/><\/a><\/div><\/div>\n\n\n\n<p>El carnaval ha vuelto a las calles despu\u00e9s de dos a\u00f1os de suspensi\u00f3n y las familias mazatecas lo han recibido con alegr\u00eda. Bandas escolares, bailarines, representantes de la belleza y tradiciones de la zona se hicieron presentes.<\/p>\n\n\n\n<p>Nuevamente las principales v\u00edas de la cabecera departamental de Suchitep\u00e9quez fueron decoradas con antifaces, m\u00e1scaras, picapica y serpentinas, elementos t\u00edpicos de la celebraci\u00f3n.<\/p>\n\n\n\n<p>Contin\u00faan actividades<\/p>\n\n\n\n<p>Para continuar con la fiesta, esta tarde se llevar\u00e1 a cabo un concierto en el Estadio Carlos Salazar Hijo y el mi\u00e9rcoles habr\u00e1 un desfile cultural, as\u00ed como un festival gastron\u00f3mico y un concurso de altares.<\/p>\n\n\n\n<p>Para el jueves est\u00e1 previsto un desfile h\u00edpico que recorrer\u00e1 las principales calles de Mazatenango, desde las 9:00 horas. Adem\u00e1s, se efectuar\u00e1 un concurso de mamarrachos.<\/p>\n\n\n\n<p>De acuerdo con el programa, el viernes se desarrollar\u00e1 un desfile militar y una exhibici\u00f3n de paracaidistas. Para finalizar los ocho d\u00edas de celebraci\u00f3n, el s\u00e1bado habr\u00e1 un desfile nocturno.<\/p>\n\n\n\n<p>Autoridades y vecinos coinciden en que el regreso del carnaval ha impactado no solo en la conservaci\u00f3n de la cultura local, sino que ha representado una recuperaci\u00f3n para el sector tur\u00edstico.<\/p>\n\n\n\n<p>Esto se debe a que la actividad es una de las principales del a\u00f1o y atrae a gran cantidad de visitantes nacionales y extranjeros. Hoteles, restaurantes y otros comercios se benefician con estos arribos, lo cual impacta en el desarrollo local y departamental.<\/p>\n\n\n\n<p>Para velar por la seguridad de propios y visitantes, la Polic\u00eda Nacional Civil destac\u00f3 unos 600 elementos, informaron autoridades de la Comisar\u00eda 33.<\/p>\n\n\n\n<p>Texto: Manuel San Juan<\/p>\n\n\n\n<p><a href=\"https:\/\/www.facebook.com\/hashtag\/carnavalmazateco?__eep__=6&amp;__cft__[0]=AZWJFGYBBfa8VNGQoKMorvenPcyzAnfPn3xfYupcMPPIR6LeZgcu4ny2Nt4c-12DhEpZT4QCFpV6eiqZkRg7uUBTInQ3PnWSEgNllFVxSnzZHnoqMXIzwQwYnJYWa7svqntD7Fasl7EpiSIr77os9npLvQOJW5sY1arjw1uq7jxbkUf7gw2u0XR4gv6wJTZ1xlg&amp;__tn__=*NK-R\">#CarnavalMazateco<\/a><a href=\"https:\/\/www.facebook.com\/hashtag\/metroredes?__eep__=6&amp;__cft__[0]=AZWJFGYBBfa8VNGQoKMorvenPcyzAnfPn3xfYupcMPPIR6LeZgcu4ny2Nt4c-12DhEpZT4QCFpV6eiqZkRg7uUBTInQ3PnWSEgNllFVxSnzZHnoqMXIzwQwYnJYWa7svqntD7Fasl7EpiSIr77os9npLvQOJW5sY1arjw1uq7jxbkUf7gw2u0XR4gv6wJTZ1xlg&amp;__tn__=*NK-R\">#metroredes<\/a><a href=\"https:\/\/www.facebook.com\/hashtag\/agn?__eep__=6&amp;__cft__[0]=AZWJFGYBBfa8VNGQoKMorvenPcyzAnfPn3xfYupcMPPIR6LeZgcu4ny2Nt4c-12DhEpZT4QCFpV6eiqZkRg7uUBTInQ3PnWSEgNllFVxSnzZHnoqMXIzwQwYnJYWa7svqntD7Fasl7EpiSIr77os9npLvQOJW5sY1arjw1uq7jxbkUf7gw2u0XR4gv6wJTZ1xlg&amp;__tn__=*NK-R\">#agn<\/a><\/p>\n\n\n\n<figure class=\"wp-block-gallery has-nested-images columns-default is-cropped wp-block-gallery-1 is-layout-flex wp-block-gallery-is-layout-flex\">\n<figure class=\"wp-block-image size-large\"><img loading=\"lazy\" decoding=\"async\" width=\"1024\" height=\"576\" data-id=\"61546\" src=\"https:\/\/elmetropolitano.com.gt\/es\/wp-content\/uploads\/2023\/02\/329549674_3417728201795772_5051701613798253351_n-1024x576.jpg\" alt=\"\" class=\"wp-image-61546\" srcset=\"https:\/\/elmetropolitano.com.gt\/es\/wp-content\/uploads\/2023\/02\/329549674_3417728201795772_5051701613798253351_n-1024x576.jpg 1024w, https:\/\/elmetropolitano.com.gt\/es\/wp-content\/uploads\/2023\/02\/329549674_3417728201795772_5051701613798253351_n-300x169.jpg 300w, https:\/\/elmetropolitano.com.gt\/es\/wp-content\/uploads\/2023\/02\/329549674_3417728201795772_5051701613798253351_n-768x432.jpg 768w, https:\/\/elmetropolitano.com.gt\/es\/wp-content\/uploads\/2023\/02\/329549674_3417728201795772_5051701613798253351_n-1536x864.jpg 1536w, https:\/\/elmetropolitano.com.gt\/es\/wp-content\/uploads\/2023\/02\/329549674_3417728201795772_5051701613798253351_n-600x338.jpg 600w, https:\/\/elmetropolitano.com.gt\/es\/wp-content\/uploads\/2023\/02\/329549674_3417728201795772_5051701613798253351_n.jpg 2048w\" sizes=\"auto, (max-width: 1024px) 100vw, 1024px\" \/><\/figure>\n\n\n\n<figure class=\"wp-block-image size-large\"><img loading=\"lazy\" decoding=\"async\" width=\"1024\" height=\"576\" data-id=\"61547\" src=\"https:\/\/elmetropolitano.com.gt\/es\/wp-content\/uploads\/2023\/02\/329839984_598596751702948_9105172591730033050_n-1024x576.jpg\" alt=\"\" class=\"wp-image-61547\" srcset=\"https:\/\/elmetropolitano.com.gt\/es\/wp-content\/uploads\/2023\/02\/329839984_598596751702948_9105172591730033050_n-1024x576.jpg 1024w, https:\/\/elmetropolitano.com.gt\/es\/wp-content\/uploads\/2023\/02\/329839984_598596751702948_9105172591730033050_n-300x169.jpg 300w, https:\/\/elmetropolitano.com.gt\/es\/wp-content\/uploads\/2023\/02\/329839984_598596751702948_9105172591730033050_n-768x432.jpg 768w, https:\/\/elmetropolitano.com.gt\/es\/wp-content\/uploads\/2023\/02\/329839984_598596751702948_9105172591730033050_n-1536x864.jpg 1536w, https:\/\/elmetropolitano.com.gt\/es\/wp-content\/uploads\/2023\/02\/329839984_598596751702948_9105172591730033050_n-600x338.jpg 600w, https:\/\/elmetropolitano.com.gt\/es\/wp-content\/uploads\/2023\/02\/329839984_598596751702948_9105172591730033050_n.jpg 2048w\" sizes=\"auto, (max-width: 1024px) 100vw, 1024px\" \/><\/figure>\n\n\n\n<figure class=\"wp-block-image size-large\"><img loading=\"lazy\" decoding=\"async\" width=\"1024\" height=\"512\" data-id=\"61545\" src=\"https:\/\/elmetropolitano.com.gt\/es\/wp-content\/uploads\/2023\/02\/330223995_710058870606806_7466527828638127250_n-1024x512.jpg\" alt=\"\" class=\"wp-image-61545\" srcset=\"https:\/\/elmetropolitano.com.gt\/es\/wp-content\/uploads\/2023\/02\/330223995_710058870606806_7466527828638127250_n-1024x512.jpg 1024w, https:\/\/elmetropolitano.com.gt\/es\/wp-content\/uploads\/2023\/02\/330223995_710058870606806_7466527828638127250_n-300x150.jpg 300w, https:\/\/elmetropolitano.com.gt\/es\/wp-content\/uploads\/2023\/02\/330223995_710058870606806_7466527828638127250_n-768x384.jpg 768w, https:\/\/elmetropolitano.com.gt\/es\/wp-content\/uploads\/2023\/02\/330223995_710058870606806_7466527828638127250_n-600x300.jpg 600w, https:\/\/elmetropolitano.com.gt\/es\/wp-content\/uploads\/2023\/02\/330223995_710058870606806_7466527828638127250_n.jpg 1140w\" sizes=\"auto, (max-width: 1024px) 100vw, 1024px\" \/><\/figure>\n\n\n\n<figure class=\"wp-block-image size-large\"><img loading=\"lazy\" decoding=\"async\" width=\"1024\" height=\"576\" data-id=\"61544\" src=\"https:\/\/elmetropolitano.com.gt\/es\/wp-content\/uploads\/2023\/02\/330385229_1266515534243596_2478110228982324154_n-1024x576.jpg\" alt=\"\" class=\"wp-image-61544\" srcset=\"https:\/\/elmetropolitano.com.gt\/es\/wp-content\/uploads\/2023\/02\/330385229_1266515534243596_2478110228982324154_n-1024x576.jpg 1024w, https:\/\/elmetropolitano.com.gt\/es\/wp-content\/uploads\/2023\/02\/330385229_1266515534243596_2478110228982324154_n-300x169.jpg 300w, https:\/\/elmetropolitano.com.gt\/es\/wp-content\/uploads\/2023\/02\/330385229_1266515534243596_2478110228982324154_n-768x432.jpg 768w, https:\/\/elmetropolitano.com.gt\/es\/wp-content\/uploads\/2023\/02\/330385229_1266515534243596_2478110228982324154_n-1536x864.jpg 1536w, https:\/\/elmetropolitano.com.gt\/es\/wp-content\/uploads\/2023\/02\/330385229_1266515534243596_2478110228982324154_n-600x338.jpg 600w, https:\/\/elmetropolitano.com.gt\/es\/wp-content\/uploads\/2023\/02\/330385229_1266515534243596_2478110228982324154_n.jpg 2048w\" sizes=\"auto, (max-width: 1024px) 100vw, 1024px\" \/><\/figure>\n\n\n\n<figure class=\"wp-block-image size-large\"><img loading=\"lazy\" decoding=\"async\" width=\"1024\" height=\"576\" data-id=\"61548\" src=\"https:\/\/elmetropolitano.com.gt\/es\/wp-content\/uploads\/2023\/02\/331397088_946218896536349_8606826980499993495_n-1024x576.jpg\" alt=\"\" class=\"wp-image-61548\" srcset=\"https:\/\/elmetropolitano.com.gt\/es\/wp-content\/uploads\/2023\/02\/331397088_946218896536349_8606826980499993495_n-1024x576.jpg 1024w, https:\/\/elmetropolitano.com.gt\/es\/wp-content\/uploads\/2023\/02\/331397088_946218896536349_8606826980499993495_n-300x169.jpg 300w, https:\/\/elmetropolitano.com.gt\/es\/wp-content\/uploads\/2023\/02\/331397088_946218896536349_8606826980499993495_n-768x432.jpg 768w, https:\/\/elmetropolitano.com.gt\/es\/wp-content\/uploads\/2023\/02\/331397088_946218896536349_8606826980499993495_n-1536x864.jpg 1536w, https:\/\/elmetropolitano.com.gt\/es\/wp-content\/uploads\/2023\/02\/331397088_946218896536349_8606826980499993495_n-600x338.jpg 600w, https:\/\/elmetropolitano.com.gt\/es\/wp-content\/uploads\/2023\/02\/331397088_946218896536349_8606826980499993495_n.jpg 2048w\" sizes=\"auto, (max-width: 1024px) 100vw, 1024px\" \/><\/figure>\n\n\n\n<figure class=\"wp-block-image size-large\"><img loading=\"lazy\" decoding=\"async\" width=\"1024\" height=\"576\" data-id=\"61549\" src=\"https:\/\/elmetropolitano.com.gt\/es\/wp-content\/uploads\/2023\/02\/331429648_745763490449954_3183922058671370914_n-1024x576.jpg\" alt=\"\" class=\"wp-image-61549\" srcset=\"https:\/\/elmetropolitano.com.gt\/es\/wp-content\/uploads\/2023\/02\/331429648_745763490449954_3183922058671370914_n-1024x576.jpg 1024w, https:\/\/elmetropolitano.com.gt\/es\/wp-content\/uploads\/2023\/02\/331429648_745763490449954_3183922058671370914_n-300x169.jpg 300w, https:\/\/elmetropolitano.com.gt\/es\/wp-content\/uploads\/2023\/02\/331429648_745763490449954_3183922058671370914_n-768x432.jpg 768w, https:\/\/elmetropolitano.com.gt\/es\/wp-content\/uploads\/2023\/02\/331429648_745763490449954_3183922058671370914_n-1536x864.jpg 1536w, https:\/\/elmetropolitano.com.gt\/es\/wp-content\/uploads\/2023\/02\/331429648_745763490449954_3183922058671370914_n-600x338.jpg 600w, https:\/\/elmetropolitano.com.gt\/es\/wp-content\/uploads\/2023\/02\/331429648_745763490449954_3183922058671370914_n.jpg 2048w\" sizes=\"auto, (max-width: 1024px) 100vw, 1024px\" \/><\/figure>\n\n\n\n<figure class=\"wp-block-image size-large\"><img loading=\"lazy\" decoding=\"async\" width=\"1024\" height=\"576\" data-id=\"61551\" src=\"https:\/\/elmetropolitano.com.gt\/es\/wp-content\/uploads\/2023\/02\/331577620_903307144126503_6994206592443474202_n-1024x576.jpg\" alt=\"\" class=\"wp-image-61551\" srcset=\"https:\/\/elmetropolitano.com.gt\/es\/wp-content\/uploads\/2023\/02\/331577620_903307144126503_6994206592443474202_n-1024x576.jpg 1024w, https:\/\/elmetropolitano.com.gt\/es\/wp-content\/uploads\/2023\/02\/331577620_903307144126503_6994206592443474202_n-300x169.jpg 300w, https:\/\/elmetropolitano.com.gt\/es\/wp-content\/uploads\/2023\/02\/331577620_903307144126503_6994206592443474202_n-768x432.jpg 768w, https:\/\/elmetropolitano.com.gt\/es\/wp-content\/uploads\/2023\/02\/331577620_903307144126503_6994206592443474202_n-1536x864.jpg 1536w, https:\/\/elmetropolitano.com.gt\/es\/wp-content\/uploads\/2023\/02\/331577620_903307144126503_6994206592443474202_n-600x338.jpg 600w, https:\/\/elmetropolitano.com.gt\/es\/wp-content\/uploads\/2023\/02\/331577620_903307144126503_6994206592443474202_n.jpg 2048w\" sizes=\"auto, (max-width: 1024px) 100vw, 1024px\" \/><\/figure>\n\n\n\n<figure class=\"wp-block-image size-large\"><img loading=\"lazy\" decoding=\"async\" width=\"618\" height=\"320\" data-id=\"61550\" src=\"https:\/\/elmetropolitano.com.gt\/es\/wp-content\/uploads\/2023\/02\/332780706_1066143011444398_2993230424459957045_n.jpg\" alt=\"\" class=\"wp-image-61550\" srcset=\"https:\/\/elmetropolitano.com.gt\/es\/wp-content\/uploads\/2023\/02\/332780706_1066143011444398_2993230424459957045_n.jpg 618w, https:\/\/elmetropolitano.com.gt\/es\/wp-content\/uploads\/2023\/02\/332780706_1066143011444398_2993230424459957045_n-300x155.jpg 300w, https:\/\/elmetropolitano.com.gt\/es\/wp-content\/uploads\/2023\/02\/332780706_1066143011444398_2993230424459957045_n-600x311.jpg 600w\" sizes=\"auto, (max-width: 618px) 100vw, 618px\" \/><\/figure>\n<\/figure>\n","protected":false},"excerpt":{"rendered":"<p>Decenas de colegios, grupos culturales, empresas y vecinos en general hicieron gala de su talento y sus mejores pasos de baile en su recorrido por las principales calles y avenidas de Mazatenango, donde este martes se celebr\u00f3 el tradicional carnaval. A las 9:00 se inici\u00f3 el desfile de comparsas, que cont\u00f3 con la participaci\u00f3n de <a class=\"read-more\" href=\"https:\/\/elmetropolitano.com.gt\/es\/asi-se-vivio-el-carnaval-mazateco\/\">Leer m\u00e1s<\/a><\/p>\n","protected":false},"author":1,"featured_media":61543,"comment_status":"open","ping_status":"closed","sticky":false,"template":"","format":"standard","meta":{"footnotes":""},"categories":[4],"tags":[13],"class_list":["post-61542","post","type-post","status-publish","format-standard","has-post-thumbnail","hentry","category-departamentales","tag-departamentales"],"_links":{"self":[{"href":"https:\/\/elmetropolitano.com.gt\/es\/wp-json\/wp\/v2\/posts\/61542","targetHints":{"allow":["GET"]}}],"collection":[{"href":"https:\/\/elmetropolitano.com.gt\/es\/wp-json\/wp\/v2\/posts"}],"about":[{"href":"https:\/\/elmetropolitano.com.gt\/es\/wp-json\/wp\/v2\/types\/post"}],"author":[{"embeddable":true,"href":"https:\/\/elmetropolitano.com.gt\/es\/wp-json\/wp\/v2\/users\/1"}],"replies":[{"embeddable":true,"href":"https:\/\/elmetropolitano.com.gt\/es\/wp-json\/wp\/v2\/comments?post=61542"}],"version-history":[{"count":1,"href":"https:\/\/elmetropolitano.com.gt\/es\/wp-json\/wp\/v2\/posts\/61542\/revisions"}],"predecessor-version":[{"id":61552,"href":"https:\/\/elmetropolitano.com.gt\/es\/wp-json\/wp\/v2\/posts\/61542\/revisions\/61552"}],"wp:featuredmedia":[{"embeddable":true,"href":"https:\/\/elmetropolitano.com.gt\/es\/wp-json\/wp\/v2\/media\/61543"}],"wp:attachment":[{"href":"https:\/\/elmetropolitano.com.gt\/es\/wp-json\/wp\/v2\/media?parent=61542"}],"wp:term":[{"taxonomy":"category","embeddable":true,"href":"https:\/\/elmetropolitano.com.gt\/es\/wp-json\/wp\/v2\/categories?post=61542"},{"taxonomy":"post_tag","embeddable":true,"href":"https:\/\/elmetropolitano.com.gt\/es\/wp-json\/wp\/v2\/tags?post=61542"}],"curies":[{"name":"wp","href":"https:\/\/api.w.org\/{rel}","templated":true}]}}