{"id":61563,"date":"2023-02-22T12:41:25","date_gmt":"2023-02-22T18:41:25","guid":{"rendered":"https:\/\/elmetropolitano.com.gt\/es\/?p=61563"},"modified":"2023-02-22T14:26:10","modified_gmt":"2023-02-22T20:26:10","slug":"falta-de-asistencia-a-votar-permitira-el-cobro-de-peaje-en-la-nueva-autopista-escuintla-puerto-quetzal","status":"publish","type":"post","link":"https:\/\/elmetropolitano.com.gt\/es\/falta-de-asistencia-a-votar-permitira-el-cobro-de-peaje-en-la-nueva-autopista-escuintla-puerto-quetzal\/","title":{"rendered":"Falta de asistencia a votar permitir\u00e1 el cobro de peaje en la nueva autopista Escuintla-Puerto Quetzal"},"content":{"rendered":"\n<p>La falta de asistencia a las mesas de votaci\u00f3n por el NO al cobro del peaje, permitir\u00e1 que la iniciativa privada eche a andar el proyecto y se cobre arbitrio debido al poco inter\u00e9s de la poblaci\u00f3n porte\u00f1a para asistir a las mesas electorales y no alcanzar el 50% de los votos necesarios por el NO para que la consulta fuera vinculante.<\/p>\n\n\n\n<p>Seg\u00fan los datos recabados despu\u00e9s de la <a><\/a>consulta popular realizada en el Puerto San Jos\u00e9, solo el 20% de los empadronados asistieron a emitir su voto, lo que de acuerdo al art\u00edculo 66 de la Contralor\u00eda General de Cuentas de la Naci\u00f3n, no son suficiente ya que el mismo reza que: \u201cLos resultados ser\u00e1n vinculantes si participa en la consulta popular al menos el 50% de los vecinos empadronados y la mayor\u00eda vota a favor del asunto consultado\u201d.<\/p><div class=\"elmet-contenido\" id=\"elmet-4172957330\"><div class=\"elmet-adlabel\">Anuncios<\/div><div style=\"margin-top: 20px;margin-right: 20px;margin-bottom: 20px;margin-left: 20px;\" id=\"elmet-3361078454\"><a href=\"https:\/\/www.facebook.com\/arrincuanantigua\/\" aria-label=\"cintillo-arrin-cual\"><img loading=\"lazy\" decoding=\"async\" src=\"https:\/\/elmetropolitano.com.gt\/es\/wp-content\/uploads\/2021\/11\/cintillo-arrin-cual-1.jpg\" alt=\"\"  srcset=\"https:\/\/elmetropolitano.com.gt\/es\/wp-content\/uploads\/2021\/11\/cintillo-arrin-cual-1.jpg 750w, https:\/\/elmetropolitano.com.gt\/es\/wp-content\/uploads\/2021\/11\/cintillo-arrin-cual-1-300x36.jpg 300w, https:\/\/elmetropolitano.com.gt\/es\/wp-content\/uploads\/2021\/11\/cintillo-arrin-cual-1-600x72.jpg 600w\" sizes=\"(max-width: 750px) 100vw, 750px\" width=\"750\" height=\"90\"   \/><\/a><\/div><\/div>\n\n\n\n<p>Seg\u00fan el Tribunal Supremo Electoral, en ese municipio existen 37,044 vecinos empadronados actualmente y solo 4,734 fueron los que votaron por el NO, mostrando de esa manera el poco interese que la poblaci\u00f3n de esta localidad tienen al respecto y de ahora en adelante ser\u00e1 demasiado tarde protestar, alzar la voz y decir cualquier cosa, pues tuvieron su oportunidad y no la supieron aprovechar.<\/p>\n\n\n\n<p>Analistas se\u00f1alaron que esto ser\u00e1 un duro golpe para la econom\u00eda de los vecinos de ese sector, pero lamentablemente el abstencionismo y la falta de intereses que siempre se demuestra en elecciones generales, es la misma que prevalece, aunque en este caso los mismos pobladores golpearon su econom\u00eda y esto les doler\u00e1 en el futuro. <a rel=\"noreferrer noopener\" href=\"https:\/\/www.techtitute.com\/gt\/\" target=\"_blank\">https:\/\/www.techtitute.com\/gt\/<\/a><\/p>\n\n\n\n<p><a href=\"https:\/\/www.facebook.com\/hashtag\/metroredes?__eep__=6&amp;__cft__[0]=AZVdPBt_hHYbeXGiRyT2QeIpCFbf53t2GwCiRCMxlvu2HRA0_qN86HJcz5F1B1tDodka2NrM4k2GY6Gkd_jW9k4OkqFiAfbCNn8aPf2O2gZ6zNEIHf0nNEJMm30ixvbBvzE2MZHab16Y3AVRfoJWhpBY2sL2dTEh58ZmnePsl0oMzth3hOlw82_Ure32nIobliw&amp;__tn__=*NK-R\">#metrorede<\/a>s<\/p>\n\n\n\n<p><\/p>\n","protected":false},"excerpt":{"rendered":"<p>La falta de asistencia a las mesas de votaci\u00f3n por el NO al cobro del peaje, permitir\u00e1 que la iniciativa privada eche a andar el proyecto y se cobre arbitrio debido al poco inter\u00e9s de la poblaci\u00f3n porte\u00f1a para asistir a las mesas electorales y no alcanzar el 50% de los votos necesarios por el <a class=\"read-more\" href=\"https:\/\/elmetropolitano.com.gt\/es\/falta-de-asistencia-a-votar-permitira-el-cobro-de-peaje-en-la-nueva-autopista-escuintla-puerto-quetzal\/\">Leer m\u00e1s<\/a><\/p>\n","protected":false},"author":1,"featured_media":61564,"comment_status":"open","ping_status":"closed","sticky":false,"template":"","format":"standard","meta":{"footnotes":""},"categories":[4],"tags":[13],"class_list":["post-61563","post","type-post","status-publish","format-standard","has-post-thumbnail","hentry","category-departamentales","tag-departamentales"],"_links":{"self":[{"href":"https:\/\/elmetropolitano.com.gt\/es\/wp-json\/wp\/v2\/posts\/61563","targetHints":{"allow":["GET"]}}],"collection":[{"href":"https:\/\/elmetropolitano.com.gt\/es\/wp-json\/wp\/v2\/posts"}],"about":[{"href":"https:\/\/elmetropolitano.com.gt\/es\/wp-json\/wp\/v2\/types\/post"}],"author":[{"embeddable":true,"href":"https:\/\/elmetropolitano.com.gt\/es\/wp-json\/wp\/v2\/users\/1"}],"replies":[{"embeddable":true,"href":"https:\/\/elmetropolitano.com.gt\/es\/wp-json\/wp\/v2\/comments?post=61563"}],"version-history":[{"count":3,"href":"https:\/\/elmetropolitano.com.gt\/es\/wp-json\/wp\/v2\/posts\/61563\/revisions"}],"predecessor-version":[{"id":61568,"href":"https:\/\/elmetropolitano.com.gt\/es\/wp-json\/wp\/v2\/posts\/61563\/revisions\/61568"}],"wp:featuredmedia":[{"embeddable":true,"href":"https:\/\/elmetropolitano.com.gt\/es\/wp-json\/wp\/v2\/media\/61564"}],"wp:attachment":[{"href":"https:\/\/elmetropolitano.com.gt\/es\/wp-json\/wp\/v2\/media?parent=61563"}],"wp:term":[{"taxonomy":"category","embeddable":true,"href":"https:\/\/elmetropolitano.com.gt\/es\/wp-json\/wp\/v2\/categories?post=61563"},{"taxonomy":"post_tag","embeddable":true,"href":"https:\/\/elmetropolitano.com.gt\/es\/wp-json\/wp\/v2\/tags?post=61563"}],"curies":[{"name":"wp","href":"https:\/\/api.w.org\/{rel}","templated":true}]}}