{"id":61599,"date":"2023-02-23T09:58:48","date_gmt":"2023-02-23T15:58:48","guid":{"rendered":"https:\/\/elmetropolitano.com.gt\/es\/?p=61599"},"modified":"2023-02-23T09:58:50","modified_gmt":"2023-02-23T15:58:50","slug":"banguat-fija-en-4-5-la-tasa-de-interes-lider-de-politica-monetaria","status":"publish","type":"post","link":"https:\/\/elmetropolitano.com.gt\/es\/banguat-fija-en-4-5-la-tasa-de-interes-lider-de-politica-monetaria\/","title":{"rendered":"Banguat fija en 4.5 % la tasa de inter\u00e9s l\u00edder de pol\u00edtica monetaria"},"content":{"rendered":"\n<p>La junta directiva del Banco de Guatemala (Banguat) dio a conocer que fij\u00f3 en 4.5 % la tasa de inter\u00e9s l\u00edder de pol\u00edtica monetaria como medida ante la inflaci\u00f3n internacional que se registra.<\/p>\n\n\n\n<p>El <a><\/a>porcentaje equivale a un aumento de 25 puntos b\u00e1sicos, pues la tasa de inter\u00e9s l\u00edder se ubicaba en 4.25 % anteriormente.<\/p><div class=\"elmet-contenido\" id=\"elmet-3110711366\"><div class=\"elmet-adlabel\">Anuncios<\/div><div style=\"margin-top: 20px;margin-right: 20px;margin-bottom: 20px;margin-left: 20px;\" id=\"elmet-3318133602\"><a href=\"https:\/\/www.facebook.com\/arrincuanantigua\/\" aria-label=\"cintillo-arrin-cual\"><img loading=\"lazy\" decoding=\"async\" src=\"https:\/\/elmetropolitano.com.gt\/es\/wp-content\/uploads\/2021\/11\/cintillo-arrin-cual-1.jpg\" alt=\"\"  srcset=\"https:\/\/elmetropolitano.com.gt\/es\/wp-content\/uploads\/2021\/11\/cintillo-arrin-cual-1.jpg 750w, https:\/\/elmetropolitano.com.gt\/es\/wp-content\/uploads\/2021\/11\/cintillo-arrin-cual-1-300x36.jpg 300w, https:\/\/elmetropolitano.com.gt\/es\/wp-content\/uploads\/2021\/11\/cintillo-arrin-cual-1-600x72.jpg 600w\" sizes=\"(max-width: 750px) 100vw, 750px\" width=\"750\" height=\"90\"   \/><\/a><\/div><\/div>\n\n\n\n<p>Es parte de una estrategia gradual como lo han hecho otros pa\u00edses para que la inflaci\u00f3n converja con la meta trazada, sin afectar la perspectiva econ\u00f3mica, explic\u00f3 el presidente del Banguat en una conferencia de prensa.<\/p>\n\n\n\n<p>Asimismo, la junta directiva mencion\u00f3 que debido a que la inflaci\u00f3n interanual fue de 9.69 % en enero de 2023, se elevaron las expectativas de inflaci\u00f3n al igual que la tasa de inter\u00e9s l\u00edder.<\/p>\n\n\n\n<p>No obstante, se\u00f1al\u00f3 que se est\u00e1 dando un seguimiento cercano a los principales indicadores econ\u00f3micos internos y externos para determinar si la tasa de inter\u00e9s l\u00edder de pol\u00edtica monetaria cambia en el futuro.<\/p>\n\n\n\n<p>Inflaci\u00f3n a la baja<\/p>\n\n\n\n<p>Seg\u00fan estimaciones del Banguat, la inflaci\u00f3n podr\u00eda comenzar a tener una disminuci\u00f3n en marzo de este a\u00f1o. Esto debido a que se ha mantenido un monitoreo de factores externos vinculados con la econom\u00eda mundial, que augura una reducci\u00f3n.<\/p>\n\n\n\n<p>El mensaje que queremos enviar es que la inflaci\u00f3n es un fen\u00f3meno mundial y la mayor\u00eda de pa\u00edses reaccionaron con un incremento de la tasa de inter\u00e9s l\u00edder de pol\u00edtica monetaria, afirm\u00f3 el gerente econ\u00f3mico de Banguat.<\/p>\n\n\n\n<p>Adem\u00e1s, se inform\u00f3 que se autorizaron aumentos graduales de dicho factor, lo que permiti\u00f3 que no se cambiaran las proyecciones de crecimiento econ\u00f3mico nacional.<\/p>\n\n\n\n<p>Perspectiva econ\u00f3mica<\/p>\n\n\n\n<p>Durante la conferencia de prensa, se record\u00f3 que la perspectiva econ\u00f3mica es que Guatemala crezca un 3.5 %.<\/p>\n\n\n\n<p>De igual forma, se espera que las remesas familiares alcancen este a\u00f1o los 19 mil 393.3 millones de d\u00f3lares; mientras que las exportaciones podr\u00edan registrar un crecimiento del 6 % y las importaciones de un 8 %<\/p>\n\n\n\n<p>Texto: Luc\u00eda Contreras<\/p>\n\n\n\n<p><a href=\"https:\/\/www.facebook.com\/hashtag\/banguat?__eep__=6&amp;__cft__[0]=AZWrPdq1wjGQAkxqTFmd5Gb50YFuA3tTmYqXSnR5NQL-154Vm4PWKRdjZEb0d3E2rr5MmNfRaNQNgDSQlCp4M_Ogp-nB3MR7dW8VAoVv2MBB5thD4twtRZRYxnXgnkCaZjYJJ3hIlE5MbD0lCOFllhf4PtbT3zEl-KwziT8KP0yYmI0QIna6sRyX2MfeydPYxHY&amp;__tn__=*NK-R\">#Banguat<\/a><a href=\"https:\/\/www.facebook.com\/hashtag\/metroredes?__eep__=6&amp;__cft__[0]=AZWrPdq1wjGQAkxqTFmd5Gb50YFuA3tTmYqXSnR5NQL-154Vm4PWKRdjZEb0d3E2rr5MmNfRaNQNgDSQlCp4M_Ogp-nB3MR7dW8VAoVv2MBB5thD4twtRZRYxnXgnkCaZjYJJ3hIlE5MbD0lCOFllhf4PtbT3zEl-KwziT8KP0yYmI0QIna6sRyX2MfeydPYxHY&amp;__tn__=*NK-R\">#metroredes<\/a><\/p>\n\n\n\n<p><\/p>\n","protected":false},"excerpt":{"rendered":"<p>La junta directiva del Banco de Guatemala (Banguat) dio a conocer que fij\u00f3 en 4.5 % la tasa de inter\u00e9s l\u00edder de pol\u00edtica monetaria como medida ante la inflaci\u00f3n internacional que se registra. El porcentaje equivale a un aumento de 25 puntos b\u00e1sicos, pues la tasa de inter\u00e9s l\u00edder se ubicaba en 4.25 % anteriormente. <a class=\"read-more\" href=\"https:\/\/elmetropolitano.com.gt\/es\/banguat-fija-en-4-5-la-tasa-de-interes-lider-de-politica-monetaria\/\">Leer m\u00e1s<\/a><\/p>\n","protected":false},"author":1,"featured_media":61600,"comment_status":"open","ping_status":"closed","sticky":false,"template":"","format":"standard","meta":{"footnotes":""},"categories":[21],"tags":[20],"class_list":["post-61599","post","type-post","status-publish","format-standard","has-post-thumbnail","hentry","category-economia","tag-economia"],"_links":{"self":[{"href":"https:\/\/elmetropolitano.com.gt\/es\/wp-json\/wp\/v2\/posts\/61599","targetHints":{"allow":["GET"]}}],"collection":[{"href":"https:\/\/elmetropolitano.com.gt\/es\/wp-json\/wp\/v2\/posts"}],"about":[{"href":"https:\/\/elmetropolitano.com.gt\/es\/wp-json\/wp\/v2\/types\/post"}],"author":[{"embeddable":true,"href":"https:\/\/elmetropolitano.com.gt\/es\/wp-json\/wp\/v2\/users\/1"}],"replies":[{"embeddable":true,"href":"https:\/\/elmetropolitano.com.gt\/es\/wp-json\/wp\/v2\/comments?post=61599"}],"version-history":[{"count":1,"href":"https:\/\/elmetropolitano.com.gt\/es\/wp-json\/wp\/v2\/posts\/61599\/revisions"}],"predecessor-version":[{"id":61601,"href":"https:\/\/elmetropolitano.com.gt\/es\/wp-json\/wp\/v2\/posts\/61599\/revisions\/61601"}],"wp:featuredmedia":[{"embeddable":true,"href":"https:\/\/elmetropolitano.com.gt\/es\/wp-json\/wp\/v2\/media\/61600"}],"wp:attachment":[{"href":"https:\/\/elmetropolitano.com.gt\/es\/wp-json\/wp\/v2\/media?parent=61599"}],"wp:term":[{"taxonomy":"category","embeddable":true,"href":"https:\/\/elmetropolitano.com.gt\/es\/wp-json\/wp\/v2\/categories?post=61599"},{"taxonomy":"post_tag","embeddable":true,"href":"https:\/\/elmetropolitano.com.gt\/es\/wp-json\/wp\/v2\/tags?post=61599"}],"curies":[{"name":"wp","href":"https:\/\/api.w.org\/{rel}","templated":true}]}}