{"id":61690,"date":"2023-02-25T11:38:56","date_gmt":"2023-02-25T17:38:56","guid":{"rendered":"https:\/\/elmetropolitano.com.gt\/es\/?p=61690"},"modified":"2023-02-25T11:38:57","modified_gmt":"2023-02-25T17:38:57","slug":"guatemala-se-prepara-para-el-acto-de-reconocimiento-manana-de-su-semana-santa-como-patrimonio-inmaterial-de-la-humanidad","status":"publish","type":"post","link":"https:\/\/elmetropolitano.com.gt\/es\/guatemala-se-prepara-para-el-acto-de-reconocimiento-manana-de-su-semana-santa-como-patrimonio-inmaterial-de-la-humanidad\/","title":{"rendered":"Guatemala se prepara para el acto de reconocimiento ma\u00f1ana de su Semana Santa como Patrimonio Inmaterial de la Humanidad"},"content":{"rendered":"\n<p>Este domingo 26 de febrero, Guatemala recibir\u00e1 de manera oficial el reconocimiento que declara la Semana Santa en el pa\u00eds como Patrimonio Inmaterial de la Humanidad.<\/p>\n\n\n\n<p>As\u00ed lo inform\u00f3 el ministro de Cultura y Deportes, durante una entrevista a un medio radial, en el que inform\u00f3 que las delegaciones internacionales que participar\u00e1n en este magno evento ya se <a><\/a>encuentran en el pa\u00eds.<\/p><div class=\"elmet-contenido\" id=\"elmet-1536373431\"><div class=\"elmet-adlabel\">Anuncios<\/div><div style=\"margin-top: 20px;margin-right: 20px;margin-bottom: 20px;margin-left: 20px;\" id=\"elmet-517577108\"><a href=\"https:\/\/www.facebook.com\/arrincuanantigua\/\" aria-label=\"cintillo-arrin-cual\"><img loading=\"lazy\" decoding=\"async\" src=\"https:\/\/elmetropolitano.com.gt\/es\/wp-content\/uploads\/2021\/11\/cintillo-arrin-cual-1.jpg\" alt=\"\"  srcset=\"https:\/\/elmetropolitano.com.gt\/es\/wp-content\/uploads\/2021\/11\/cintillo-arrin-cual-1.jpg 750w, https:\/\/elmetropolitano.com.gt\/es\/wp-content\/uploads\/2021\/11\/cintillo-arrin-cual-1-300x36.jpg 300w, https:\/\/elmetropolitano.com.gt\/es\/wp-content\/uploads\/2021\/11\/cintillo-arrin-cual-1-600x72.jpg 600w\" sizes=\"(max-width: 750px) 100vw, 750px\" width=\"750\" height=\"90\"   \/><\/a><\/div><\/div>\n\n\n\n<p>La conmemoraci\u00f3n de la Semana Santa, seg\u00fan el expediente de la candidatura, constituye la manifestaci\u00f3n m\u00e1s representativa de la religiosidad guatemalteca.<\/p>\n\n\n\n<p>Los participantes<\/p>\n\n\n\n<p>El 22 de febrero arrib\u00f3 a Guatemala Julio Carranza, representante de la Organizaci\u00f3n de Naciones Unidas para la Educaci\u00f3n, la Ciencia y la Cultura (Unesco). Asimismo, el jueves 23 lleg\u00f3 al pa\u00eds Diseree Ramos, representante de Brasil ante esta organizaci\u00f3n internacional. Se espera que este viernes arriben las \u00faltimas delegaciones.<\/p>\n\n\n\n<p>El domingo se espera la participaci\u00f3n de los representantes de Per\u00fa, Paraguay, Bangladesh, Uzbekist\u00e1n, Costa de Marfil, Rep\u00fablica de Corea, Angola, Burkina Faso, Mauritania, Botsuana, Marruecos, Etiop\u00eda, Ruanda, Panam\u00e1, Brasil y Vietnam.<\/p>\n\n\n\n<p>Asimismo, se espera la participaci\u00f3n de miembros del Gabinete de Gobierno, cooperantes internacionales y la feligres\u00eda cat\u00f3lica.<\/p>\n\n\n\n<p>Tradici\u00f3n de fe<\/p>\n\n\n\n<p>Quienes deseen participar en el acto que se desarrollar\u00e1 deben acreditarse, por lo que el domingo se instalar\u00e1n quioscos en el Centro Cultural Miguel \u00c1ngel Asturias, la Biblioteca Nacional de Guatemala y la Catedral Metropolitana.<\/p>\n\n\n\n<p>Seg\u00fan el titular de Cultura, como parte de la actividad se realizar\u00e1 una representaci\u00f3n de las diferentes costumbres y tradiciones que se celebran en Guatemala durante la Semana Santa.<\/p>\n\n\n\n<p>Adem\u00e1s, se podr\u00e1 observar el recorrido, desde la Catedral Metropolitana hasta el Palacio Nacional de la Cultura, del anda procesional de Jes\u00fas Nazareno de los Milagros, del Santuario Arquidiocesano del Se\u00f1or San Jos\u00e9.<\/p>\n\n\n\n<p>Asimismo, se contar\u00e1 con varias alfombras elaboradas por fieles cat\u00f3licos que incluir\u00e1n huertos y altares mayores que se exhibir\u00e1n en la Plaza de la Constituci\u00f3n y el Palacio Nacional de la Cultura.<\/p>\n\n\n\n<p>En el altar mayor se espera contar con las im\u00e1genes de la Parroquia Nuestra Se\u00f1ora de los Remedios, templo El Calvario, y la imagen de la Virgen de Dolores, San Juan y Mar\u00eda Magdalena, de la iglesia de La Recolecci\u00f3n. Tambi\u00e9n de la Consagrada Imagen del Cristo de la Preciosa Sangre, del Templo Hist\u00f3rico de San Francisco, y la del Se\u00f1or Sepultado, de la Parroquia Santa Cruz del Milagro.<\/p>\n\n\n\n<p>Se contar\u00e1 con la participaci\u00f3n de m\u00e1s de 60 hermandades de las diferentes iglesias cat\u00f3licas del pa\u00eds. Estas realizar\u00e1n un recorrido que se inicia a las 6:00 horas en el Teatro Nacional. Posteriormente, recorrer\u00e1n toda la 6a. avenida hasta llegar al Centro Hist\u00f3rico, donde participar\u00e1n en el acto especial.<\/p>\n\n\n\n<p>Asimismo, se espera la participaci\u00f3n de al menos mil 500 cucuruchos, quienes tendr\u00e1n la vestimenta representativa de la Semana Santa en Guatemala.<\/p>\n\n\n\n<p>\u00a1Forma parte del hist\u00f3rico evento de conmemoraci\u00f3n y presentaci\u00f3n de la Semana Santa como Patrimonio Cultural Inmaterial de la Humanidad este 26 de febrero! Reg\u00edstrate en persona en los puntos de acreditaci\u00f3n antes del evento. <a href=\"https:\/\/www.facebook.com\/hashtag\/culturamotordesarrollogt?__eep__=6&amp;__cft__[0]=AZVi_9lpBvK81_SDHSowvNN2MARIFFatmQprEOg6NX92RtglZnreTMt36DSwDJDVSpPot6upPKYFL2_G_WYRyiKwwtabYvnF_U20kaMkVO5Pvz8Mke9c5IcQl6e9GmqcPWHbIv9jxPcx38-m6ry1y2BD1SNk5zugOS5zLicfuc079b3nQ3SEWf-QVYhnu9iTVqE&amp;__tn__=*NK-R\">#CulturaMotorDesarrolloGT<\/a><a href=\"https:\/\/www.facebook.com\/hashtag\/3mila%C3%B1osriquezaculturalgt?__eep__=6&amp;__cft__[0]=AZVi_9lpBvK81_SDHSowvNN2MARIFFatmQprEOg6NX92RtglZnreTMt36DSwDJDVSpPot6upPKYFL2_G_WYRyiKwwtabYvnF_U20kaMkVO5Pvz8Mke9c5IcQl6e9GmqcPWHbIv9jxPcx38-m6ry1y2BD1SNk5zugOS5zLicfuc079b3nQ3SEWf-QVYhnu9iTVqE&amp;__tn__=*NK-R\">#3milA\u00f1osRiquezaCulturalGT<\/a><a href=\"https:\/\/l.facebook.com\/l.php?u=http%3A%2F%2Fpic.twitter.com%2F1Yih7IdkWa%3Ffbclid%3DIwAR1DvVR27iQzg5ctsZMBuS4Y7h8X9N6UTedBV6RQYr0phB-PVEC3fhc1Hrc&amp;h=AT2RqamvrnGquL-oxG-e3-1yWXdadvwcZJy6SuP3nnOb7E-bkn02f7s4_OEpvreEkrVf3FnUnYK-kXkeLlVYF3mLnnb8dO8moodWZoyxnOVFPghv3c0pZYE_BdNp4KcWjDHR&amp;__tn__=-UK-R&amp;c[0]=AT1iOh6o5CmqZwkzTeA4j1XXOMWf5IBU2luLWXCD4HK0Vb3zP4yC2rIsTDWWfvoXNxqzZBxm-r7YQ4J2I3V7JbzpuFNaVXyfya4Z8JwS8BV1a0E0qT_CQBR_8l86zMnRmXtGm6zBdNlcRTD-ZhJmm1ckB2GFiAbLa07RVkguMOIkFMWwUedGSwhCWjKVNY0y6h3nyitw6fuL\" rel=\"noreferrer noopener\" target=\"_blank\">pic.twitter.com\/1Yih7IdkWa<\/a><\/p>\n\n\n\n<p>\u2014 Ministerio de Cultura y Deportes (@McdGuate) February 24, 2023<\/p>\n\n\n\n<p>Presentaci\u00f3n especial<\/p>\n\n\n\n<p>Durante la Semana Santa varias son las expresiones de fe que se llevan a cabo en Guatemala. Una de ellas se desarrolla en San Andr\u00e9s Sajcabaj\u00e1, Quich\u00e9. Se trata de una ceremonia en la cual aquellos que buscan dar gracias o purificar su alma lo hacen formando parte de los gateadores.<\/p>\n\n\n\n<p>Este grupo de personas realiza su propio viacrucis, pero de rodillas y con espinas sobre la espalda desnuda. En ocasiones los latigazos tambi\u00e9n forman parte de este ritual ancestral de Guatemala.<\/p>\n\n\n\n<p>Con la actividad, los gateadores culminan 40 d\u00edas de ayuno. Tambi\u00e9n desde el inicio de la Semana Santa, los devotos juran abstinencia sexual, no trabajan y se privan de vicios<\/p>\n\n\n\n<p>Texto: Brenda Larios<\/p>\n\n\n\n<p><a href=\"https:\/\/www.facebook.com\/hashtag\/metroredes?__eep__=6&amp;__cft__[0]=AZVi_9lpBvK81_SDHSowvNN2MARIFFatmQprEOg6NX92RtglZnreTMt36DSwDJDVSpPot6upPKYFL2_G_WYRyiKwwtabYvnF_U20kaMkVO5Pvz8Mke9c5IcQl6e9GmqcPWHbIv9jxPcx38-m6ry1y2BD1SNk5zugOS5zLicfuc079b3nQ3SEWf-QVYhnu9iTVqE&amp;__tn__=*NK-R\">#metroredes<\/a><a href=\"https:\/\/www.facebook.com\/hashtag\/elmetropolitano?__eep__=6&amp;__cft__[0]=AZVi_9lpBvK81_SDHSowvNN2MARIFFatmQprEOg6NX92RtglZnreTMt36DSwDJDVSpPot6upPKYFL2_G_WYRyiKwwtabYvnF_U20kaMkVO5Pvz8Mke9c5IcQl6e9GmqcPWHbIv9jxPcx38-m6ry1y2BD1SNk5zugOS5zLicfuc079b3nQ3SEWf-QVYhnu9iTVqE&amp;__tn__=*NK-R\">#Elmetropolitano<\/a><a href=\"https:\/\/www.facebook.com\/hashtag\/semanasantagtpatrimoniohumanidad?__eep__=6&amp;__cft__[0]=AZVi_9lpBvK81_SDHSowvNN2MARIFFatmQprEOg6NX92RtglZnreTMt36DSwDJDVSpPot6upPKYFL2_G_WYRyiKwwtabYvnF_U20kaMkVO5Pvz8Mke9c5IcQl6e9GmqcPWHbIv9jxPcx38-m6ry1y2BD1SNk5zugOS5zLicfuc079b3nQ3SEWf-QVYhnu9iTVqE&amp;__tn__=*NK-R\">#SemanaSantaGTPatrimonioHumanidad<\/a><\/p>\n\n\n\n<figure class=\"wp-block-gallery has-nested-images columns-default is-cropped wp-block-gallery-1 is-layout-flex wp-block-gallery-is-layout-flex\">\n<figure class=\"wp-block-image size-large\"><img loading=\"lazy\" decoding=\"async\" width=\"1024\" height=\"512\" data-id=\"61693\" src=\"https:\/\/elmetropolitano.com.gt\/es\/wp-content\/uploads\/2023\/02\/330295326_1593358717830253_6671029859871938902_n-1024x512.jpg\" alt=\"\" class=\"wp-image-61693\" srcset=\"https:\/\/elmetropolitano.com.gt\/es\/wp-content\/uploads\/2023\/02\/330295326_1593358717830253_6671029859871938902_n-1024x512.jpg 1024w, https:\/\/elmetropolitano.com.gt\/es\/wp-content\/uploads\/2023\/02\/330295326_1593358717830253_6671029859871938902_n-300x150.jpg 300w, https:\/\/elmetropolitano.com.gt\/es\/wp-content\/uploads\/2023\/02\/330295326_1593358717830253_6671029859871938902_n-768x384.jpg 768w, https:\/\/elmetropolitano.com.gt\/es\/wp-content\/uploads\/2023\/02\/330295326_1593358717830253_6671029859871938902_n-600x300.jpg 600w, https:\/\/elmetropolitano.com.gt\/es\/wp-content\/uploads\/2023\/02\/330295326_1593358717830253_6671029859871938902_n.jpg 1140w\" sizes=\"auto, (max-width: 1024px) 100vw, 1024px\" \/><\/figure>\n\n\n\n<figure class=\"wp-block-image size-large\"><img loading=\"lazy\" decoding=\"async\" width=\"928\" height=\"618\" data-id=\"61692\" src=\"https:\/\/elmetropolitano.com.gt\/es\/wp-content\/uploads\/2023\/02\/333383584_1207380220141969_8981874086072757401_n.jpg\" alt=\"\" class=\"wp-image-61692\" srcset=\"https:\/\/elmetropolitano.com.gt\/es\/wp-content\/uploads\/2023\/02\/333383584_1207380220141969_8981874086072757401_n.jpg 928w, https:\/\/elmetropolitano.com.gt\/es\/wp-content\/uploads\/2023\/02\/333383584_1207380220141969_8981874086072757401_n-300x200.jpg 300w, https:\/\/elmetropolitano.com.gt\/es\/wp-content\/uploads\/2023\/02\/333383584_1207380220141969_8981874086072757401_n-768x511.jpg 768w, https:\/\/elmetropolitano.com.gt\/es\/wp-content\/uploads\/2023\/02\/333383584_1207380220141969_8981874086072757401_n-600x400.jpg 600w\" sizes=\"auto, (max-width: 928px) 100vw, 928px\" \/><\/figure>\n\n\n\n<figure class=\"wp-block-image size-large\"><img loading=\"lazy\" decoding=\"async\" width=\"927\" height=\"618\" data-id=\"61694\" src=\"https:\/\/elmetropolitano.com.gt\/es\/wp-content\/uploads\/2023\/02\/333553820_752846352823162_538394675767158306_n.jpg\" alt=\"\" class=\"wp-image-61694\" srcset=\"https:\/\/elmetropolitano.com.gt\/es\/wp-content\/uploads\/2023\/02\/333553820_752846352823162_538394675767158306_n.jpg 927w, https:\/\/elmetropolitano.com.gt\/es\/wp-content\/uploads\/2023\/02\/333553820_752846352823162_538394675767158306_n-300x200.jpg 300w, https:\/\/elmetropolitano.com.gt\/es\/wp-content\/uploads\/2023\/02\/333553820_752846352823162_538394675767158306_n-768x512.jpg 768w, https:\/\/elmetropolitano.com.gt\/es\/wp-content\/uploads\/2023\/02\/333553820_752846352823162_538394675767158306_n-600x400.jpg 600w\" sizes=\"auto, (max-width: 927px) 100vw, 927px\" \/><\/figure>\n<\/figure>\n","protected":false},"excerpt":{"rendered":"<p>Este domingo 26 de febrero, Guatemala recibir\u00e1 de manera oficial el reconocimiento que declara la Semana Santa en el pa\u00eds como Patrimonio Inmaterial de la Humanidad. As\u00ed lo inform\u00f3 el ministro de Cultura y Deportes, durante una entrevista a un medio radial, en el que inform\u00f3 que las delegaciones internacionales que participar\u00e1n en este magno <a class=\"read-more\" href=\"https:\/\/elmetropolitano.com.gt\/es\/guatemala-se-prepara-para-el-acto-de-reconocimiento-manana-de-su-semana-santa-como-patrimonio-inmaterial-de-la-humanidad\/\">Leer m\u00e1s<\/a><\/p>\n","protected":false},"author":1,"featured_media":61691,"comment_status":"open","ping_status":"closed","sticky":false,"template":"","format":"standard","meta":{"footnotes":""},"categories":[29],"tags":[30],"class_list":["post-61690","post","type-post","status-publish","format-standard","has-post-thumbnail","hentry","category-culturales","tag-culturales"],"_links":{"self":[{"href":"https:\/\/elmetropolitano.com.gt\/es\/wp-json\/wp\/v2\/posts\/61690","targetHints":{"allow":["GET"]}}],"collection":[{"href":"https:\/\/elmetropolitano.com.gt\/es\/wp-json\/wp\/v2\/posts"}],"about":[{"href":"https:\/\/elmetropolitano.com.gt\/es\/wp-json\/wp\/v2\/types\/post"}],"author":[{"embeddable":true,"href":"https:\/\/elmetropolitano.com.gt\/es\/wp-json\/wp\/v2\/users\/1"}],"replies":[{"embeddable":true,"href":"https:\/\/elmetropolitano.com.gt\/es\/wp-json\/wp\/v2\/comments?post=61690"}],"version-history":[{"count":1,"href":"https:\/\/elmetropolitano.com.gt\/es\/wp-json\/wp\/v2\/posts\/61690\/revisions"}],"predecessor-version":[{"id":61695,"href":"https:\/\/elmetropolitano.com.gt\/es\/wp-json\/wp\/v2\/posts\/61690\/revisions\/61695"}],"wp:featuredmedia":[{"embeddable":true,"href":"https:\/\/elmetropolitano.com.gt\/es\/wp-json\/wp\/v2\/media\/61691"}],"wp:attachment":[{"href":"https:\/\/elmetropolitano.com.gt\/es\/wp-json\/wp\/v2\/media?parent=61690"}],"wp:term":[{"taxonomy":"category","embeddable":true,"href":"https:\/\/elmetropolitano.com.gt\/es\/wp-json\/wp\/v2\/categories?post=61690"},{"taxonomy":"post_tag","embeddable":true,"href":"https:\/\/elmetropolitano.com.gt\/es\/wp-json\/wp\/v2\/tags?post=61690"}],"curies":[{"name":"wp","href":"https:\/\/api.w.org\/{rel}","templated":true}]}}