{"id":61777,"date":"2023-02-27T09:10:47","date_gmt":"2023-02-27T15:10:47","guid":{"rendered":"https:\/\/elmetropolitano.com.gt\/es\/?p=61777"},"modified":"2023-02-28T09:49:50","modified_gmt":"2023-02-28T15:49:50","slug":"mario-montenegro-candidato-a-alcalde-de-vamos-visita-la-zona-21","status":"publish","type":"post","link":"https:\/\/elmetropolitano.com.gt\/es\/mario-montenegro-candidato-a-alcalde-de-vamos-visita-la-zona-21\/","title":{"rendered":"Mario M\u00e9ndez Montenegro candidato a alcalde de Vamos visita la zona 21"},"content":{"rendered":"\n<p>El candidato a alcalde del Partido VAMOS Mario Mendes Montenegro visit\u00f3 a los vecinos de la colonia Arenera Parte Alta de zona 21.<\/p>\n\n\n\n<p>Indic\u00f3 que durante la conversaci\u00f3n que sostuvo con varios de ellos \u201cme comentaron las dificultades que enfrentan para transportarse por la falta de buses y la carencia de agua potable, un problema recurrente en gran parte de la ciudad capital\u201d indic\u00f3.<\/p><div class=\"elmet-contenido\" id=\"elmet-4142369488\"><div class=\"elmet-adlabel\">Anuncios<\/div><div style=\"margin-top: 20px;margin-right: 20px;margin-bottom: 20px;margin-left: 20px;\" id=\"elmet-4145061426\"><a href=\"https:\/\/www.facebook.com\/arrincuanantigua\/\" aria-label=\"cintillo-arrin-cual\"><img loading=\"lazy\" decoding=\"async\" src=\"https:\/\/elmetropolitano.com.gt\/es\/wp-content\/uploads\/2021\/11\/cintillo-arrin-cual-1.jpg\" alt=\"\"  srcset=\"https:\/\/elmetropolitano.com.gt\/es\/wp-content\/uploads\/2021\/11\/cintillo-arrin-cual-1.jpg 750w, https:\/\/elmetropolitano.com.gt\/es\/wp-content\/uploads\/2021\/11\/cintillo-arrin-cual-1-300x36.jpg 300w, https:\/\/elmetropolitano.com.gt\/es\/wp-content\/uploads\/2021\/11\/cintillo-arrin-cual-1-600x72.jpg 600w\" sizes=\"(max-width: 750px) 100vw, 750px\" width=\"750\" height=\"90\"   \/><\/a><\/div><\/div>\n\n\n\n<p><a href=\"https:\/\/www.facebook.com\/hashtag\/eleccilonesgt?__eep__=6&amp;__cft__[0]=AZU2CybIbRhFpSiu7nKn569nXmZx6nAlSvqcGVZURZWsxKon9JM0EZeWlciOqk-gZa86oMR9aiqbMLXHCBa9yF2KROt5CmUkOREOeadYVWTnIePO3eb6TLuZakif5gDKBsvXwODaXUplGSUvrfowg2MHMU-8HF9dh-pKc6QedJUkXhutD_KSF9qhzOwURYOlIPQ&amp;__tn__=*NK-R\">#eleccilonesGT<\/a><a href=\"https:\/\/www.facebook.com\/hashtag\/partidovamos?__eep__=6&amp;__cft__[0]=AZU2CybIbRhFpSiu7nKn569nXmZx6nAlSvqcGVZURZWsxKon9JM0EZeWlciOqk-gZa86oMR9aiqbMLXHCBa9yF2KROt5CmUkOREOeadYVWTnIePO3eb6TLuZakif5gDKBsvXwODaXUplGSUvrfowg2MHMU-8HF9dh-pKc6QedJUkXhutD_KSF9qhzOwURYOlIPQ&amp;__tn__=*NK-R\">#PartidoVamos<\/a>#metroredes<\/p>\n\n\n\n<figure class=\"wp-block-gallery has-nested-images columns-default is-cropped wp-block-gallery-1 is-layout-flex wp-block-gallery-is-layout-flex\">\n<figure class=\"wp-block-image size-large\"><img loading=\"lazy\" decoding=\"async\" width=\"523\" height=\"391\" data-id=\"61779\" src=\"https:\/\/elmetropolitano.com.gt\/es\/wp-content\/uploads\/2023\/02\/333804207_527777002810914_1508614056847428971_n.jpg\" alt=\"\" class=\"wp-image-61779\" srcset=\"https:\/\/elmetropolitano.com.gt\/es\/wp-content\/uploads\/2023\/02\/333804207_527777002810914_1508614056847428971_n.jpg 523w, https:\/\/elmetropolitano.com.gt\/es\/wp-content\/uploads\/2023\/02\/333804207_527777002810914_1508614056847428971_n-300x224.jpg 300w\" sizes=\"auto, (max-width: 523px) 100vw, 523px\" \/><\/figure>\n\n\n\n<figure class=\"wp-block-image size-large\"><img loading=\"lazy\" decoding=\"async\" width=\"523\" height=\"391\" data-id=\"61781\" src=\"https:\/\/elmetropolitano.com.gt\/es\/wp-content\/uploads\/2023\/02\/333844829_712601887033557_8829749697112034121_n.jpg\" alt=\"\" class=\"wp-image-61781\" srcset=\"https:\/\/elmetropolitano.com.gt\/es\/wp-content\/uploads\/2023\/02\/333844829_712601887033557_8829749697112034121_n.jpg 523w, https:\/\/elmetropolitano.com.gt\/es\/wp-content\/uploads\/2023\/02\/333844829_712601887033557_8829749697112034121_n-300x224.jpg 300w\" sizes=\"auto, (max-width: 523px) 100vw, 523px\" \/><\/figure>\n\n\n\n<figure class=\"wp-block-image size-large\"><img loading=\"lazy\" decoding=\"async\" width=\"472\" height=\"391\" data-id=\"61780\" src=\"https:\/\/elmetropolitano.com.gt\/es\/wp-content\/uploads\/2023\/02\/333921532_194706099909233_4017772599862257985_n.jpg\" alt=\"\" class=\"wp-image-61780\" srcset=\"https:\/\/elmetropolitano.com.gt\/es\/wp-content\/uploads\/2023\/02\/333921532_194706099909233_4017772599862257985_n.jpg 472w, https:\/\/elmetropolitano.com.gt\/es\/wp-content\/uploads\/2023\/02\/333921532_194706099909233_4017772599862257985_n-300x249.jpg 300w\" sizes=\"auto, (max-width: 472px) 100vw, 472px\" \/><\/figure>\n<\/figure>\n","protected":false},"excerpt":{"rendered":"<p>El candidato a alcalde del Partido VAMOS Mario Mendes Montenegro visit\u00f3 a los vecinos de la colonia Arenera Parte Alta de zona 21. Indic\u00f3 que durante la conversaci\u00f3n que sostuvo con varios de ellos \u201cme comentaron las dificultades que enfrentan para transportarse por la falta de buses y la carencia de agua potable, un problema <a class=\"read-more\" href=\"https:\/\/elmetropolitano.com.gt\/es\/mario-montenegro-candidato-a-alcalde-de-vamos-visita-la-zona-21\/\">Leer m\u00e1s<\/a><\/p>\n","protected":false},"author":1,"featured_media":61778,"comment_status":"open","ping_status":"closed","sticky":false,"template":"","format":"standard","meta":{"footnotes":""},"categories":[97],"tags":[98],"class_list":["post-61777","post","type-post","status-publish","format-standard","has-post-thumbnail","hentry","category-politica","tag-politica"],"_links":{"self":[{"href":"https:\/\/elmetropolitano.com.gt\/es\/wp-json\/wp\/v2\/posts\/61777","targetHints":{"allow":["GET"]}}],"collection":[{"href":"https:\/\/elmetropolitano.com.gt\/es\/wp-json\/wp\/v2\/posts"}],"about":[{"href":"https:\/\/elmetropolitano.com.gt\/es\/wp-json\/wp\/v2\/types\/post"}],"author":[{"embeddable":true,"href":"https:\/\/elmetropolitano.com.gt\/es\/wp-json\/wp\/v2\/users\/1"}],"replies":[{"embeddable":true,"href":"https:\/\/elmetropolitano.com.gt\/es\/wp-json\/wp\/v2\/comments?post=61777"}],"version-history":[{"count":3,"href":"https:\/\/elmetropolitano.com.gt\/es\/wp-json\/wp\/v2\/posts\/61777\/revisions"}],"predecessor-version":[{"id":61849,"href":"https:\/\/elmetropolitano.com.gt\/es\/wp-json\/wp\/v2\/posts\/61777\/revisions\/61849"}],"wp:featuredmedia":[{"embeddable":true,"href":"https:\/\/elmetropolitano.com.gt\/es\/wp-json\/wp\/v2\/media\/61778"}],"wp:attachment":[{"href":"https:\/\/elmetropolitano.com.gt\/es\/wp-json\/wp\/v2\/media?parent=61777"}],"wp:term":[{"taxonomy":"category","embeddable":true,"href":"https:\/\/elmetropolitano.com.gt\/es\/wp-json\/wp\/v2\/categories?post=61777"},{"taxonomy":"post_tag","embeddable":true,"href":"https:\/\/elmetropolitano.com.gt\/es\/wp-json\/wp\/v2\/tags?post=61777"}],"curies":[{"name":"wp","href":"https:\/\/api.w.org\/{rel}","templated":true}]}}