{"id":61829,"date":"2023-02-27T18:50:35","date_gmt":"2023-02-28T00:50:35","guid":{"rendered":"https:\/\/elmetropolitano.com.gt\/es\/?p=61829"},"modified":"2023-02-27T18:50:36","modified_gmt":"2023-02-28T00:50:36","slug":"al-menos-900-proyectos-son-ejecutados-en-quiche-a-traves-de-consejos-de-desarrollo","status":"publish","type":"post","link":"https:\/\/elmetropolitano.com.gt\/es\/al-menos-900-proyectos-son-ejecutados-en-quiche-a-traves-de-consejos-de-desarrollo\/","title":{"rendered":"Al menos 900 proyectos son ejecutados en Quich\u00e9 a trav\u00e9s de consejos de desarrollo"},"content":{"rendered":"\n<p>Durante la primera gira presidencial en el departamento de Quich\u00e9, la Secretar\u00eda de Coordinaci\u00f3n Ejecutiva de la Presidencia (SCEP) dio a conocer que se contabilizan 939 proyectos a trav\u00e9s de los consejos de desarrollo en dicho departamento.<\/p>\n\n\n\n<p>Esto, a ejecutarse en el per\u00edodo de la actual administraci\u00f3n y que pretende beneficiar a 45 mil 440 pobladores.<\/p><div class=\"elmet-contenido\" id=\"elmet-479809773\"><div class=\"elmet-adlabel\">Anuncios<\/div><div style=\"margin-top: 20px;margin-right: 20px;margin-bottom: 20px;margin-left: 20px;\" id=\"elmet-3953892569\"><a href=\"https:\/\/www.facebook.com\/arrincuanantigua\/\" aria-label=\"cintillo-arrin-cual\"><img loading=\"lazy\" decoding=\"async\" src=\"https:\/\/elmetropolitano.com.gt\/es\/wp-content\/uploads\/2021\/11\/cintillo-arrin-cual-1.jpg\" alt=\"\"  srcset=\"https:\/\/elmetropolitano.com.gt\/es\/wp-content\/uploads\/2021\/11\/cintillo-arrin-cual-1.jpg 750w, https:\/\/elmetropolitano.com.gt\/es\/wp-content\/uploads\/2021\/11\/cintillo-arrin-cual-1-300x36.jpg 300w, https:\/\/elmetropolitano.com.gt\/es\/wp-content\/uploads\/2021\/11\/cintillo-arrin-cual-1-600x72.jpg 600w\" sizes=\"(max-width: 750px) 100vw, 750px\" width=\"750\" height=\"90\"   \/><\/a><\/div><\/div>\n\n\n\n<p>La <a><\/a>actividad, encabezada por el presidente de Guatemala, cont\u00f3 con la participaci\u00f3n de gobiernos locales, los que conocieron los detalles de las iniciativas que se impulsan en la regi\u00f3n.<\/p>\n\n\n\n<p>En ese sentido, se explic\u00f3 que dichos proyectos se distribuyen de la siguiente manera:<\/p>\n\n\n\n<p>461 en educaci\u00f3n<\/p>\n\n\n\n<p>227 en agua potable<\/p>\n\n\n\n<p>145 en infraestructura vial<\/p>\n\n\n\n<p>57 de saneamiento<\/p>\n\n\n\n<p>38 en salud<\/p>\n\n\n\n<p>11 en infraestructura productiva<\/p>\n\n\n\n<p>El representante de la SCEP detall\u00f3 que actualmente han sido programados 177 proyectos, de los cuales se han aprobado 43 por medio del Sistema Nacional de Inversi\u00f3n P\u00fablica (SNIP). Por lo tanto, hay 134 por aprobar.<\/p>\n\n\n\n<p>Este es un sistema que ha funcionado. El nivel de ejecuci\u00f3n ha sido bueno. El primer a\u00f1o fue de 83 % de ejecuci\u00f3n de consejos, en 2021 fue de 92 % y el a\u00f1o pasado, de 91.7 %. El reto es que este a\u00f1o ejecutemos un alto porcentaje, explic\u00f3 el titular de la SCEP.<\/p>\n\n\n\n<p>Recursos para el desarrollo<\/p>\n\n\n\n<p>En la reuni\u00f3n de la primera gira presidencial se hizo menci\u00f3n de las acciones que se ejecutan para el crecimiento y desarrollo del departamento de Quich\u00e9. Autoridades del Ejecutivo presentaron sus previsiones para este a\u00f1o, en las que se resaltan los 3 mil 346.99 millones de quetzales asignados para el apoyo a la poblaci\u00f3n.<\/p>\n\n\n\n<p>Este presupuesto abarca el apoyo a programas de salud, educaci\u00f3n, infraestructura y vivienda, ambiente, trabajo y desarrollo social, entre otros.<\/p>\n\n\n\n<p>Las autoridades expresaron su compromiso con el pueblo quichelense para continuar impulsando proyectos que lleguen a m\u00e1s personas del departamento, especialmente para quienes viven en condiciones de pobreza y pobreza extrema.<\/p>\n\n\n\n<p>Texto Yuliza Mu\u00f1oz<\/p>\n\n\n\n<p>#metroredes<\/p>\n\n\n\n<p><\/p>\n","protected":false},"excerpt":{"rendered":"<p>Durante la primera gira presidencial en el departamento de Quich\u00e9, la Secretar\u00eda de Coordinaci\u00f3n Ejecutiva de la Presidencia (SCEP) dio a conocer que se contabilizan 939 proyectos a trav\u00e9s de los consejos de desarrollo en dicho departamento. Esto, a ejecutarse en el per\u00edodo de la actual administraci\u00f3n y que pretende beneficiar a 45 mil 440 <a class=\"read-more\" href=\"https:\/\/elmetropolitano.com.gt\/es\/al-menos-900-proyectos-son-ejecutados-en-quiche-a-traves-de-consejos-de-desarrollo\/\">Leer m\u00e1s<\/a><\/p>\n","protected":false},"author":1,"featured_media":61830,"comment_status":"open","ping_status":"closed","sticky":false,"template":"","format":"standard","meta":{"footnotes":""},"categories":[4],"tags":[13],"class_list":["post-61829","post","type-post","status-publish","format-standard","has-post-thumbnail","hentry","category-departamentales","tag-departamentales"],"_links":{"self":[{"href":"https:\/\/elmetropolitano.com.gt\/es\/wp-json\/wp\/v2\/posts\/61829","targetHints":{"allow":["GET"]}}],"collection":[{"href":"https:\/\/elmetropolitano.com.gt\/es\/wp-json\/wp\/v2\/posts"}],"about":[{"href":"https:\/\/elmetropolitano.com.gt\/es\/wp-json\/wp\/v2\/types\/post"}],"author":[{"embeddable":true,"href":"https:\/\/elmetropolitano.com.gt\/es\/wp-json\/wp\/v2\/users\/1"}],"replies":[{"embeddable":true,"href":"https:\/\/elmetropolitano.com.gt\/es\/wp-json\/wp\/v2\/comments?post=61829"}],"version-history":[{"count":1,"href":"https:\/\/elmetropolitano.com.gt\/es\/wp-json\/wp\/v2\/posts\/61829\/revisions"}],"predecessor-version":[{"id":61831,"href":"https:\/\/elmetropolitano.com.gt\/es\/wp-json\/wp\/v2\/posts\/61829\/revisions\/61831"}],"wp:featuredmedia":[{"embeddable":true,"href":"https:\/\/elmetropolitano.com.gt\/es\/wp-json\/wp\/v2\/media\/61830"}],"wp:attachment":[{"href":"https:\/\/elmetropolitano.com.gt\/es\/wp-json\/wp\/v2\/media?parent=61829"}],"wp:term":[{"taxonomy":"category","embeddable":true,"href":"https:\/\/elmetropolitano.com.gt\/es\/wp-json\/wp\/v2\/categories?post=61829"},{"taxonomy":"post_tag","embeddable":true,"href":"https:\/\/elmetropolitano.com.gt\/es\/wp-json\/wp\/v2\/tags?post=61829"}],"curies":[{"name":"wp","href":"https:\/\/api.w.org\/{rel}","templated":true}]}}