{"id":61832,"date":"2023-02-27T18:53:16","date_gmt":"2023-02-28T00:53:16","guid":{"rendered":"https:\/\/elmetropolitano.com.gt\/es\/?p=61832"},"modified":"2023-02-27T18:53:18","modified_gmt":"2023-02-28T00:53:18","slug":"francisco-noj-proclamado-candidato-a-alcalde-en-chimaltenango-por-el-partido-nosotros","status":"publish","type":"post","link":"https:\/\/elmetropolitano.com.gt\/es\/francisco-noj-proclamado-candidato-a-alcalde-en-chimaltenango-por-el-partido-nosotros\/","title":{"rendered":"Francisco Noj proclamado candidato a alcalde en Chimaltenango por el partido NOSOTROS"},"content":{"rendered":"\n<p>El Partido NOSOTROS proclam\u00f3 como candidato a alcalde por el municipio de Chinaltenango a Francisco Noj y a su corporaci\u00f3n municipal.<\/p>\n\n\n\n<p>A la <a><\/a>actividad asisti\u00f3 el Secretario General y candidato a Presidente Rudy Guzman quien que indic\u00f3 \u201cFrancisco Noj es un gran l\u00edder un verdadero gallo que su pueblo lo apoya \u201c<\/p><div class=\"elmet-contenido\" id=\"elmet-4188234597\"><div class=\"elmet-adlabel\">Anuncios<\/div><div style=\"margin-top: 20px;margin-right: 20px;margin-bottom: 20px;margin-left: 20px;\" id=\"elmet-1096461154\"><a href=\"https:\/\/www.facebook.com\/arrincuanantigua\/\" aria-label=\"cintillo-arrin-cual\"><img loading=\"lazy\" decoding=\"async\" src=\"https:\/\/elmetropolitano.com.gt\/es\/wp-content\/uploads\/2021\/11\/cintillo-arrin-cual-1.jpg\" alt=\"\"  srcset=\"https:\/\/elmetropolitano.com.gt\/es\/wp-content\/uploads\/2021\/11\/cintillo-arrin-cual-1.jpg 750w, https:\/\/elmetropolitano.com.gt\/es\/wp-content\/uploads\/2021\/11\/cintillo-arrin-cual-1-300x36.jpg 300w, https:\/\/elmetropolitano.com.gt\/es\/wp-content\/uploads\/2021\/11\/cintillo-arrin-cual-1-600x72.jpg 600w\" sizes=\"(max-width: 750px) 100vw, 750px\" width=\"750\" height=\"90\"   \/><\/a><\/div><\/div>\n\n\n\n<p>Por su parte Noj agradeci\u00f3 el apoyo de los vecinos e indic\u00f3 que pronto conocer\u00e1n sus planes de trabajo al iniciarse la campa\u00f1a electoral.<\/p>\n\n\n\n<p><a href=\"https:\/\/www.facebook.com\/hashtag\/metroredes?__eep__=6&amp;__cft__[0]=AZXeN26bCGmwPl-rQJSTahp3lxr6pfdiPBjwLVr4EIgVag0wI0BqLExiJZV3oJqHsr1jkOhwF_5goeRgBBc6cD3_6LOpWWzZGnVg6p4MA7Fo9IBDQ7kBRizS36au1CEmn1GMG9jNKpDMLLXZhW8-7ub4bt21VuETvgxDMvBCZdgnkR6aUnwWfdcPkqx8WiwC6oI&amp;__tn__=*NK-R\">#metroredes<\/a><a href=\"https:\/\/www.facebook.com\/hashtag\/eleccionesgt2023?__eep__=6&amp;__cft__[0]=AZXeN26bCGmwPl-rQJSTahp3lxr6pfdiPBjwLVr4EIgVag0wI0BqLExiJZV3oJqHsr1jkOhwF_5goeRgBBc6cD3_6LOpWWzZGnVg6p4MA7Fo9IBDQ7kBRizS36au1CEmn1GMG9jNKpDMLLXZhW8-7ub4bt21VuETvgxDMvBCZdgnkR6aUnwWfdcPkqx8WiwC6oI&amp;__tn__=*NK-R\">#EleccionesGT2023<\/a><\/p>\n\n\n\n<p><a href=\"https:\/\/www.facebook.com\/hashtag\/yovoto?__eep__=6&amp;__cft__[0]=AZXeN26bCGmwPl-rQJSTahp3lxr6pfdiPBjwLVr4EIgVag0wI0BqLExiJZV3oJqHsr1jkOhwF_5goeRgBBc6cD3_6LOpWWzZGnVg6p4MA7Fo9IBDQ7kBRizS36au1CEmn1GMG9jNKpDMLLXZhW8-7ub4bt21VuETvgxDMvBCZdgnkR6aUnwWfdcPkqx8WiwC6oI&amp;__tn__=*NK-R\">#YoVoto<\/a><\/p>\n\n\n\n<figure class=\"wp-block-gallery has-nested-images columns-default is-cropped wp-block-gallery-1 is-layout-flex wp-block-gallery-is-layout-flex\">\n<figure class=\"wp-block-image size-large\"><img loading=\"lazy\" decoding=\"async\" width=\"768\" height=\"1024\" data-id=\"61834\" src=\"https:\/\/elmetropolitano.com.gt\/es\/wp-content\/uploads\/2023\/02\/330201550_511235984534624_4582872479460271174_n-768x1024.jpg\" alt=\"\" class=\"wp-image-61834\" srcset=\"https:\/\/elmetropolitano.com.gt\/es\/wp-content\/uploads\/2023\/02\/330201550_511235984534624_4582872479460271174_n-768x1024.jpg 768w, https:\/\/elmetropolitano.com.gt\/es\/wp-content\/uploads\/2023\/02\/330201550_511235984534624_4582872479460271174_n-225x300.jpg 225w, https:\/\/elmetropolitano.com.gt\/es\/wp-content\/uploads\/2023\/02\/330201550_511235984534624_4582872479460271174_n-600x800.jpg 600w, https:\/\/elmetropolitano.com.gt\/es\/wp-content\/uploads\/2023\/02\/330201550_511235984534624_4582872479460271174_n.jpg 960w\" sizes=\"auto, (max-width: 768px) 100vw, 768px\" \/><\/figure>\n\n\n\n<figure class=\"wp-block-image size-large\"><img loading=\"lazy\" decoding=\"async\" width=\"1024\" height=\"768\" data-id=\"61836\" src=\"https:\/\/elmetropolitano.com.gt\/es\/wp-content\/uploads\/2023\/02\/330295664_1136766983670413_7323852758455564718_n-1024x768.jpg\" alt=\"\" class=\"wp-image-61836\" srcset=\"https:\/\/elmetropolitano.com.gt\/es\/wp-content\/uploads\/2023\/02\/330295664_1136766983670413_7323852758455564718_n-1024x768.jpg 1024w, https:\/\/elmetropolitano.com.gt\/es\/wp-content\/uploads\/2023\/02\/330295664_1136766983670413_7323852758455564718_n-300x225.jpg 300w, https:\/\/elmetropolitano.com.gt\/es\/wp-content\/uploads\/2023\/02\/330295664_1136766983670413_7323852758455564718_n-768x576.jpg 768w, https:\/\/elmetropolitano.com.gt\/es\/wp-content\/uploads\/2023\/02\/330295664_1136766983670413_7323852758455564718_n-600x450.jpg 600w, https:\/\/elmetropolitano.com.gt\/es\/wp-content\/uploads\/2023\/02\/330295664_1136766983670413_7323852758455564718_n.jpg 1440w\" sizes=\"auto, (max-width: 1024px) 100vw, 1024px\" \/><\/figure>\n\n\n\n<figure class=\"wp-block-image size-large\"><img loading=\"lazy\" decoding=\"async\" width=\"461\" height=\"1024\" data-id=\"61835\" src=\"https:\/\/elmetropolitano.com.gt\/es\/wp-content\/uploads\/2023\/02\/334057320_148705041394005_5593930006525595321_n-461x1024.jpg\" alt=\"\" class=\"wp-image-61835\" srcset=\"https:\/\/elmetropolitano.com.gt\/es\/wp-content\/uploads\/2023\/02\/334057320_148705041394005_5593930006525595321_n-461x1024.jpg 461w, https:\/\/elmetropolitano.com.gt\/es\/wp-content\/uploads\/2023\/02\/334057320_148705041394005_5593930006525595321_n-135x300.jpg 135w, https:\/\/elmetropolitano.com.gt\/es\/wp-content\/uploads\/2023\/02\/334057320_148705041394005_5593930006525595321_n-600x1333.jpg 600w, https:\/\/elmetropolitano.com.gt\/es\/wp-content\/uploads\/2023\/02\/334057320_148705041394005_5593930006525595321_n.jpg 640w\" sizes=\"auto, (max-width: 461px) 100vw, 461px\" \/><\/figure>\n<\/figure>\n","protected":false},"excerpt":{"rendered":"<p>El Partido NOSOTROS proclam\u00f3 como candidato a alcalde por el municipio de Chinaltenango a Francisco Noj y a su corporaci\u00f3n municipal. A la actividad asisti\u00f3 el Secretario General y candidato a Presidente Rudy Guzman quien que indic\u00f3 \u201cFrancisco Noj es un gran l\u00edder un verdadero gallo que su pueblo lo apoya \u201c Por su parte <a class=\"read-more\" href=\"https:\/\/elmetropolitano.com.gt\/es\/francisco-noj-proclamado-candidato-a-alcalde-en-chimaltenango-por-el-partido-nosotros\/\">Leer m\u00e1s<\/a><\/p>\n","protected":false},"author":1,"featured_media":61833,"comment_status":"open","ping_status":"closed","sticky":false,"template":"","format":"standard","meta":{"footnotes":""},"categories":[97],"tags":[98],"class_list":["post-61832","post","type-post","status-publish","format-standard","has-post-thumbnail","hentry","category-politica","tag-politica"],"_links":{"self":[{"href":"https:\/\/elmetropolitano.com.gt\/es\/wp-json\/wp\/v2\/posts\/61832","targetHints":{"allow":["GET"]}}],"collection":[{"href":"https:\/\/elmetropolitano.com.gt\/es\/wp-json\/wp\/v2\/posts"}],"about":[{"href":"https:\/\/elmetropolitano.com.gt\/es\/wp-json\/wp\/v2\/types\/post"}],"author":[{"embeddable":true,"href":"https:\/\/elmetropolitano.com.gt\/es\/wp-json\/wp\/v2\/users\/1"}],"replies":[{"embeddable":true,"href":"https:\/\/elmetropolitano.com.gt\/es\/wp-json\/wp\/v2\/comments?post=61832"}],"version-history":[{"count":1,"href":"https:\/\/elmetropolitano.com.gt\/es\/wp-json\/wp\/v2\/posts\/61832\/revisions"}],"predecessor-version":[{"id":61837,"href":"https:\/\/elmetropolitano.com.gt\/es\/wp-json\/wp\/v2\/posts\/61832\/revisions\/61837"}],"wp:featuredmedia":[{"embeddable":true,"href":"https:\/\/elmetropolitano.com.gt\/es\/wp-json\/wp\/v2\/media\/61833"}],"wp:attachment":[{"href":"https:\/\/elmetropolitano.com.gt\/es\/wp-json\/wp\/v2\/media?parent=61832"}],"wp:term":[{"taxonomy":"category","embeddable":true,"href":"https:\/\/elmetropolitano.com.gt\/es\/wp-json\/wp\/v2\/categories?post=61832"},{"taxonomy":"post_tag","embeddable":true,"href":"https:\/\/elmetropolitano.com.gt\/es\/wp-json\/wp\/v2\/tags?post=61832"}],"curies":[{"name":"wp","href":"https:\/\/api.w.org\/{rel}","templated":true}]}}