{"id":61866,"date":"2023-03-01T09:38:56","date_gmt":"2023-03-01T15:38:56","guid":{"rendered":"https:\/\/elmetropolitano.com.gt\/es\/?p=61866"},"modified":"2023-03-01T09:38:58","modified_gmt":"2023-03-01T15:38:58","slug":"vecinos-de-ciudad-satelite-apoyan-jornada-de-afiliacion-de-victoria","status":"publish","type":"post","link":"https:\/\/elmetropolitano.com.gt\/es\/vecinos-de-ciudad-satelite-apoyan-jornada-de-afiliacion-de-victoria\/","title":{"rendered":"Vecinos de Ciudad Sat\u00e9lite apoyan jornada de afiliaci\u00f3n de Victoria"},"content":{"rendered":"\n<p>Los vecinos de Ciudad Satelite salieron de sus casas este martes a participar de la jornada de afiliaci\u00f3n y capacitaci\u00f3n que realiz\u00f3 el candidato Presidencial del Partido Victoria Amilcar Rivera.<\/p>\n\n\n\n<p>En <a><\/a>la actividad tambi\u00e9n participaron los l\u00edderes Rodolfo Monz\u00f3n, Carlos Castillo y Rodolfo Ju\u00e1rez quienes coordinaron la reuni\u00f3n en la zona 9 de Mixco.<\/p><div class=\"elmet-contenido\" id=\"elmet-4037399820\"><div class=\"elmet-adlabel\">Anuncios<\/div><div style=\"margin-top: 20px;margin-right: 20px;margin-bottom: 20px;margin-left: 20px;\" id=\"elmet-2758064632\"><a href=\"https:\/\/www.facebook.com\/arrincuanantigua\/\" aria-label=\"cintillo-arrin-cual\"><img loading=\"lazy\" decoding=\"async\" src=\"https:\/\/elmetropolitano.com.gt\/es\/wp-content\/uploads\/2021\/11\/cintillo-arrin-cual-1.jpg\" alt=\"\"  srcset=\"https:\/\/elmetropolitano.com.gt\/es\/wp-content\/uploads\/2021\/11\/cintillo-arrin-cual-1.jpg 750w, https:\/\/elmetropolitano.com.gt\/es\/wp-content\/uploads\/2021\/11\/cintillo-arrin-cual-1-300x36.jpg 300w, https:\/\/elmetropolitano.com.gt\/es\/wp-content\/uploads\/2021\/11\/cintillo-arrin-cual-1-600x72.jpg 600w\" sizes=\"(max-width: 750px) 100vw, 750px\" width=\"750\" height=\"90\"   \/><\/a><\/div><\/div>\n\n\n\n<p>}<a href=\"https:\/\/www.facebook.com\/hashtag\/eleccionesgt2023?__eep__=6&amp;__cft__[0]=AZV7w2H3BrxTqGiOZWngr9YFFdO4Vm_nYEwgZV_lr2QkT3sP2Dfbiv8XBNYzYBNs4h3oMVVuxEnkAgvZf43_MZJuf7eZumo3kBqoomFh4u9RyZN4PGWWVi3wfAjhB5RCaoH62TFFuTFnQmE233-ug7YDjw5AC-TB9jeSSg_SD0bd0UjDuoHWvHnBq8MOm64-RaA&amp;__tn__=*NK-R\">#EleccionesGT2023<\/a><a href=\"https:\/\/www.facebook.com\/hashtag\/metroredes?__eep__=6&amp;__cft__[0]=AZV7w2H3BrxTqGiOZWngr9YFFdO4Vm_nYEwgZV_lr2QkT3sP2Dfbiv8XBNYzYBNs4h3oMVVuxEnkAgvZf43_MZJuf7eZumo3kBqoomFh4u9RyZN4PGWWVi3wfAjhB5RCaoH62TFFuTFnQmE233-ug7YDjw5AC-TB9jeSSg_SD0bd0UjDuoHWvHnBq8MOm64-RaA&amp;__tn__=*NK-R\">#metroredes<\/a><a href=\"https:\/\/www.facebook.com\/hashtag\/partidovictoria?__eep__=6&amp;__cft__[0]=AZV7w2H3BrxTqGiOZWngr9YFFdO4Vm_nYEwgZV_lr2QkT3sP2Dfbiv8XBNYzYBNs4h3oMVVuxEnkAgvZf43_MZJuf7eZumo3kBqoomFh4u9RyZN4PGWWVi3wfAjhB5RCaoH62TFFuTFnQmE233-ug7YDjw5AC-TB9jeSSg_SD0bd0UjDuoHWvHnBq8MOm64-RaA&amp;__tn__=*NK-R\">#PartidoVictoria<\/a><\/p>\n\n\n\n<figure class=\"wp-block-gallery has-nested-images columns-default is-cropped wp-block-gallery-1 is-layout-flex wp-block-gallery-is-layout-flex\">\n<figure class=\"wp-block-image size-large\"><img loading=\"lazy\" decoding=\"async\" width=\"720\" height=\"960\" data-id=\"61868\" src=\"https:\/\/elmetropolitano.com.gt\/es\/wp-content\/uploads\/2023\/03\/334283620_859649398537885_1219376338989160404_n.jpg\" alt=\"\" class=\"wp-image-61868\" srcset=\"https:\/\/elmetropolitano.com.gt\/es\/wp-content\/uploads\/2023\/03\/334283620_859649398537885_1219376338989160404_n.jpg 720w, https:\/\/elmetropolitano.com.gt\/es\/wp-content\/uploads\/2023\/03\/334283620_859649398537885_1219376338989160404_n-225x300.jpg 225w, https:\/\/elmetropolitano.com.gt\/es\/wp-content\/uploads\/2023\/03\/334283620_859649398537885_1219376338989160404_n-600x800.jpg 600w\" sizes=\"auto, (max-width: 720px) 100vw, 720px\" \/><\/figure>\n\n\n\n<figure class=\"wp-block-image size-large\"><img loading=\"lazy\" decoding=\"async\" width=\"960\" height=\"720\" data-id=\"61869\" src=\"https:\/\/elmetropolitano.com.gt\/es\/wp-content\/uploads\/2023\/03\/334283674_1149321339065104_1674379863237089036_n.jpg\" alt=\"\" class=\"wp-image-61869\" srcset=\"https:\/\/elmetropolitano.com.gt\/es\/wp-content\/uploads\/2023\/03\/334283674_1149321339065104_1674379863237089036_n.jpg 960w, https:\/\/elmetropolitano.com.gt\/es\/wp-content\/uploads\/2023\/03\/334283674_1149321339065104_1674379863237089036_n-300x225.jpg 300w, https:\/\/elmetropolitano.com.gt\/es\/wp-content\/uploads\/2023\/03\/334283674_1149321339065104_1674379863237089036_n-768x576.jpg 768w, https:\/\/elmetropolitano.com.gt\/es\/wp-content\/uploads\/2023\/03\/334283674_1149321339065104_1674379863237089036_n-600x450.jpg 600w\" sizes=\"auto, (max-width: 960px) 100vw, 960px\" \/><\/figure>\n<\/figure>\n","protected":false},"excerpt":{"rendered":"<p>Los vecinos de Ciudad Satelite salieron de sus casas este martes a participar de la jornada de afiliaci\u00f3n y capacitaci\u00f3n que realiz\u00f3 el candidato Presidencial del Partido Victoria Amilcar Rivera. En la actividad tambi\u00e9n participaron los l\u00edderes Rodolfo Monz\u00f3n, Carlos Castillo y Rodolfo Ju\u00e1rez quienes coordinaron la reuni\u00f3n en la zona 9 de Mixco. }#EleccionesGT2023#metroredes#PartidoVictoria<\/p>\n","protected":false},"author":1,"featured_media":61867,"comment_status":"open","ping_status":"closed","sticky":false,"template":"","format":"standard","meta":{"footnotes":""},"categories":[97],"tags":[98],"class_list":["post-61866","post","type-post","status-publish","format-standard","has-post-thumbnail","hentry","category-politica","tag-politica"],"_links":{"self":[{"href":"https:\/\/elmetropolitano.com.gt\/es\/wp-json\/wp\/v2\/posts\/61866","targetHints":{"allow":["GET"]}}],"collection":[{"href":"https:\/\/elmetropolitano.com.gt\/es\/wp-json\/wp\/v2\/posts"}],"about":[{"href":"https:\/\/elmetropolitano.com.gt\/es\/wp-json\/wp\/v2\/types\/post"}],"author":[{"embeddable":true,"href":"https:\/\/elmetropolitano.com.gt\/es\/wp-json\/wp\/v2\/users\/1"}],"replies":[{"embeddable":true,"href":"https:\/\/elmetropolitano.com.gt\/es\/wp-json\/wp\/v2\/comments?post=61866"}],"version-history":[{"count":1,"href":"https:\/\/elmetropolitano.com.gt\/es\/wp-json\/wp\/v2\/posts\/61866\/revisions"}],"predecessor-version":[{"id":61870,"href":"https:\/\/elmetropolitano.com.gt\/es\/wp-json\/wp\/v2\/posts\/61866\/revisions\/61870"}],"wp:featuredmedia":[{"embeddable":true,"href":"https:\/\/elmetropolitano.com.gt\/es\/wp-json\/wp\/v2\/media\/61867"}],"wp:attachment":[{"href":"https:\/\/elmetropolitano.com.gt\/es\/wp-json\/wp\/v2\/media?parent=61866"}],"wp:term":[{"taxonomy":"category","embeddable":true,"href":"https:\/\/elmetropolitano.com.gt\/es\/wp-json\/wp\/v2\/categories?post=61866"},{"taxonomy":"post_tag","embeddable":true,"href":"https:\/\/elmetropolitano.com.gt\/es\/wp-json\/wp\/v2\/tags?post=61866"}],"curies":[{"name":"wp","href":"https:\/\/api.w.org\/{rel}","templated":true}]}}