{"id":61871,"date":"2023-03-01T09:40:34","date_gmt":"2023-03-01T15:40:34","guid":{"rendered":"https:\/\/elmetropolitano.com.gt\/es\/?p=61871"},"modified":"2023-03-01T09:40:36","modified_gmt":"2023-03-01T15:40:36","slug":"mipyme-participan-en-feria-new-world-craft","status":"publish","type":"post","link":"https:\/\/elmetropolitano.com.gt\/es\/mipyme-participan-en-feria-new-world-craft\/","title":{"rendered":"Mipyme participan en feria New World Craft"},"content":{"rendered":"\n<p>Un total de 28 micro, peque\u00f1as y medianas empresas (Mipyme) guatemaltecas participaron en la feria New World Craft, evento que promueve la Asociaci\u00f3n Guatemalteca de Exportadores (Agexport). La feria se desarrolla en Antigua Guatemala del 28 de febrero al 1 de marzo.<\/p>\n\n\n\n<p>A <a><\/a>decir del Ministerio de Econom\u00eda (Mineco), las empresas participantes pertenecen a los programas Sello Blanco e Innovaci\u00f3n Artesanal. Tambi\u00e9n participaron los finalistas del concurso Kakaw 2022.<\/p><div class=\"elmet-contenido\" id=\"elmet-2643907094\"><div class=\"elmet-adlabel\">Anuncios<\/div><div style=\"margin-top: 20px;margin-right: 20px;margin-bottom: 20px;margin-left: 20px;\" id=\"elmet-1914735566\"><a href=\"https:\/\/www.facebook.com\/arrincuanantigua\/\" aria-label=\"cintillo-arrin-cual\"><img loading=\"lazy\" decoding=\"async\" src=\"https:\/\/elmetropolitano.com.gt\/es\/wp-content\/uploads\/2021\/11\/cintillo-arrin-cual-1.jpg\" alt=\"\"  srcset=\"https:\/\/elmetropolitano.com.gt\/es\/wp-content\/uploads\/2021\/11\/cintillo-arrin-cual-1.jpg 750w, https:\/\/elmetropolitano.com.gt\/es\/wp-content\/uploads\/2021\/11\/cintillo-arrin-cual-1-300x36.jpg 300w, https:\/\/elmetropolitano.com.gt\/es\/wp-content\/uploads\/2021\/11\/cintillo-arrin-cual-1-600x72.jpg 600w\" sizes=\"(max-width: 750px) 100vw, 750px\" width=\"750\" height=\"90\"   \/><\/a><\/div><\/div>\n\n\n\n<p>Todas las compa\u00f1\u00edas elaboran productos a mano y cuentan con dise\u00f1os modernos y contempor\u00e1neos inspirados en la riqueza cultural nacional.<\/p>\n\n\n\n<p>Nuestro pa\u00eds posee altas tasas de emprendimiento e innovaci\u00f3n, por lo que desde el Gobierno y el sector privado estamos trabajando en iniciativas que brinden m\u00e1s oportunidades para el crecimiento de los negocios, resalt\u00f3 el viceministerio de Desarrollo de la Mipyme, del Mineco.<\/p>\n\n\n\n<p>Importancia del evento<\/p>\n\n\n\n<p>A la actividad New World Craft se le considera una de las ferias comerciales m\u00e1s importantes de Latinoam\u00e9rica, pues es una plataforma para dise\u00f1adores y empresas de productos artesanales.<\/p>\n\n\n\n<p>Adem\u00e1s, constituye una ventana de exposici\u00f3n para que las empresas participantes puedan ofrecer sus productos e ingresar a competir en el mercado nacional e internacional, se\u00f1al\u00f3 la cartera de Econom\u00eda.<\/p>\n\n\n\n<p>Como parte del evento, se cont\u00f3 con la participaci\u00f3n de 80 Mipyme de la regi\u00f3n. Esto signific\u00f3 la exhibici\u00f3n de al menos mil art\u00edculos textiles, cer\u00e1mica, fibras naturales, cuero, vidrio soplado, material reciclado y hierro forjado, entre otros.<\/p>\n\n\n\n<p>Programas de Mineco<\/p>\n\n\n\n<p>El Mineco record\u00f3 que promueve diversos programas para conformar y desarrollar Mipyme. Uno de ellos es Innovaci\u00f3n Artesanal, que provee las herramientas para que los emprendedores cumplan con los est\u00e1ndares de los mercados nacional e internacional.<\/p>\n\n\n\n<p>Otra de las iniciativas en Sello Blanco, que busca visibilizar a las Mipyme guatemaltecas cuyos productos son aptos para la comercializaci\u00f3n en el extranjero.<\/p>\n\n\n\n<p>Texto: Luc\u00eda Contreras<\/p>\n\n\n\n<p>&#8211;<a href=\"https:\/\/www.facebook.com\/hashtag\/ministeriodeeconomiagt?__eep__=6&amp;__cft__[0]=AZVgFWYty20k7Jf5QXSXzLhKcMgYaeOPX3YJVMdjEPe402DXEUByOUvYzWGZ5WrImU7Qu6Ra1mqm7W3xBKLaziko0Arg8Kx-HcqAwBao25kkG-Pgku7V-YZ3OYty15i7gttiGlYA-e3f49RNtmItdeipO7UOWVnwUHmifCsFYw580EApCOoxgAjp6rW51LYsZno&amp;__tn__=*NK-R\">#MinisterioDeEconomiaGT<\/a><a href=\"https:\/\/www.facebook.com\/hashtag\/metroredes?__eep__=6&amp;__cft__[0]=AZVgFWYty20k7Jf5QXSXzLhKcMgYaeOPX3YJVMdjEPe402DXEUByOUvYzWGZ5WrImU7Qu6Ra1mqm7W3xBKLaziko0Arg8Kx-HcqAwBao25kkG-Pgku7V-YZ3OYty15i7gttiGlYA-e3f49RNtmItdeipO7UOWVnwUHmifCsFYw580EApCOoxgAjp6rW51LYsZno&amp;__tn__=*NK-R\">#metroredes<\/a><\/p>\n\n\n\n<p><\/p>\n","protected":false},"excerpt":{"rendered":"<p>Un total de 28 micro, peque\u00f1as y medianas empresas (Mipyme) guatemaltecas participaron en la feria New World Craft, evento que promueve la Asociaci\u00f3n Guatemalteca de Exportadores (Agexport). La feria se desarrolla en Antigua Guatemala del 28 de febrero al 1 de marzo. A decir del Ministerio de Econom\u00eda (Mineco), las empresas participantes pertenecen a los <a class=\"read-more\" href=\"https:\/\/elmetropolitano.com.gt\/es\/mipyme-participan-en-feria-new-world-craft\/\">Leer m\u00e1s<\/a><\/p>\n","protected":false},"author":1,"featured_media":61872,"comment_status":"open","ping_status":"closed","sticky":false,"template":"","format":"standard","meta":{"footnotes":""},"categories":[31],"tags":[32],"class_list":["post-61871","post","type-post","status-publish","format-standard","has-post-thumbnail","hentry","category-metroimpulso","tag-metroimpulso"],"_links":{"self":[{"href":"https:\/\/elmetropolitano.com.gt\/es\/wp-json\/wp\/v2\/posts\/61871","targetHints":{"allow":["GET"]}}],"collection":[{"href":"https:\/\/elmetropolitano.com.gt\/es\/wp-json\/wp\/v2\/posts"}],"about":[{"href":"https:\/\/elmetropolitano.com.gt\/es\/wp-json\/wp\/v2\/types\/post"}],"author":[{"embeddable":true,"href":"https:\/\/elmetropolitano.com.gt\/es\/wp-json\/wp\/v2\/users\/1"}],"replies":[{"embeddable":true,"href":"https:\/\/elmetropolitano.com.gt\/es\/wp-json\/wp\/v2\/comments?post=61871"}],"version-history":[{"count":1,"href":"https:\/\/elmetropolitano.com.gt\/es\/wp-json\/wp\/v2\/posts\/61871\/revisions"}],"predecessor-version":[{"id":61873,"href":"https:\/\/elmetropolitano.com.gt\/es\/wp-json\/wp\/v2\/posts\/61871\/revisions\/61873"}],"wp:featuredmedia":[{"embeddable":true,"href":"https:\/\/elmetropolitano.com.gt\/es\/wp-json\/wp\/v2\/media\/61872"}],"wp:attachment":[{"href":"https:\/\/elmetropolitano.com.gt\/es\/wp-json\/wp\/v2\/media?parent=61871"}],"wp:term":[{"taxonomy":"category","embeddable":true,"href":"https:\/\/elmetropolitano.com.gt\/es\/wp-json\/wp\/v2\/categories?post=61871"},{"taxonomy":"post_tag","embeddable":true,"href":"https:\/\/elmetropolitano.com.gt\/es\/wp-json\/wp\/v2\/tags?post=61871"}],"curies":[{"name":"wp","href":"https:\/\/api.w.org\/{rel}","templated":true}]}}