{"id":61874,"date":"2023-03-01T09:42:26","date_gmt":"2023-03-01T15:42:26","guid":{"rendered":"https:\/\/elmetropolitano.com.gt\/es\/?p=61874"},"modified":"2023-03-01T09:42:31","modified_gmt":"2023-03-01T15:42:31","slug":"por-segundo-dia-consecutivo-ejercito-localiza-plantacion-de-coca-en-san-luis-peten","status":"publish","type":"post","link":"https:\/\/elmetropolitano.com.gt\/es\/por-segundo-dia-consecutivo-ejercito-localiza-plantacion-de-coca-en-san-luis-peten\/","title":{"rendered":"Por segundo d\u00eda consecutivo, Ej\u00e9rcito localiza plantaci\u00f3n de coca en San Luis, Pet\u00e9n"},"content":{"rendered":"\n<p>Como parte de las operaciones de b\u00fasqueda y rastreo, unidades de tierra del Ej\u00e9rcito de Guatemala, por segundo d\u00eda consecutivo, localizaron una plantaci\u00f3n de hojas de coca en San Luis, Pet\u00e9n.<\/p>\n\n\n\n<p>Se ha localizado una plantaci\u00f3n m\u00e1s con una extensi\u00f3n de entre 5 y 6 manzanas, aproximadamente. Asimismo, se han localizado recipientes con posibles precursores para preparaci\u00f3n de pasta a base de coca, <a><\/a>dijo Rub\u00e9n T\u00e9llez, portavoz de la instituci\u00f3n.<\/p><div class=\"elmet-contenido\" id=\"elmet-3262461438\"><div class=\"elmet-adlabel\">Anuncios<\/div><div style=\"margin-top: 20px;margin-right: 20px;margin-bottom: 20px;margin-left: 20px;\" id=\"elmet-3271300361\"><a href=\"https:\/\/www.facebook.com\/arrincuanantigua\/\" aria-label=\"cintillo-arrin-cual\"><img loading=\"lazy\" decoding=\"async\" src=\"https:\/\/elmetropolitano.com.gt\/es\/wp-content\/uploads\/2021\/11\/cintillo-arrin-cual-1.jpg\" alt=\"\"  srcset=\"https:\/\/elmetropolitano.com.gt\/es\/wp-content\/uploads\/2021\/11\/cintillo-arrin-cual-1.jpg 750w, https:\/\/elmetropolitano.com.gt\/es\/wp-content\/uploads\/2021\/11\/cintillo-arrin-cual-1-300x36.jpg 300w, https:\/\/elmetropolitano.com.gt\/es\/wp-content\/uploads\/2021\/11\/cintillo-arrin-cual-1-600x72.jpg 600w\" sizes=\"(max-width: 750px) 100vw, 750px\" width=\"750\" height=\"90\"   \/><\/a><\/div><\/div>\n\n\n\n<p>Por este tema, enfatiz\u00f3 que se ha avisado a las autoridades de la Subdirecci\u00f3n General de An\u00e1lisis de Informaci\u00f3n (SGAIA), de la Polic\u00eda Nacional Civil (PNC), y fiscales del Ministerio P\u00fablico (MP). En tanto, los elementos fortalecen las acciones de rastreo, con la finalidad de ubicar otras plantaciones en el sector.<\/p>\n\n\n\n<p>La entidad report\u00f3 que este lunes se localiz\u00f3 la primera plantaci\u00f3n, con una extensi\u00f3n de aproximadamente cinco manzanas.<\/p>\n\n\n\n<p>De esa cuenta, la entidad castrense record\u00f3 que dicho hallazgo se dio en el \u00e1rea sur de San Luis, espec\u00edficamente en el \u00e1rea lim\u00edtrofe entre Pet\u00e9n e Izabal.<\/p>\n\n\n\n<p>Fortalecen las acciones<\/p>\n\n\n\n<p>Las acciones contra el narcotr\u00e1fico se efect\u00faan a trav\u00e9s del Viceministerio de Antinarc\u00f3ticos del Mingob.<\/p>\n\n\n\n<p>La semana pasada, las autoridades sostuvieron una reuni\u00f3n de trabajo con representantes del Ministerio de la Defensa Nacional (Mindef) y la Oficina de Asuntos Antinarc\u00f3ticos y Aplicaci\u00f3n de la Ley (INL, en ingl\u00e9s). Tambi\u00e9n se cont\u00f3 con la participaci\u00f3n de funcionarios de la Fiscal\u00eda de Delitos de Narcoactividad del MP.<\/p>\n\n\n\n<p>La asamblea la promovi\u00f3 el Gobierno de Guatemala. El objetivo es planificar de manera interinstitucional operativos de erradicaci\u00f3n de plantaciones il\u00edcitas en el territorio nacional.<\/p>\n\n\n\n<p>Adem\u00e1s, se busca reforzar las estrategias dirigidas a concientizar a la poblaci\u00f3n guatemalteca sobre los problemas legales que conlleva el delito de siembra y cultivo, establecido en el art\u00edculo 36 de la Ley contra la Narcoactividad.<\/p>\n\n\n\n<p>Las estad\u00edsticas<\/p>\n\n\n\n<p>Durante el presente a\u00f1o han sido erradicados un mill\u00f3n 506 mil 18 arbustos de coca.<\/p>\n\n\n\n<p>Las acciones tambi\u00e9n permitieron la eliminaci\u00f3n de 715 mil 511 matas de marihuana en fase de crecimiento y aprovechamiento. El aval\u00fao de las plantaciones il\u00edcitas destruidas asciende a 283 millones 376 mil 805<\/p>\n\n\n\n<p><a href=\"https:\/\/www.facebook.com\/hashtag\/metroredes?__eep__=6&amp;__cft__[0]=AZXqqO9cX0ykP79G2Z4NgJ6sOsb3PJMscLgM-W7H6h_7HkBMZVoPQW_Pf0X3A4mXJZGDxVPI5IigNIjMOTp9-C8HQPoAFXASgCdO_V3avUBok73l_kUBx1qPjSi4xepXx55pYEdQzaTP_mp0FmJ8eUWb0QhNYvvjdgDya4suYn8RU6nnw6ki4qiIlAjDIkBQ5P0&amp;__tn__=*NK-R\">#metroredes<\/a><a href=\"https:\/\/www.facebook.com\/hashtag\/ejercitogt?__eep__=6&amp;__cft__[0]=AZXqqO9cX0ykP79G2Z4NgJ6sOsb3PJMscLgM-W7H6h_7HkBMZVoPQW_Pf0X3A4mXJZGDxVPI5IigNIjMOTp9-C8HQPoAFXASgCdO_V3avUBok73l_kUBx1qPjSi4xepXx55pYEdQzaTP_mp0FmJ8eUWb0QhNYvvjdgDya4suYn8RU6nnw6ki4qiIlAjDIkBQ5P0&amp;__tn__=*NK-R\">#EjercitoGT<\/a><a href=\"https:\/\/www.facebook.com\/hashtag\/peten?__eep__=6&amp;__cft__[0]=AZXqqO9cX0ykP79G2Z4NgJ6sOsb3PJMscLgM-W7H6h_7HkBMZVoPQW_Pf0X3A4mXJZGDxVPI5IigNIjMOTp9-C8HQPoAFXASgCdO_V3avUBok73l_kUBx1qPjSi4xepXx55pYEdQzaTP_mp0FmJ8eUWb0QhNYvvjdgDya4suYn8RU6nnw6ki4qiIlAjDIkBQ5P0&amp;__tn__=*NK-R\">#Peten<\/a><\/p>\n\n\n\n<figure class=\"wp-block-gallery has-nested-images columns-default is-cropped wp-block-gallery-1 is-layout-flex wp-block-gallery-is-layout-flex\">\n<figure class=\"wp-block-image size-large\"><img loading=\"lazy\" decoding=\"async\" width=\"1024\" height=\"512\" data-id=\"61877\" src=\"https:\/\/elmetropolitano.com.gt\/es\/wp-content\/uploads\/2023\/03\/331560159_214501771069024_6278421017358331427_n-1024x512.jpg\" alt=\"\" class=\"wp-image-61877\" srcset=\"https:\/\/elmetropolitano.com.gt\/es\/wp-content\/uploads\/2023\/03\/331560159_214501771069024_6278421017358331427_n-1024x512.jpg 1024w, https:\/\/elmetropolitano.com.gt\/es\/wp-content\/uploads\/2023\/03\/331560159_214501771069024_6278421017358331427_n-300x150.jpg 300w, https:\/\/elmetropolitano.com.gt\/es\/wp-content\/uploads\/2023\/03\/331560159_214501771069024_6278421017358331427_n-768x384.jpg 768w, https:\/\/elmetropolitano.com.gt\/es\/wp-content\/uploads\/2023\/03\/331560159_214501771069024_6278421017358331427_n-600x300.jpg 600w, https:\/\/elmetropolitano.com.gt\/es\/wp-content\/uploads\/2023\/03\/331560159_214501771069024_6278421017358331427_n.jpg 1140w\" sizes=\"auto, (max-width: 1024px) 100vw, 1024px\" \/><\/figure>\n\n\n\n<figure class=\"wp-block-image size-large\"><img loading=\"lazy\" decoding=\"async\" width=\"1024\" height=\"768\" data-id=\"61876\" src=\"https:\/\/elmetropolitano.com.gt\/es\/wp-content\/uploads\/2023\/03\/331665256_570271768469317_4450357114649627294_n.jpg\" alt=\"\" class=\"wp-image-61876\" srcset=\"https:\/\/elmetropolitano.com.gt\/es\/wp-content\/uploads\/2023\/03\/331665256_570271768469317_4450357114649627294_n.jpg 1024w, https:\/\/elmetropolitano.com.gt\/es\/wp-content\/uploads\/2023\/03\/331665256_570271768469317_4450357114649627294_n-300x225.jpg 300w, https:\/\/elmetropolitano.com.gt\/es\/wp-content\/uploads\/2023\/03\/331665256_570271768469317_4450357114649627294_n-768x576.jpg 768w, https:\/\/elmetropolitano.com.gt\/es\/wp-content\/uploads\/2023\/03\/331665256_570271768469317_4450357114649627294_n-600x450.jpg 600w\" sizes=\"auto, (max-width: 1024px) 100vw, 1024px\" \/><\/figure>\n\n\n\n<figure class=\"wp-block-image size-large\"><img loading=\"lazy\" decoding=\"async\" width=\"720\" height=\"960\" data-id=\"61878\" src=\"https:\/\/elmetropolitano.com.gt\/es\/wp-content\/uploads\/2023\/03\/334290973_585700919878707_941912473844086752_n.jpg\" alt=\"\" class=\"wp-image-61878\" srcset=\"https:\/\/elmetropolitano.com.gt\/es\/wp-content\/uploads\/2023\/03\/334290973_585700919878707_941912473844086752_n.jpg 720w, https:\/\/elmetropolitano.com.gt\/es\/wp-content\/uploads\/2023\/03\/334290973_585700919878707_941912473844086752_n-225x300.jpg 225w, https:\/\/elmetropolitano.com.gt\/es\/wp-content\/uploads\/2023\/03\/334290973_585700919878707_941912473844086752_n-600x800.jpg 600w\" sizes=\"auto, (max-width: 720px) 100vw, 720px\" \/><\/figure>\n<\/figure>\n","protected":false},"excerpt":{"rendered":"<p>Como parte de las operaciones de b\u00fasqueda y rastreo, unidades de tierra del Ej\u00e9rcito de Guatemala, por segundo d\u00eda consecutivo, localizaron una plantaci\u00f3n de hojas de coca en San Luis, Pet\u00e9n. Se ha localizado una plantaci\u00f3n m\u00e1s con una extensi\u00f3n de entre 5 y 6 manzanas, aproximadamente. Asimismo, se han localizado recipientes con posibles precursores <a class=\"read-more\" href=\"https:\/\/elmetropolitano.com.gt\/es\/por-segundo-dia-consecutivo-ejercito-localiza-plantacion-de-coca-en-san-luis-peten\/\">Leer m\u00e1s<\/a><\/p>\n","protected":false},"author":1,"featured_media":61875,"comment_status":"open","ping_status":"closed","sticky":false,"template":"","format":"standard","meta":{"footnotes":""},"categories":[4],"tags":[13],"class_list":["post-61874","post","type-post","status-publish","format-standard","has-post-thumbnail","hentry","category-departamentales","tag-departamentales"],"_links":{"self":[{"href":"https:\/\/elmetropolitano.com.gt\/es\/wp-json\/wp\/v2\/posts\/61874","targetHints":{"allow":["GET"]}}],"collection":[{"href":"https:\/\/elmetropolitano.com.gt\/es\/wp-json\/wp\/v2\/posts"}],"about":[{"href":"https:\/\/elmetropolitano.com.gt\/es\/wp-json\/wp\/v2\/types\/post"}],"author":[{"embeddable":true,"href":"https:\/\/elmetropolitano.com.gt\/es\/wp-json\/wp\/v2\/users\/1"}],"replies":[{"embeddable":true,"href":"https:\/\/elmetropolitano.com.gt\/es\/wp-json\/wp\/v2\/comments?post=61874"}],"version-history":[{"count":1,"href":"https:\/\/elmetropolitano.com.gt\/es\/wp-json\/wp\/v2\/posts\/61874\/revisions"}],"predecessor-version":[{"id":61879,"href":"https:\/\/elmetropolitano.com.gt\/es\/wp-json\/wp\/v2\/posts\/61874\/revisions\/61879"}],"wp:featuredmedia":[{"embeddable":true,"href":"https:\/\/elmetropolitano.com.gt\/es\/wp-json\/wp\/v2\/media\/61875"}],"wp:attachment":[{"href":"https:\/\/elmetropolitano.com.gt\/es\/wp-json\/wp\/v2\/media?parent=61874"}],"wp:term":[{"taxonomy":"category","embeddable":true,"href":"https:\/\/elmetropolitano.com.gt\/es\/wp-json\/wp\/v2\/categories?post=61874"},{"taxonomy":"post_tag","embeddable":true,"href":"https:\/\/elmetropolitano.com.gt\/es\/wp-json\/wp\/v2\/tags?post=61874"}],"curies":[{"name":"wp","href":"https:\/\/api.w.org\/{rel}","templated":true}]}}