{"id":61966,"date":"2023-03-03T09:36:00","date_gmt":"2023-03-03T15:36:00","guid":{"rendered":"https:\/\/elmetropolitano.com.gt\/es\/?p=61966"},"modified":"2023-03-03T09:36:01","modified_gmt":"2023-03-03T15:36:01","slug":"lanzan-nueva-proteina-alternativa","status":"publish","type":"post","link":"https:\/\/elmetropolitano.com.gt\/es\/lanzan-nueva-proteina-alternativa\/","title":{"rendered":"Lanzan nueva prote\u00edna alternativa"},"content":{"rendered":"\n<p>SERVI con el respaldo de Custom Culinary lanzaron la nueva torta a base de arveja, como una prote\u00edna alternativa deliciosa y de r\u00e1pida preparaci\u00f3n, con el objetivo de diversificar el paladar y descubrir nuevas combinaciones m\u00e1s saludables.<\/p>\n\n\n\n<p>Para su preparaci\u00f3n, se debe colocar la torta sin descongelar y cocinar 4 minutos por lado aproximadamente. Puede utilizarse en preparaciones que van desde hamburguesas, hasta ensaladas, paninis, wraps o <a><\/a>solamente acompa\u00f1ada de guamiciones. Despu\u00e9s de abierto la caja puede conservarse congelada.<\/p><div class=\"elmet-contenido\" id=\"elmet-3020381649\"><div class=\"elmet-adlabel\">Anuncios<\/div><div style=\"margin-top: 20px;margin-right: 20px;margin-bottom: 20px;margin-left: 20px;\" id=\"elmet-862988628\"><a href=\"https:\/\/www.facebook.com\/arrincuanantigua\/\" aria-label=\"cintillo-arrin-cual\"><img loading=\"lazy\" decoding=\"async\" src=\"https:\/\/elmetropolitano.com.gt\/es\/wp-content\/uploads\/2021\/11\/cintillo-arrin-cual-1.jpg\" alt=\"\"  srcset=\"https:\/\/elmetropolitano.com.gt\/es\/wp-content\/uploads\/2021\/11\/cintillo-arrin-cual-1.jpg 750w, https:\/\/elmetropolitano.com.gt\/es\/wp-content\/uploads\/2021\/11\/cintillo-arrin-cual-1-300x36.jpg 300w, https:\/\/elmetropolitano.com.gt\/es\/wp-content\/uploads\/2021\/11\/cintillo-arrin-cual-1-600x72.jpg 600w\" sizes=\"(max-width: 750px) 100vw, 750px\" width=\"750\" height=\"90\"   \/><\/a><\/div><\/div>\n\n\n\n<p>Durante el lanzamiento el chef especializado y certificado en comida vegetariana, Joshua Montenegro, mostr\u00f3 c\u00f3mo esta nueva prote\u00edna alternativa puede cocinarse y acompa\u00f1arse. La torta es consistente y se adapta a diferentes niveles de calor, por lo que permite la creaci\u00f3n de exquisitos platillos. Gracias a su versatilidad puede cocinarse en parrilla, sart\u00e9n, freidora de aire, entre otros.<\/p>\n\n\n\n<p>\u201cEsta prote\u00edna alternativa est\u00e1 fabricada para el desarrollo gastron\u00f3mico de Guatemala y para que nuestros aliados estrat\u00e9gicos de hoteles, restaurantes y catering puedan integrar en sus men\u00fas una prote\u00edna alternativa saludable y vers\u00e1til,\u00bb coment\u00f3 Dany De Le\u00f3n, director comercial.<\/p>\n\n\n\n<p>#metroredes<\/p>\n\n\n\n<figure class=\"wp-block-gallery has-nested-images columns-default is-cropped wp-block-gallery-1 is-layout-flex wp-block-gallery-is-layout-flex\">\n<figure class=\"wp-block-image size-large\"><img loading=\"lazy\" decoding=\"async\" width=\"1024\" height=\"461\" data-id=\"61968\" src=\"https:\/\/elmetropolitano.com.gt\/es\/wp-content\/uploads\/2023\/03\/334642734_1348688712647802_4612022597183648651_n-1024x461.jpg\" alt=\"\" class=\"wp-image-61968\" srcset=\"https:\/\/elmetropolitano.com.gt\/es\/wp-content\/uploads\/2023\/03\/334642734_1348688712647802_4612022597183648651_n-1024x461.jpg 1024w, https:\/\/elmetropolitano.com.gt\/es\/wp-content\/uploads\/2023\/03\/334642734_1348688712647802_4612022597183648651_n-300x135.jpg 300w, https:\/\/elmetropolitano.com.gt\/es\/wp-content\/uploads\/2023\/03\/334642734_1348688712647802_4612022597183648651_n-768x346.jpg 768w, https:\/\/elmetropolitano.com.gt\/es\/wp-content\/uploads\/2023\/03\/334642734_1348688712647802_4612022597183648651_n-600x270.jpg 600w, https:\/\/elmetropolitano.com.gt\/es\/wp-content\/uploads\/2023\/03\/334642734_1348688712647802_4612022597183648651_n.jpg 1422w\" sizes=\"auto, (max-width: 1024px) 100vw, 1024px\" \/><\/figure>\n\n\n\n<figure class=\"wp-block-image size-large\"><img loading=\"lazy\" decoding=\"async\" width=\"1024\" height=\"461\" data-id=\"61969\" src=\"https:\/\/elmetropolitano.com.gt\/es\/wp-content\/uploads\/2023\/03\/334677780_218113040685322_7711173435300514210_n-1024x461.jpg\" alt=\"\" class=\"wp-image-61969\" srcset=\"https:\/\/elmetropolitano.com.gt\/es\/wp-content\/uploads\/2023\/03\/334677780_218113040685322_7711173435300514210_n-1024x461.jpg 1024w, https:\/\/elmetropolitano.com.gt\/es\/wp-content\/uploads\/2023\/03\/334677780_218113040685322_7711173435300514210_n-300x135.jpg 300w, https:\/\/elmetropolitano.com.gt\/es\/wp-content\/uploads\/2023\/03\/334677780_218113040685322_7711173435300514210_n-768x346.jpg 768w, https:\/\/elmetropolitano.com.gt\/es\/wp-content\/uploads\/2023\/03\/334677780_218113040685322_7711173435300514210_n-600x270.jpg 600w, https:\/\/elmetropolitano.com.gt\/es\/wp-content\/uploads\/2023\/03\/334677780_218113040685322_7711173435300514210_n.jpg 1422w\" sizes=\"auto, (max-width: 1024px) 100vw, 1024px\" \/><\/figure>\n<\/figure>\n","protected":false},"excerpt":{"rendered":"<p>SERVI con el respaldo de Custom Culinary lanzaron la nueva torta a base de arveja, como una prote\u00edna alternativa deliciosa y de r\u00e1pida preparaci\u00f3n, con el objetivo de diversificar el paladar y descubrir nuevas combinaciones m\u00e1s saludables. Para su preparaci\u00f3n, se debe colocar la torta sin descongelar y cocinar 4 minutos por lado aproximadamente. Puede <a class=\"read-more\" href=\"https:\/\/elmetropolitano.com.gt\/es\/lanzan-nueva-proteina-alternativa\/\">Leer m\u00e1s<\/a><\/p>\n","protected":false},"author":1,"featured_media":61967,"comment_status":"open","ping_status":"closed","sticky":false,"template":"","format":"standard","meta":{"footnotes":""},"categories":[31],"tags":[32],"class_list":["post-61966","post","type-post","status-publish","format-standard","has-post-thumbnail","hentry","category-metroimpulso","tag-metroimpulso"],"_links":{"self":[{"href":"https:\/\/elmetropolitano.com.gt\/es\/wp-json\/wp\/v2\/posts\/61966","targetHints":{"allow":["GET"]}}],"collection":[{"href":"https:\/\/elmetropolitano.com.gt\/es\/wp-json\/wp\/v2\/posts"}],"about":[{"href":"https:\/\/elmetropolitano.com.gt\/es\/wp-json\/wp\/v2\/types\/post"}],"author":[{"embeddable":true,"href":"https:\/\/elmetropolitano.com.gt\/es\/wp-json\/wp\/v2\/users\/1"}],"replies":[{"embeddable":true,"href":"https:\/\/elmetropolitano.com.gt\/es\/wp-json\/wp\/v2\/comments?post=61966"}],"version-history":[{"count":1,"href":"https:\/\/elmetropolitano.com.gt\/es\/wp-json\/wp\/v2\/posts\/61966\/revisions"}],"predecessor-version":[{"id":61970,"href":"https:\/\/elmetropolitano.com.gt\/es\/wp-json\/wp\/v2\/posts\/61966\/revisions\/61970"}],"wp:featuredmedia":[{"embeddable":true,"href":"https:\/\/elmetropolitano.com.gt\/es\/wp-json\/wp\/v2\/media\/61967"}],"wp:attachment":[{"href":"https:\/\/elmetropolitano.com.gt\/es\/wp-json\/wp\/v2\/media?parent=61966"}],"wp:term":[{"taxonomy":"category","embeddable":true,"href":"https:\/\/elmetropolitano.com.gt\/es\/wp-json\/wp\/v2\/categories?post=61966"},{"taxonomy":"post_tag","embeddable":true,"href":"https:\/\/elmetropolitano.com.gt\/es\/wp-json\/wp\/v2\/tags?post=61966"}],"curies":[{"name":"wp","href":"https:\/\/api.w.org\/{rel}","templated":true}]}}