{"id":62013,"date":"2023-03-03T15:05:20","date_gmt":"2023-03-03T21:05:20","guid":{"rendered":"https:\/\/elmetropolitano.com.gt\/es\/?p=62013"},"modified":"2023-03-03T15:05:22","modified_gmt":"2023-03-03T21:05:22","slug":"raymond-weil-reafirma-su-presencia-en-guatemala","status":"publish","type":"post","link":"https:\/\/elmetropolitano.com.gt\/es\/raymond-weil-reafirma-su-presencia-en-guatemala\/","title":{"rendered":"RAYMOND WEIL reafirma su presencia en Guatemala"},"content":{"rendered":"\n<p>Raymond Weil de la mano con Joyer\u00edas Villeda -deciden relanzar al mercado la marca de relojes en Guatemala. Rindiendo homenaje al talento musical guatemalteco con la emabajadora Stephanie Zelaya utilizando la nueva colecci\u00f3n Toccata. Inspirados en el movimiento Art-Deco.<\/p>\n\n\n\n<p>La <a><\/a>compa\u00f1\u00eda suiza y familiarr de relojes de lujo Raymond Weil relanza su marca en Guatemala, esta vez representada por Joyer\u00eda Villeda, una de las empresas m\u00e1s importantes de relojer\u00eda y joyer\u00eda en el pa\u00eds. La marca, que sostiene un estrecho v\u00ednculo con la m\u00fasica, ha querido celebrar a uno de los artistas que representan el presente y futuro de la m\u00fasica en Guatemala, se trata de Stephanie Zelaya cantante y compositor.<\/p><div class=\"elmet-contenido\" id=\"elmet-1549904893\"><div class=\"elmet-adlabel\">Anuncios<\/div><div style=\"margin-top: 20px;margin-right: 20px;margin-bottom: 20px;margin-left: 20px;\" id=\"elmet-2232839948\"><a href=\"https:\/\/www.facebook.com\/arrincuanantigua\/\" aria-label=\"cintillo-arrin-cual\"><img loading=\"lazy\" decoding=\"async\" src=\"https:\/\/elmetropolitano.com.gt\/es\/wp-content\/uploads\/2021\/11\/cintillo-arrin-cual-1.jpg\" alt=\"\"  srcset=\"https:\/\/elmetropolitano.com.gt\/es\/wp-content\/uploads\/2021\/11\/cintillo-arrin-cual-1.jpg 750w, https:\/\/elmetropolitano.com.gt\/es\/wp-content\/uploads\/2021\/11\/cintillo-arrin-cual-1-300x36.jpg 300w, https:\/\/elmetropolitano.com.gt\/es\/wp-content\/uploads\/2021\/11\/cintillo-arrin-cual-1-600x72.jpg 600w\" sizes=\"(max-width: 750px) 100vw, 750px\" width=\"750\" height=\"90\"   \/><\/a><\/div><\/div>\n\n\n\n<p>\u201cNos enorgullece poder celebrar este lanzamiento con Joyerias Villeda en una nueva visi\u00f3n de expansi\u00f3n de nuestra marca familiar e independiente en Guatemala. Estamos agradecidos de poder contar con la presencia de ZELAYA quien representa la feminidad musical actualmente en el pa\u00eds y nos acompanara en este nuevo recorrido\u201d explica Jose Maria Ramos, miembro de la tercera generaci\u00f3n de la familia y director de desarrollo para RAYMOND WEIL<\/p>\n\n\n\n<p>RAYMOND WEIL es el nombre de una Relojer\u00eda Suiza Maison y de una familia que, durante casi medio siglo, han incrustado sus valores en el coraz\u00f3n de sus relojes.<\/p>\n\n\n\n<p>La m\u00fasica y el arte son para RAYMOND WEIL como el pensamiento es a la humanidad: una fuente inagotable de inspiraci\u00f3n y creatividad. Esta visi\u00f3n duradera basada en la familia no s\u00f3lo forja la fuerza de RAYMOND WEIL, sino que tambi\u00e9n da forma a su car\u00e1cter distintivo. M\u00fasica y arte estimulan la creatividad de la marca e inspiran asociaciones internacionales con artistas ic\u00f3nicos, marcas de m\u00fasica, salas de conciertos, fundaciones de arte y ceremonias de premios.<\/p>\n\n\n\n<p>Con m\u00e1s de 40 a\u00f1os de experiencia, la Maison de relojer\u00eda suiza aporta a la relojer\u00eda habilidades y experiencia adquiridas en Suiza durante siglos. Precisi\u00f3n, materiales de calidad, seriedad, nobleza y alta tecnolog\u00eda son los est\u00e1ndares exigentes de una filosof\u00eda que gana la codiciada etiqueta \u2018Swiss made\u2019.<\/p>\n\n\n\n<p><a href=\"https:\/\/www.facebook.com\/hashtag\/metroredes?__eep__=6&amp;__cft__[0]=AZXKApNuZOA8TYU300ZHP5TULcOL1rzfV7QYBxuijBAb-MuojLEIPjMNlwrheuX2qhTTyPehhhVNxXqg9i_ARV-BNC3GMHtWPVRszd9Z6yqI4iJ7wuOj0ZhnjWF04RJwuKAH_1DkLcjc3ASnsQOCXQ1b7N9ZMife5I8888rp42ysREFZfa9fUgHzKY6MicDZX0A&amp;__tn__=*NK-R\">#metroredes<\/a><a href=\"https:\/\/www.facebook.com\/hashtag\/raymondweilwatches?__eep__=6&amp;__cft__[0]=AZXKApNuZOA8TYU300ZHP5TULcOL1rzfV7QYBxuijBAb-MuojLEIPjMNlwrheuX2qhTTyPehhhVNxXqg9i_ARV-BNC3GMHtWPVRszd9Z6yqI4iJ7wuOj0ZhnjWF04RJwuKAH_1DkLcjc3ASnsQOCXQ1b7N9ZMife5I8888rp42ysREFZfa9fUgHzKY6MicDZX0A&amp;__tn__=*NK-R\">#raymondweilwatches<\/a><a href=\"https:\/\/www.facebook.com\/hashtag\/joyeriasvilleda?__eep__=6&amp;__cft__[0]=AZXKApNuZOA8TYU300ZHP5TULcOL1rzfV7QYBxuijBAb-MuojLEIPjMNlwrheuX2qhTTyPehhhVNxXqg9i_ARV-BNC3GMHtWPVRszd9Z6yqI4iJ7wuOj0ZhnjWF04RJwuKAH_1DkLcjc3ASnsQOCXQ1b7N9ZMife5I8888rp42ysREFZfa9fUgHzKY6MicDZX0A&amp;__tn__=*NK-R\">#JoyeriasVilleda<\/a><\/p>\n\n\n\n<figure class=\"wp-block-gallery has-nested-images columns-default is-cropped wp-block-gallery-1 is-layout-flex wp-block-gallery-is-layout-flex\">\n<figure class=\"wp-block-image size-large\"><img loading=\"lazy\" decoding=\"async\" width=\"1024\" height=\"865\" data-id=\"62015\" src=\"https:\/\/elmetropolitano.com.gt\/es\/wp-content\/uploads\/2023\/03\/330301223_1923591674645887_3817857490822366826_n-1024x865.jpg\" alt=\"\" class=\"wp-image-62015\" srcset=\"https:\/\/elmetropolitano.com.gt\/es\/wp-content\/uploads\/2023\/03\/330301223_1923591674645887_3817857490822366826_n-1024x865.jpg 1024w, https:\/\/elmetropolitano.com.gt\/es\/wp-content\/uploads\/2023\/03\/330301223_1923591674645887_3817857490822366826_n-300x253.jpg 300w, https:\/\/elmetropolitano.com.gt\/es\/wp-content\/uploads\/2023\/03\/330301223_1923591674645887_3817857490822366826_n-768x649.jpg 768w, https:\/\/elmetropolitano.com.gt\/es\/wp-content\/uploads\/2023\/03\/330301223_1923591674645887_3817857490822366826_n-1536x1298.jpg 1536w, https:\/\/elmetropolitano.com.gt\/es\/wp-content\/uploads\/2023\/03\/330301223_1923591674645887_3817857490822366826_n-600x507.jpg 600w, https:\/\/elmetropolitano.com.gt\/es\/wp-content\/uploads\/2023\/03\/330301223_1923591674645887_3817857490822366826_n.jpg 2048w\" sizes=\"auto, (max-width: 1024px) 100vw, 1024px\" \/><\/figure>\n\n\n\n<figure class=\"wp-block-image size-large\"><img loading=\"lazy\" decoding=\"async\" width=\"1024\" height=\"576\" data-id=\"62016\" src=\"https:\/\/elmetropolitano.com.gt\/es\/wp-content\/uploads\/2023\/03\/331396529_751286859890354_5365646904919020352_n-1024x576.jpg\" alt=\"\" class=\"wp-image-62016\" srcset=\"https:\/\/elmetropolitano.com.gt\/es\/wp-content\/uploads\/2023\/03\/331396529_751286859890354_5365646904919020352_n-1024x576.jpg 1024w, https:\/\/elmetropolitano.com.gt\/es\/wp-content\/uploads\/2023\/03\/331396529_751286859890354_5365646904919020352_n-300x169.jpg 300w, https:\/\/elmetropolitano.com.gt\/es\/wp-content\/uploads\/2023\/03\/331396529_751286859890354_5365646904919020352_n-768x432.jpg 768w, https:\/\/elmetropolitano.com.gt\/es\/wp-content\/uploads\/2023\/03\/331396529_751286859890354_5365646904919020352_n-1536x864.jpg 1536w, https:\/\/elmetropolitano.com.gt\/es\/wp-content\/uploads\/2023\/03\/331396529_751286859890354_5365646904919020352_n-600x338.jpg 600w, https:\/\/elmetropolitano.com.gt\/es\/wp-content\/uploads\/2023\/03\/331396529_751286859890354_5365646904919020352_n.jpg 2048w\" sizes=\"auto, (max-width: 1024px) 100vw, 1024px\" \/><\/figure>\n<\/figure>\n","protected":false},"excerpt":{"rendered":"<p>Raymond Weil de la mano con Joyer\u00edas Villeda -deciden relanzar al mercado la marca de relojes en Guatemala. Rindiendo homenaje al talento musical guatemalteco con la emabajadora Stephanie Zelaya utilizando la nueva colecci\u00f3n Toccata. Inspirados en el movimiento Art-Deco. La compa\u00f1\u00eda suiza y familiarr de relojes de lujo Raymond Weil relanza su marca en Guatemala, <a class=\"read-more\" href=\"https:\/\/elmetropolitano.com.gt\/es\/raymond-weil-reafirma-su-presencia-en-guatemala\/\">Leer m\u00e1s<\/a><\/p>\n","protected":false},"author":1,"featured_media":62014,"comment_status":"open","ping_status":"closed","sticky":false,"template":"","format":"standard","meta":{"footnotes":""},"categories":[31],"tags":[32],"class_list":["post-62013","post","type-post","status-publish","format-standard","has-post-thumbnail","hentry","category-metroimpulso","tag-metroimpulso"],"_links":{"self":[{"href":"https:\/\/elmetropolitano.com.gt\/es\/wp-json\/wp\/v2\/posts\/62013","targetHints":{"allow":["GET"]}}],"collection":[{"href":"https:\/\/elmetropolitano.com.gt\/es\/wp-json\/wp\/v2\/posts"}],"about":[{"href":"https:\/\/elmetropolitano.com.gt\/es\/wp-json\/wp\/v2\/types\/post"}],"author":[{"embeddable":true,"href":"https:\/\/elmetropolitano.com.gt\/es\/wp-json\/wp\/v2\/users\/1"}],"replies":[{"embeddable":true,"href":"https:\/\/elmetropolitano.com.gt\/es\/wp-json\/wp\/v2\/comments?post=62013"}],"version-history":[{"count":1,"href":"https:\/\/elmetropolitano.com.gt\/es\/wp-json\/wp\/v2\/posts\/62013\/revisions"}],"predecessor-version":[{"id":62017,"href":"https:\/\/elmetropolitano.com.gt\/es\/wp-json\/wp\/v2\/posts\/62013\/revisions\/62017"}],"wp:featuredmedia":[{"embeddable":true,"href":"https:\/\/elmetropolitano.com.gt\/es\/wp-json\/wp\/v2\/media\/62014"}],"wp:attachment":[{"href":"https:\/\/elmetropolitano.com.gt\/es\/wp-json\/wp\/v2\/media?parent=62013"}],"wp:term":[{"taxonomy":"category","embeddable":true,"href":"https:\/\/elmetropolitano.com.gt\/es\/wp-json\/wp\/v2\/categories?post=62013"},{"taxonomy":"post_tag","embeddable":true,"href":"https:\/\/elmetropolitano.com.gt\/es\/wp-json\/wp\/v2\/tags?post=62013"}],"curies":[{"name":"wp","href":"https:\/\/api.w.org\/{rel}","templated":true}]}}