{"id":62149,"date":"2023-03-07T10:29:19","date_gmt":"2023-03-07T16:29:19","guid":{"rendered":"https:\/\/elmetropolitano.com.gt\/es\/?p=62149"},"modified":"2023-03-07T10:29:20","modified_gmt":"2023-03-07T16:29:20","slug":"asi-lo-dijo-3","status":"publish","type":"post","link":"https:\/\/elmetropolitano.com.gt\/es\/asi-lo-dijo-3\/","title":{"rendered":"As\u00ed lo dijo"},"content":{"rendered":"\n<p><a href=\"https:\/\/www.facebook.com\/hashtag\/asilodijo?__eep__=6&amp;__cft__[0]=AZUl8sDAn6aEUWzITL6FiJDfnu1q7VmWpangdcRopLt70kY_9xwQweAsjWoozbe43Q89-YiEVcSx55ftXyTNdxM69A-HKCRsgSXC8zspYdJYj2A2AH1JLVTzb7qbHY1HC0gfkh3RRdS5oPP-cCsWo3sGvMITthmmWCQkKyMU6BdyjLmkZ45JJZLntEdVmgMRUbw&amp;__tn__=*NK-R\">#AsiLoDijo<\/a><\/p>\n\n\n\n<p>\u201cRepudiamos la actitud racista y antidemocr\u00e1tica de autoridades electorales y judiciales de Guatemala que impiden injusta e inconstitucionalmente la candidatura presidencial de la hermana Thelma Cabrera y su acompa\u00f1ante de f\u00f3rmula Jord\u00e1n Rodas. Respeten los derechos del pueblo\u201d.<\/p><div class=\"elmet-contenido\" id=\"elmet-3176639808\"><div class=\"elmet-adlabel\">Anuncios<\/div><div style=\"margin-top: 20px;margin-right: 20px;margin-bottom: 20px;margin-left: 20px;\" id=\"elmet-180680898\"><a href=\"https:\/\/www.facebook.com\/arrincuanantigua\/\" aria-label=\"cintillo-arrin-cual\"><img loading=\"lazy\" decoding=\"async\" src=\"https:\/\/elmetropolitano.com.gt\/es\/wp-content\/uploads\/2021\/11\/cintillo-arrin-cual-1.jpg\" alt=\"\"  srcset=\"https:\/\/elmetropolitano.com.gt\/es\/wp-content\/uploads\/2021\/11\/cintillo-arrin-cual-1.jpg 750w, https:\/\/elmetropolitano.com.gt\/es\/wp-content\/uploads\/2021\/11\/cintillo-arrin-cual-1-300x36.jpg 300w, https:\/\/elmetropolitano.com.gt\/es\/wp-content\/uploads\/2021\/11\/cintillo-arrin-cual-1-600x72.jpg 600w\" sizes=\"(max-width: 750px) 100vw, 750px\" width=\"750\" height=\"90\"   \/><\/a><\/div><\/div>\n\n\n\n<p>Evo Morales Ayma, ex presidente de Bolivia<\/p>\n\n\n\n<p><a href=\"https:\/\/www.facebook.com\/hashtag\/yovoto?__eep__=6&amp;__cft__[0]=AZUl8sDAn6aEUWzITL6FiJDfnu1q7VmWpangdcRopLt70kY_9xwQweAsjWoozbe43Q89-YiEVcSx55ftXyTNdxM69A-HKCRsgSXC8zspYdJYj2A2AH1JLVTzb7qbHY1HC0gfkh3RRdS5oPP-cCsWo3sGvMITthmmWCQkKyMU6BdyjLmkZ45JJZLntEdVmgMRUbw&amp;__tn__=*NK-R\">#YoVoto<\/a><a href=\"https:\/\/www.facebook.com\/hashtag\/eleccionesgt2023?__eep__=6&amp;__cft__[0]=AZUl8sDAn6aEUWzITL6FiJDfnu1q7VmWpangdcRopLt70kY_9xwQweAsjWoozbe43Q89-YiEVcSx55ftXyTNdxM69A-HKCRsgSXC8zspYdJYj2A2AH1JLVTzb7qbHY1HC0gfkh3RRdS5oPP-cCsWo3sGvMITthmmWCQkKyMU6BdyjLmkZ45JJZLntEdVmgMRUbw&amp;__tn__=*NK-R\">#EleccionesGT2023<\/a><a href=\"https:\/\/www.facebook.com\/hashtag\/metroredes?__eep__=6&amp;__cft__[0]=AZUl8sDAn6aEUWzITL6FiJDfnu1q7VmWpangdcRopLt70kY_9xwQweAsjWoozbe43Q89-YiEVcSx55ftXyTNdxM69A-HKCRsgSXC8zspYdJYj2A2AH1JLVTzb7qbHY1HC0gfkh3RRdS5oPP-cCsWo3sGvMITthmmWCQkKyMU6BdyjLmkZ45JJZLntEdVmgMRUbw&amp;__tn__=*NK-R\">#metroredes<\/a><\/p>\n\n\n\n<p><\/p>\n","protected":false},"excerpt":{"rendered":"<p>#AsiLoDijo \u201cRepudiamos la actitud racista y antidemocr\u00e1tica de autoridades electorales y judiciales de Guatemala que impiden injusta e inconstitucionalmente la candidatura presidencial de la hermana Thelma Cabrera y su acompa\u00f1ante de f\u00f3rmula Jord\u00e1n Rodas. Respeten los derechos del pueblo\u201d. Evo Morales Ayma, ex presidente de Bolivia #YoVoto#EleccionesGT2023#metroredes<\/p>\n","protected":false},"author":1,"featured_media":62150,"comment_status":"open","ping_status":"closed","sticky":false,"template":"","format":"standard","meta":{"footnotes":""},"categories":[117],"tags":[118],"class_list":["post-62149","post","type-post","status-publish","format-standard","has-post-thumbnail","hentry","category-asi-lo-dijo","tag-asi-lo-dijo"],"_links":{"self":[{"href":"https:\/\/elmetropolitano.com.gt\/es\/wp-json\/wp\/v2\/posts\/62149","targetHints":{"allow":["GET"]}}],"collection":[{"href":"https:\/\/elmetropolitano.com.gt\/es\/wp-json\/wp\/v2\/posts"}],"about":[{"href":"https:\/\/elmetropolitano.com.gt\/es\/wp-json\/wp\/v2\/types\/post"}],"author":[{"embeddable":true,"href":"https:\/\/elmetropolitano.com.gt\/es\/wp-json\/wp\/v2\/users\/1"}],"replies":[{"embeddable":true,"href":"https:\/\/elmetropolitano.com.gt\/es\/wp-json\/wp\/v2\/comments?post=62149"}],"version-history":[{"count":1,"href":"https:\/\/elmetropolitano.com.gt\/es\/wp-json\/wp\/v2\/posts\/62149\/revisions"}],"predecessor-version":[{"id":62151,"href":"https:\/\/elmetropolitano.com.gt\/es\/wp-json\/wp\/v2\/posts\/62149\/revisions\/62151"}],"wp:featuredmedia":[{"embeddable":true,"href":"https:\/\/elmetropolitano.com.gt\/es\/wp-json\/wp\/v2\/media\/62150"}],"wp:attachment":[{"href":"https:\/\/elmetropolitano.com.gt\/es\/wp-json\/wp\/v2\/media?parent=62149"}],"wp:term":[{"taxonomy":"category","embeddable":true,"href":"https:\/\/elmetropolitano.com.gt\/es\/wp-json\/wp\/v2\/categories?post=62149"},{"taxonomy":"post_tag","embeddable":true,"href":"https:\/\/elmetropolitano.com.gt\/es\/wp-json\/wp\/v2\/tags?post=62149"}],"curies":[{"name":"wp","href":"https:\/\/api.w.org\/{rel}","templated":true}]}}