{"id":62157,"date":"2023-03-07T10:49:25","date_gmt":"2023-03-07T16:49:25","guid":{"rendered":"https:\/\/elmetropolitano.com.gt\/es\/?p=62157"},"modified":"2023-03-07T10:49:26","modified_gmt":"2023-03-07T16:49:26","slug":"mas-de-3-mil-900-millones-de-quetzales-de-inversion-para-alta-verapaz","status":"publish","type":"post","link":"https:\/\/elmetropolitano.com.gt\/es\/mas-de-3-mil-900-millones-de-quetzales-de-inversion-para-alta-verapaz\/","title":{"rendered":"M\u00e1s de 3 mil 900 millones de quetzales de inversi\u00f3n para Alta Verapaz"},"content":{"rendered":"\n<p>Con el objetivo de constatar los avances de los proyectos de desarrollo que se realizan en Alta Verapaz, el Presidente de la Rep\u00fablica y los ministros de Estado participan en la primera gira de 2023.<\/p>\n\n\n\n<p>Buenos d\u00edas tengan todos ustedes y muchas gracias por estar en la primera gira presidencial en Alta Verapaz, refiri\u00f3 el Presidente en su visita.<\/p><div class=\"elmet-contenido\" id=\"elmet-109288642\"><div class=\"elmet-adlabel\">Anuncios<\/div><div style=\"margin-top: 20px;margin-right: 20px;margin-bottom: 20px;margin-left: 20px;\" id=\"elmet-4185669883\"><a href=\"https:\/\/www.facebook.com\/arrincuanantigua\/\" aria-label=\"cintillo-arrin-cual\"><img loading=\"lazy\" decoding=\"async\" src=\"https:\/\/elmetropolitano.com.gt\/es\/wp-content\/uploads\/2021\/11\/cintillo-arrin-cual-1.jpg\" alt=\"\"  srcset=\"https:\/\/elmetropolitano.com.gt\/es\/wp-content\/uploads\/2021\/11\/cintillo-arrin-cual-1.jpg 750w, https:\/\/elmetropolitano.com.gt\/es\/wp-content\/uploads\/2021\/11\/cintillo-arrin-cual-1-300x36.jpg 300w, https:\/\/elmetropolitano.com.gt\/es\/wp-content\/uploads\/2021\/11\/cintillo-arrin-cual-1-600x72.jpg 600w\" sizes=\"(max-width: 750px) 100vw, 750px\" width=\"750\" height=\"90\"   \/><\/a><\/div><\/div>\n\n\n\n<p>En <a><\/a>ese aspecto, enfatiz\u00f3 que lo que se busca con este tipo de acciones es que se puedan convertir en una pol\u00edtica de Estado. Esto con el fin de fortalecer a\u00fan m\u00e1s a las municipalidades y llevar desarrollo.<\/p>\n\n\n\n<p>El reforzamiento de las municipalidades, la descentralizaci\u00f3n administrativa y que los fondos sigan llegando a las municipalidades como lo ha hecho este gobierno, puntualiz\u00f3 el Presidente.<\/p>\n\n\n\n<p>La inversi\u00f3n<\/p>\n\n\n\n<p>En la reuni\u00f3n, las autoridades del Ministerio de Educaci\u00f3n explicaron que la cartera destin\u00f3 mil 659.42 millones de quetzales para 2023. Parte de esa cifra se utilizar\u00e1 en los siguientes programas:<\/p>\n\n\n\n<p>314.93 millones de quetzales para Alimentaci\u00f3n Escolar<\/p>\n\n\n\n<p>34.28 millones para Seguro M\u00e9dico Escolar<\/p>\n\n\n\n<p>3.81 millones para Valija Did\u00e1ctica<\/p>\n\n\n\n<p>14.51 millones para \u00datiles Escolares<\/p>\n\n\n\n<p>15.44 millones para Gratuidad de la Educaci\u00f3n<\/p>\n\n\n\n<p>5.16 millones para remozamiento de centros<\/p>\n\n\n\n<p>Aparte, el Ministerio de Desarrollo Social indic\u00f3 a los alcaldes que para ese departamento se destinaron 72.75 millones de quetzales. Con este monto se ejecutar\u00e1n los siguientes proyectos:<\/p>\n\n\n\n<p>bolsa de alimentos, con mil 14.1 millones de quetzales de inversi\u00f3n<\/p>\n\n\n\n<p>Comedores Sociales, con 5.6 millones de quetzales<\/p>\n\n\n\n<p>Bono Social, con 52 mil 129 quetzales<\/p>\n\n\n\n<p>J\u00f3venes Protagonistas, con un mill\u00f3n 28 mil quetzales<\/p>\n\n\n\n<p>iniciativas de becas, con 1.5 millones de quetzales<\/p>\n\n\n\n<p>Previsi\u00f3n social<\/p>\n\n\n\n<p>El Ministerio de Trabajo y Previsi\u00f3n Social (Mintrab) dio a conocer que en dicho departamento se invertir\u00e1n 48.8 millones de quetzales para fortalecer el Programa de Aporte Econ\u00f3mico del Adulto Mayor. Como resultado, se prev\u00e9 registrar 3 mil 666 nuevos beneficiarios.<\/p>\n\n\n\n<p>Adem\u00e1s, el Ministerio de Agricultura, Ganader\u00eda y Alimentaci\u00f3n (MAGA) afirm\u00f3 que el departamento tiene un presupuesto de 67.34 millones de quetzales. Esto beneficiar\u00e1 a 86 mil 123 personas.<\/p>\n\n\n\n<p>La cifra servir\u00e1 para ejecutar proyectos como la entrega de asistencia alimentaria y estipendios, Seguro Agr\u00edcola y acciones de capacitaci\u00f3n. Adem\u00e1s, entrega de art\u00edculos para la agricultura y la instalaci\u00f3n de huertos.<\/p>\n\n\n\n<p>A trav\u00e9s del Ministerio de Comunicaciones, Infraestructura y Vivienda, se dio a conocer que la inversi\u00f3n de la cartera para este a\u00f1o asciende a mil 517.81 millones de quetzales, lo cual beneficiar\u00e1 a un mill\u00f3n 231 mil usuarios y mil 189 familias.<\/p>\n\n\n\n<p>Se trata de la continuidad de proyectos de obra espec\u00edfica civil, bacheo, limpieza del derecho de v\u00eda, proyectos de carreteras, se\u00f1alizaci\u00f3n y supervisi\u00f3n. Tambi\u00e9n mantenimiento de la red, construcci\u00f3n de viviendas e intervenci\u00f3n por decreto.<\/p>\n\n\n\n<p>Entre los proyectos de impacto planificados se encuentran los siguientes:<\/p>\n\n\n\n<p>22.1 millones para mantenimiento de la red vial pavimentada<\/p>\n\n\n\n<p>33.5 millones de mantenimiento terracer\u00edas<\/p>\n\n\n\n<p>25.5 millones por Decreto 21-2022<\/p>\n\n\n\n<p>16.9 millones por Decreto 35-2022<\/p>\n\n\n\n<p>36.5 millones por Decreto 50-2022<\/p>\n\n\n\n<p>Salud en el departamento<\/p>\n\n\n\n<p>Las autoridades del Ministerio de Salud P\u00fablica y Asistencia Social (MSPAS) mencionaron que dicho departamento tiene un monto asignado de 367.36 millones de quetzales.<\/p>\n\n\n\n<p>La inversi\u00f3n por programas priorizados queda de la siguiente manera:<\/p>\n\n\n\n<p>fomento de la salud y medicina preventiva, 85.9 millones de quetzales<\/p>\n\n\n\n<p>recuperaci\u00f3n de la salud, 120.6 millones de quetzales<\/p>\n\n\n\n<p>prevenci\u00f3n de la mortalidad de la ni\u00f1ez y la desnutrici\u00f3n cr\u00f3nica, 52.5 millones de quetzales<\/p>\n\n\n\n<p>prevenci\u00f3n de la mortalidad materna y neonatal, con 44.9 millones de quetzales<\/p>\n\n\n\n<p>atenci\u00f3n por desastres naturales y calamidades p\u00fablicas, 28.7 millones de quetzales.<\/p>\n\n\n\n<p>Autoridades del Ministerio de Ambiente y Recursos Naturales se\u00f1alaron que se asign\u00f3 un presupuesto de 233.2 millones de quetzales.<\/p>\n\n\n\n<p>Ello permitir\u00e1 desarrollar actividades de reforestaci\u00f3n y manejo integrado de cuencas, eliminaci\u00f3n de vertederos y gesti\u00f3n de residuos y desechos s\u00f3lidos.<\/p>\n\n\n\n<p>Finalmente, el Ministerio de Econom\u00eda detall\u00f3 que la inversi\u00f3n en el departamento asciende a 22 millones 500 mil quetzales.<\/p>\n\n\n\n<p>Las visitas<\/p>\n\n\n\n<p>El 17 de febrero, el Presidente inici\u00f3 la primera gira, que hasta la fecha ha permitido llegar a 12 de los 22 departamentos del pa\u00eds.<\/p>\n\n\n\n<p>Jalapa<\/p>\n\n\n\n<p>El Progreso<\/p>\n\n\n\n<p>Jutiapa<\/p>\n\n\n\n<p>Santa Rosa<\/p>\n\n\n\n<p>Chimaltenango<\/p>\n\n\n\n<p>Chiquimula<\/p>\n\n\n\n<p>Zacapa<\/p>\n\n\n\n<p>Quich\u00e9<\/p>\n\n\n\n<p>Pet\u00e9n<\/p>\n\n\n\n<p>Izabal<\/p>\n\n\n\n<p>San Marcos<\/p>\n\n\n\n<p>Alta Verapaz<\/p>\n\n\n\n<p>Texto Julio Morales<\/p>\n\n\n\n<p>#metroredes<\/p>\n\n\n\n<figure class=\"wp-block-gallery has-nested-images columns-default is-cropped wp-block-gallery-1 is-layout-flex wp-block-gallery-is-layout-flex\">\n<figure class=\"wp-block-image size-large\"><img loading=\"lazy\" decoding=\"async\" width=\"458\" height=\"304\" data-id=\"62159\" src=\"https:\/\/elmetropolitano.com.gt\/es\/wp-content\/uploads\/2023\/03\/330164874_177546438323079_3783042722226265324_n.jpg\" alt=\"\" class=\"wp-image-62159\" srcset=\"https:\/\/elmetropolitano.com.gt\/es\/wp-content\/uploads\/2023\/03\/330164874_177546438323079_3783042722226265324_n.jpg 458w, https:\/\/elmetropolitano.com.gt\/es\/wp-content\/uploads\/2023\/03\/330164874_177546438323079_3783042722226265324_n-300x199.jpg 300w\" sizes=\"auto, (max-width: 458px) 100vw, 458px\" \/><\/figure>\n\n\n\n<figure class=\"wp-block-image size-large\"><img loading=\"lazy\" decoding=\"async\" width=\"1024\" height=\"512\" data-id=\"62162\" src=\"https:\/\/elmetropolitano.com.gt\/es\/wp-content\/uploads\/2023\/03\/331519410_931586087863069_7057157920253860756_n-1024x512.jpg\" alt=\"\" class=\"wp-image-62162\" srcset=\"https:\/\/elmetropolitano.com.gt\/es\/wp-content\/uploads\/2023\/03\/331519410_931586087863069_7057157920253860756_n-1024x512.jpg 1024w, https:\/\/elmetropolitano.com.gt\/es\/wp-content\/uploads\/2023\/03\/331519410_931586087863069_7057157920253860756_n-300x150.jpg 300w, https:\/\/elmetropolitano.com.gt\/es\/wp-content\/uploads\/2023\/03\/331519410_931586087863069_7057157920253860756_n-768x384.jpg 768w, https:\/\/elmetropolitano.com.gt\/es\/wp-content\/uploads\/2023\/03\/331519410_931586087863069_7057157920253860756_n-600x300.jpg 600w, https:\/\/elmetropolitano.com.gt\/es\/wp-content\/uploads\/2023\/03\/331519410_931586087863069_7057157920253860756_n.jpg 1140w\" sizes=\"auto, (max-width: 1024px) 100vw, 1024px\" \/><figcaption class=\"wp-element-caption\">PRESIDENTE ALEJANDRO GIAMMATTEI SOSTUVO REUNION ALCALDES ALTA VERAPAZ PRIMERA GIRA PRESIDENCIAL 2023<\/figcaption><\/figure>\n\n\n\n<figure class=\"wp-block-image size-large\"><img loading=\"lazy\" decoding=\"async\" width=\"458\" height=\"304\" data-id=\"62160\" src=\"https:\/\/elmetropolitano.com.gt\/es\/wp-content\/uploads\/2023\/03\/334949132_1209517629675773_3153156775051373163_n.jpg\" alt=\"\" class=\"wp-image-62160\" srcset=\"https:\/\/elmetropolitano.com.gt\/es\/wp-content\/uploads\/2023\/03\/334949132_1209517629675773_3153156775051373163_n.jpg 458w, https:\/\/elmetropolitano.com.gt\/es\/wp-content\/uploads\/2023\/03\/334949132_1209517629675773_3153156775051373163_n-300x199.jpg 300w\" sizes=\"auto, (max-width: 458px) 100vw, 458px\" \/><\/figure>\n\n\n\n<figure class=\"wp-block-image size-large\"><img loading=\"lazy\" decoding=\"async\" width=\"458\" height=\"304\" data-id=\"62161\" src=\"https:\/\/elmetropolitano.com.gt\/es\/wp-content\/uploads\/2023\/03\/335012737_1246145352967206_5953279859186551656_n.jpg\" alt=\"\" class=\"wp-image-62161\" srcset=\"https:\/\/elmetropolitano.com.gt\/es\/wp-content\/uploads\/2023\/03\/335012737_1246145352967206_5953279859186551656_n.jpg 458w, https:\/\/elmetropolitano.com.gt\/es\/wp-content\/uploads\/2023\/03\/335012737_1246145352967206_5953279859186551656_n-300x199.jpg 300w\" sizes=\"auto, (max-width: 458px) 100vw, 458px\" \/><\/figure>\n<\/figure>\n","protected":false},"excerpt":{"rendered":"<p>Con el objetivo de constatar los avances de los proyectos de desarrollo que se realizan en Alta Verapaz, el Presidente de la Rep\u00fablica y los ministros de Estado participan en la primera gira de 2023. Buenos d\u00edas tengan todos ustedes y muchas gracias por estar en la primera gira presidencial en Alta Verapaz, refiri\u00f3 el <a class=\"read-more\" href=\"https:\/\/elmetropolitano.com.gt\/es\/mas-de-3-mil-900-millones-de-quetzales-de-inversion-para-alta-verapaz\/\">Leer m\u00e1s<\/a><\/p>\n","protected":false},"author":1,"featured_media":62158,"comment_status":"open","ping_status":"closed","sticky":false,"template":"","format":"standard","meta":{"footnotes":""},"categories":[4],"tags":[13],"class_list":["post-62157","post","type-post","status-publish","format-standard","has-post-thumbnail","hentry","category-departamentales","tag-departamentales"],"_links":{"self":[{"href":"https:\/\/elmetropolitano.com.gt\/es\/wp-json\/wp\/v2\/posts\/62157","targetHints":{"allow":["GET"]}}],"collection":[{"href":"https:\/\/elmetropolitano.com.gt\/es\/wp-json\/wp\/v2\/posts"}],"about":[{"href":"https:\/\/elmetropolitano.com.gt\/es\/wp-json\/wp\/v2\/types\/post"}],"author":[{"embeddable":true,"href":"https:\/\/elmetropolitano.com.gt\/es\/wp-json\/wp\/v2\/users\/1"}],"replies":[{"embeddable":true,"href":"https:\/\/elmetropolitano.com.gt\/es\/wp-json\/wp\/v2\/comments?post=62157"}],"version-history":[{"count":1,"href":"https:\/\/elmetropolitano.com.gt\/es\/wp-json\/wp\/v2\/posts\/62157\/revisions"}],"predecessor-version":[{"id":62163,"href":"https:\/\/elmetropolitano.com.gt\/es\/wp-json\/wp\/v2\/posts\/62157\/revisions\/62163"}],"wp:featuredmedia":[{"embeddable":true,"href":"https:\/\/elmetropolitano.com.gt\/es\/wp-json\/wp\/v2\/media\/62158"}],"wp:attachment":[{"href":"https:\/\/elmetropolitano.com.gt\/es\/wp-json\/wp\/v2\/media?parent=62157"}],"wp:term":[{"taxonomy":"category","embeddable":true,"href":"https:\/\/elmetropolitano.com.gt\/es\/wp-json\/wp\/v2\/categories?post=62157"},{"taxonomy":"post_tag","embeddable":true,"href":"https:\/\/elmetropolitano.com.gt\/es\/wp-json\/wp\/v2\/tags?post=62157"}],"curies":[{"name":"wp","href":"https:\/\/api.w.org\/{rel}","templated":true}]}}