{"id":62374,"date":"2023-03-11T00:52:11","date_gmt":"2023-03-11T06:52:11","guid":{"rendered":"https:\/\/elmetropolitano.com.gt\/es\/?p=62374"},"modified":"2023-03-11T00:52:12","modified_gmt":"2023-03-11T06:52:12","slug":"cemex-y-volvo-trucks-realizan-la-presentacion-del-primer-camion-revolvedor-pesado-completamente-electrico","status":"publish","type":"post","link":"https:\/\/elmetropolitano.com.gt\/es\/cemex-y-volvo-trucks-realizan-la-presentacion-del-primer-camion-revolvedor-pesado-completamente-electrico\/","title":{"rendered":"CEMEX y Volvo Trucks realizan la presentaci\u00f3n del primer cami\u00f3n revolvedor pesado completamente el\u00e9ctrico"},"content":{"rendered":"\n<p>El constante trabajo y la b\u00fasqueda de soluciones sostenibles de Volvo Trucks y CEMEX ha logrado el lanzamiento del primer cami\u00f3n revolvedor de servicio pesado completamente el\u00e9ctrico y de cero emisiones del mundo.<\/p>\n\n\n\n<p>CEMEX, compa\u00f1\u00eda global de materiales para la construcci\u00f3n dedicada a edificar un mejor futuro a trav\u00e9s de productos y soluciones sostenibles, colaboran <a><\/a>estrechamente junto con Volvo Trucks en la constante mejora de la productividad y reducir las emisiones de carbono a trav\u00e9s de la implementaci\u00f3n global de soluciones de electromovilidad en equipos de construcci\u00f3n m\u00f3viles y camiones, soluciones de productividad y servicios de tiempo de actividad.<\/p><div class=\"elmet-contenido\" id=\"elmet-169632057\"><div class=\"elmet-adlabel\">Anuncios<\/div><div style=\"margin-top: 20px;margin-right: 20px;margin-bottom: 20px;margin-left: 20px;\" id=\"elmet-28058748\"><a href=\"https:\/\/www.facebook.com\/arrincuanantigua\/\" aria-label=\"cintillo-arrin-cual\"><img loading=\"lazy\" decoding=\"async\" src=\"https:\/\/elmetropolitano.com.gt\/es\/wp-content\/uploads\/2021\/11\/cintillo-arrin-cual-1.jpg\" alt=\"\"  srcset=\"https:\/\/elmetropolitano.com.gt\/es\/wp-content\/uploads\/2021\/11\/cintillo-arrin-cual-1.jpg 750w, https:\/\/elmetropolitano.com.gt\/es\/wp-content\/uploads\/2021\/11\/cintillo-arrin-cual-1-300x36.jpg 300w, https:\/\/elmetropolitano.com.gt\/es\/wp-content\/uploads\/2021\/11\/cintillo-arrin-cual-1-600x72.jpg 600w\" sizes=\"(max-width: 750px) 100vw, 750px\" width=\"750\" height=\"90\"   \/><\/a><\/div><\/div>\n\n\n\n<p>El cami\u00f3n el\u00e9ctrico Volvo FMX podr\u00e1 ser utilizado durante una jornada completa de trabajo con una sola recarga. La principal caracter\u00edstica de los camiones el\u00e9ctricos es que son cero emisiones y tienen un funcionamiento silencioso que brinda un mejor ambiente para las personas que trabajan en los sitios de construcci\u00f3n, al igual que a los residentes de la ciudad. De momento iniciar\u00e1n sus operaciones de ruta en la planta de concreto Berl\u00edn Spandau durante el mes de febrero, esta iniciativa inici\u00f3 debido al incremento del transporte de carga pesada, a medida que puedan contribuir al medioambiente con estos camiones totalmente el\u00e9ctricos.<\/p>\n\n\n\n<p>Volvo y CEMEX trabajan para descubrir, probar y escalar las tecnolog\u00edas necesarias para hacer que el transporte libre de emisiones sea una realidad en la industria de la construcci\u00f3n. Fernando Gonz\u00e1lez Olivieri, director general de CEMEX. dijo:<\/p>\n\n\n\n<p>\u201cCEMEX est\u00e1 comprometido en convertirse en una compa\u00f1\u00eda de cero emisiones netas de CO\u2082 y la innovaci\u00f3n y colaboraci\u00f3n son fundamentales para lograrlo. Nuestra colaboraci\u00f3n con Volvo tiene un tremendo potencial para contribuir a la descarbonizaci\u00f3n de nuestro negocio. La introducci\u00f3n de nuestro primer cami\u00f3n revolvedor pesado completamente el\u00e9ctrico es un s\u00f3lido avance en esa direcci\u00f3n\u201d.<\/p>\n\n\n\n<p>Con este paso, CEMEX espera seguir avanzando y as\u00ed alcanzar sus objetivos trazados y cumplir con su compromiso sostenible alrededor del mundo. Tras anunciar recientemente una meta de acci\u00f3n clim\u00e1tica l\u00edder en la industria de menos de 430 kg de CO\u2082 por tonelada m\u00e9trica de producto cementante, una reducci\u00f3n aproximada del 47% en las emisiones de CO\u2082 para el 2030. Esta nueva meta est\u00e1 alineada con el escenario de 1.5 \u00b0C de la iniciativa Science Based Targets (SBTi). La empresa tambi\u00e9n reafirm\u00f3 y verific\u00f3 su meta de neutralidad de carbono para 2050.<\/p>\n\n\n\n<p><a href=\"https:\/\/www.facebook.com\/hashtag\/volvo?__eep__=6&amp;__cft__[0]=AZUz-0mBjoBffn80TTEIrGeFistVX7QYkJK4UMfySq0LnuQhY5q_ziUto2lqDqfUY8cZd4JLCc1UDX2lFzX3KTDjucrun6dgWB-n8bOJUu5RtIfod8-hZIIO_9uNnwn34qXsA4WrZixo5froKSzfPkahvAL6cd5SDPPe_kJZ_St3swAbGfTbxrAuG_t1GqWC7CU&amp;__tn__=*NK-R\">#volvo<\/a><a href=\"https:\/\/www.facebook.com\/hashtag\/metroredes?__eep__=6&amp;__cft__[0]=AZUz-0mBjoBffn80TTEIrGeFistVX7QYkJK4UMfySq0LnuQhY5q_ziUto2lqDqfUY8cZd4JLCc1UDX2lFzX3KTDjucrun6dgWB-n8bOJUu5RtIfod8-hZIIO_9uNnwn34qXsA4WrZixo5froKSzfPkahvAL6cd5SDPPe_kJZ_St3swAbGfTbxrAuG_t1GqWC7CU&amp;__tn__=*NK-R\">#metroredes<\/a><\/p>\n\n\n\n<figure class=\"wp-block-gallery has-nested-images columns-default is-cropped wp-block-gallery-1 is-layout-flex wp-block-gallery-is-layout-flex\">\n<figure class=\"wp-block-image size-large\"><img loading=\"lazy\" decoding=\"async\" width=\"800\" height=\"500\" data-id=\"62376\" src=\"https:\/\/elmetropolitano.com.gt\/es\/wp-content\/uploads\/2023\/03\/335839805_238857505237866_7408115456071333628_n.jpg\" alt=\"\" class=\"wp-image-62376\" srcset=\"https:\/\/elmetropolitano.com.gt\/es\/wp-content\/uploads\/2023\/03\/335839805_238857505237866_7408115456071333628_n.jpg 800w, https:\/\/elmetropolitano.com.gt\/es\/wp-content\/uploads\/2023\/03\/335839805_238857505237866_7408115456071333628_n-300x188.jpg 300w, https:\/\/elmetropolitano.com.gt\/es\/wp-content\/uploads\/2023\/03\/335839805_238857505237866_7408115456071333628_n-768x480.jpg 768w, https:\/\/elmetropolitano.com.gt\/es\/wp-content\/uploads\/2023\/03\/335839805_238857505237866_7408115456071333628_n-600x375.jpg 600w\" sizes=\"auto, (max-width: 800px) 100vw, 800px\" \/><\/figure>\n<\/figure>\n","protected":false},"excerpt":{"rendered":"<p>El constante trabajo y la b\u00fasqueda de soluciones sostenibles de Volvo Trucks y CEMEX ha logrado el lanzamiento del primer cami\u00f3n revolvedor de servicio pesado completamente el\u00e9ctrico y de cero emisiones del mundo. CEMEX, compa\u00f1\u00eda global de materiales para la construcci\u00f3n dedicada a edificar un mejor futuro a trav\u00e9s de productos y soluciones sostenibles, colaboran <a class=\"read-more\" href=\"https:\/\/elmetropolitano.com.gt\/es\/cemex-y-volvo-trucks-realizan-la-presentacion-del-primer-camion-revolvedor-pesado-completamente-electrico\/\">Leer m\u00e1s<\/a><\/p>\n","protected":false},"author":1,"featured_media":62375,"comment_status":"open","ping_status":"closed","sticky":false,"template":"","format":"standard","meta":{"footnotes":""},"categories":[31],"tags":[32],"class_list":["post-62374","post","type-post","status-publish","format-standard","has-post-thumbnail","hentry","category-metroimpulso","tag-metroimpulso"],"_links":{"self":[{"href":"https:\/\/elmetropolitano.com.gt\/es\/wp-json\/wp\/v2\/posts\/62374","targetHints":{"allow":["GET"]}}],"collection":[{"href":"https:\/\/elmetropolitano.com.gt\/es\/wp-json\/wp\/v2\/posts"}],"about":[{"href":"https:\/\/elmetropolitano.com.gt\/es\/wp-json\/wp\/v2\/types\/post"}],"author":[{"embeddable":true,"href":"https:\/\/elmetropolitano.com.gt\/es\/wp-json\/wp\/v2\/users\/1"}],"replies":[{"embeddable":true,"href":"https:\/\/elmetropolitano.com.gt\/es\/wp-json\/wp\/v2\/comments?post=62374"}],"version-history":[{"count":1,"href":"https:\/\/elmetropolitano.com.gt\/es\/wp-json\/wp\/v2\/posts\/62374\/revisions"}],"predecessor-version":[{"id":62377,"href":"https:\/\/elmetropolitano.com.gt\/es\/wp-json\/wp\/v2\/posts\/62374\/revisions\/62377"}],"wp:featuredmedia":[{"embeddable":true,"href":"https:\/\/elmetropolitano.com.gt\/es\/wp-json\/wp\/v2\/media\/62375"}],"wp:attachment":[{"href":"https:\/\/elmetropolitano.com.gt\/es\/wp-json\/wp\/v2\/media?parent=62374"}],"wp:term":[{"taxonomy":"category","embeddable":true,"href":"https:\/\/elmetropolitano.com.gt\/es\/wp-json\/wp\/v2\/categories?post=62374"},{"taxonomy":"post_tag","embeddable":true,"href":"https:\/\/elmetropolitano.com.gt\/es\/wp-json\/wp\/v2\/tags?post=62374"}],"curies":[{"name":"wp","href":"https:\/\/api.w.org\/{rel}","templated":true}]}}