{"id":62527,"date":"2023-03-13T10:20:55","date_gmt":"2023-03-13T16:20:55","guid":{"rendered":"https:\/\/elmetropolitano.com.gt\/es\/?p=62527"},"modified":"2023-03-13T10:20:56","modified_gmt":"2023-03-13T16:20:56","slug":"javier-castillo-si-va-con-el-pc-como-candidato-a-la-muni-de-villa-nueva","status":"publish","type":"post","link":"https:\/\/elmetropolitano.com.gt\/es\/javier-castillo-si-va-con-el-pc-como-candidato-a-la-muni-de-villa-nueva\/","title":{"rendered":"Javier Castillo si va con el PC como candidato a la muni de Villa Nueva"},"content":{"rendered":"\n<p>El empresario Javier Castillo ya est\u00e1 inscrito como candidato a alcalde del PC en Villa Nueva para las elecciones del domingo 26 de Junio.<\/p>\n\n\n\n<p>El empresario Javier Castillo ya est\u00e1 inscrito como candidato a alcalde de Villa Nueva postulado por el Partido Prosperidad Ciudadana PC<\/p><div class=\"elmet-contenido\" id=\"elmet-2746419557\"><div class=\"elmet-adlabel\">Anuncios<\/div><div style=\"margin-top: 20px;margin-right: 20px;margin-bottom: 20px;margin-left: 20px;\" id=\"elmet-3681757825\"><a href=\"https:\/\/www.facebook.com\/arrincuanantigua\/\" aria-label=\"cintillo-arrin-cual\"><img loading=\"lazy\" decoding=\"async\" src=\"https:\/\/elmetropolitano.com.gt\/es\/wp-content\/uploads\/2021\/11\/cintillo-arrin-cual-1.jpg\" alt=\"\"  srcset=\"https:\/\/elmetropolitano.com.gt\/es\/wp-content\/uploads\/2021\/11\/cintillo-arrin-cual-1.jpg 750w, https:\/\/elmetropolitano.com.gt\/es\/wp-content\/uploads\/2021\/11\/cintillo-arrin-cual-1-300x36.jpg 300w, https:\/\/elmetropolitano.com.gt\/es\/wp-content\/uploads\/2021\/11\/cintillo-arrin-cual-1-600x72.jpg 600w\" sizes=\"(max-width: 750px) 100vw, 750px\" width=\"750\" height=\"90\"   \/><\/a><\/div><\/div>\n\n\n\n<p>Este <a><\/a>domingo Castillo realiz\u00f3 jornadas de afiliaci\u00f3n en las colonias Ali\u00f3to y San Jose Villa Nueva y explic\u00f3 en sus redes sociales por que participa en la pol\u00edtica<\/p>\n\n\n\n<p>\u201cMis padres me inculcaron servir, trabajar y mejorar todo lo que me rodea, por m\u00e1s de 20 a\u00f1os he generado empleo y desarrollo para empresas y ahora busco generar soluciones, empleo y desarrollo para Villa Nueva\u201d indic\u00f3 en un mensaje en sus redes sociales<\/p>\n\n\n\n<p>Agreg\u00f3 abue \u201cel reto es grande, pero tenemos la capacidad, el coraz\u00f3n, un buen equipo y la bendici\u00f3n de Dios\u201d<\/p>\n\n\n\n<p><a href=\"https:\/\/www.facebook.com\/hashtag\/elecccionesgt2023?__eep__=6&amp;__cft__[0]=AZWjhUTqf0l95CM2xXWNA5I9SMgXHZlvuaWwEVG1gw7PZ20Ph9lSZ3aAT4z1jg5xInCZ36iWqREdrdJ1NFlsQVhGXvU4FlfU07mvwD60xUBJVPcckOp-E5nLnlflmtoixkwpeP16uBKXgoI_5e0oDK2qy4GosjMLAVKsVGVci24yan0BRIZWrrnBwQMzKUEa7Ps&amp;__tn__=*NK-R\">#elecccionesgt2023<\/a><a href=\"https:\/\/www.facebook.com\/hashtag\/afiliate?__eep__=6&amp;__cft__[0]=AZWjhUTqf0l95CM2xXWNA5I9SMgXHZlvuaWwEVG1gw7PZ20Ph9lSZ3aAT4z1jg5xInCZ36iWqREdrdJ1NFlsQVhGXvU4FlfU07mvwD60xUBJVPcckOp-E5nLnlflmtoixkwpeP16uBKXgoI_5e0oDK2qy4GosjMLAVKsVGVci24yan0BRIZWrrnBwQMzKUEa7Ps&amp;__tn__=*NK-R\">#Afiliate<\/a><a href=\"https:\/\/www.facebook.com\/hashtag\/yovoto?__eep__=6&amp;__cft__[0]=AZWjhUTqf0l95CM2xXWNA5I9SMgXHZlvuaWwEVG1gw7PZ20Ph9lSZ3aAT4z1jg5xInCZ36iWqREdrdJ1NFlsQVhGXvU4FlfU07mvwD60xUBJVPcckOp-E5nLnlflmtoixkwpeP16uBKXgoI_5e0oDK2qy4GosjMLAVKsVGVci24yan0BRIZWrrnBwQMzKUEa7Ps&amp;__tn__=*NK-R\">#YoVoto<\/a><a href=\"https:\/\/www.facebook.com\/hashtag\/partidoprosperidadciudadana?__eep__=6&amp;__cft__[0]=AZWjhUTqf0l95CM2xXWNA5I9SMgXHZlvuaWwEVG1gw7PZ20Ph9lSZ3aAT4z1jg5xInCZ36iWqREdrdJ1NFlsQVhGXvU4FlfU07mvwD60xUBJVPcckOp-E5nLnlflmtoixkwpeP16uBKXgoI_5e0oDK2qy4GosjMLAVKsVGVci24yan0BRIZWrrnBwQMzKUEa7Ps&amp;__tn__=*NK-R\">#PartidoProsperidadCiudadana<\/a><\/p>\n\n\n\n<figure class=\"wp-block-gallery has-nested-images columns-default is-cropped wp-block-gallery-1 is-layout-flex wp-block-gallery-is-layout-flex\">\n<figure class=\"wp-block-image size-large\"><img loading=\"lazy\" decoding=\"async\" width=\"768\" height=\"1024\" data-id=\"62531\" src=\"https:\/\/elmetropolitano.com.gt\/es\/wp-content\/uploads\/2023\/03\/333734716_3362262160755220_7878450146295271774_n-768x1024.jpg\" alt=\"\" class=\"wp-image-62531\" srcset=\"https:\/\/elmetropolitano.com.gt\/es\/wp-content\/uploads\/2023\/03\/333734716_3362262160755220_7878450146295271774_n-768x1024.jpg 768w, https:\/\/elmetropolitano.com.gt\/es\/wp-content\/uploads\/2023\/03\/333734716_3362262160755220_7878450146295271774_n-225x300.jpg 225w, https:\/\/elmetropolitano.com.gt\/es\/wp-content\/uploads\/2023\/03\/333734716_3362262160755220_7878450146295271774_n-1152x1536.jpg 1152w, https:\/\/elmetropolitano.com.gt\/es\/wp-content\/uploads\/2023\/03\/333734716_3362262160755220_7878450146295271774_n-600x800.jpg 600w, https:\/\/elmetropolitano.com.gt\/es\/wp-content\/uploads\/2023\/03\/333734716_3362262160755220_7878450146295271774_n.jpg 1200w\" sizes=\"auto, (max-width: 768px) 100vw, 768px\" \/><\/figure>\n\n\n\n<figure class=\"wp-block-image size-large\"><img loading=\"lazy\" decoding=\"async\" width=\"768\" height=\"1024\" data-id=\"62529\" src=\"https:\/\/elmetropolitano.com.gt\/es\/wp-content\/uploads\/2023\/03\/334131130_1384510975723902_5179765731966615713_n-768x1024.jpg\" alt=\"\" class=\"wp-image-62529\" srcset=\"https:\/\/elmetropolitano.com.gt\/es\/wp-content\/uploads\/2023\/03\/334131130_1384510975723902_5179765731966615713_n-768x1024.jpg 768w, https:\/\/elmetropolitano.com.gt\/es\/wp-content\/uploads\/2023\/03\/334131130_1384510975723902_5179765731966615713_n-225x300.jpg 225w, https:\/\/elmetropolitano.com.gt\/es\/wp-content\/uploads\/2023\/03\/334131130_1384510975723902_5179765731966615713_n-1152x1536.jpg 1152w, https:\/\/elmetropolitano.com.gt\/es\/wp-content\/uploads\/2023\/03\/334131130_1384510975723902_5179765731966615713_n-600x800.jpg 600w, https:\/\/elmetropolitano.com.gt\/es\/wp-content\/uploads\/2023\/03\/334131130_1384510975723902_5179765731966615713_n.jpg 1200w\" sizes=\"auto, (max-width: 768px) 100vw, 768px\" \/><\/figure>\n\n\n\n<figure class=\"wp-block-image size-large\"><img loading=\"lazy\" decoding=\"async\" width=\"394\" height=\"600\" data-id=\"62530\" src=\"https:\/\/elmetropolitano.com.gt\/es\/wp-content\/uploads\/2023\/03\/335599087_768324911381781_4924042066360907732_n.jpg\" alt=\"\" class=\"wp-image-62530\" srcset=\"https:\/\/elmetropolitano.com.gt\/es\/wp-content\/uploads\/2023\/03\/335599087_768324911381781_4924042066360907732_n.jpg 394w, https:\/\/elmetropolitano.com.gt\/es\/wp-content\/uploads\/2023\/03\/335599087_768324911381781_4924042066360907732_n-197x300.jpg 197w, https:\/\/elmetropolitano.com.gt\/es\/wp-content\/uploads\/2023\/03\/335599087_768324911381781_4924042066360907732_n-85x130.jpg 85w\" sizes=\"auto, (max-width: 394px) 100vw, 394px\" \/><\/figure>\n\n\n\n<figure class=\"wp-block-image size-large\"><img loading=\"lazy\" decoding=\"async\" width=\"768\" height=\"1024\" data-id=\"62532\" src=\"https:\/\/elmetropolitano.com.gt\/es\/wp-content\/uploads\/2023\/03\/336356156_744980314007173_3120942566160265276_n-768x1024.jpg\" alt=\"\" class=\"wp-image-62532\" srcset=\"https:\/\/elmetropolitano.com.gt\/es\/wp-content\/uploads\/2023\/03\/336356156_744980314007173_3120942566160265276_n-768x1024.jpg 768w, https:\/\/elmetropolitano.com.gt\/es\/wp-content\/uploads\/2023\/03\/336356156_744980314007173_3120942566160265276_n-225x300.jpg 225w, https:\/\/elmetropolitano.com.gt\/es\/wp-content\/uploads\/2023\/03\/336356156_744980314007173_3120942566160265276_n-1152x1536.jpg 1152w, https:\/\/elmetropolitano.com.gt\/es\/wp-content\/uploads\/2023\/03\/336356156_744980314007173_3120942566160265276_n-600x800.jpg 600w, https:\/\/elmetropolitano.com.gt\/es\/wp-content\/uploads\/2023\/03\/336356156_744980314007173_3120942566160265276_n.jpg 1200w\" sizes=\"auto, (max-width: 768px) 100vw, 768px\" \/><\/figure>\n<\/figure>\n","protected":false},"excerpt":{"rendered":"<p>El empresario Javier Castillo ya est\u00e1 inscrito como candidato a alcalde del PC en Villa Nueva para las elecciones del domingo 26 de Junio. El empresario Javier Castillo ya est\u00e1 inscrito como candidato a alcalde de Villa Nueva postulado por el Partido Prosperidad Ciudadana PC Este domingo Castillo realiz\u00f3 jornadas de afiliaci\u00f3n en las colonias <a class=\"read-more\" href=\"https:\/\/elmetropolitano.com.gt\/es\/javier-castillo-si-va-con-el-pc-como-candidato-a-la-muni-de-villa-nueva\/\">Leer m\u00e1s<\/a><\/p>\n","protected":false},"author":1,"featured_media":62528,"comment_status":"open","ping_status":"closed","sticky":false,"template":"","format":"standard","meta":{"footnotes":""},"categories":[97],"tags":[98],"class_list":["post-62527","post","type-post","status-publish","format-standard","has-post-thumbnail","hentry","category-politica","tag-politica"],"_links":{"self":[{"href":"https:\/\/elmetropolitano.com.gt\/es\/wp-json\/wp\/v2\/posts\/62527","targetHints":{"allow":["GET"]}}],"collection":[{"href":"https:\/\/elmetropolitano.com.gt\/es\/wp-json\/wp\/v2\/posts"}],"about":[{"href":"https:\/\/elmetropolitano.com.gt\/es\/wp-json\/wp\/v2\/types\/post"}],"author":[{"embeddable":true,"href":"https:\/\/elmetropolitano.com.gt\/es\/wp-json\/wp\/v2\/users\/1"}],"replies":[{"embeddable":true,"href":"https:\/\/elmetropolitano.com.gt\/es\/wp-json\/wp\/v2\/comments?post=62527"}],"version-history":[{"count":1,"href":"https:\/\/elmetropolitano.com.gt\/es\/wp-json\/wp\/v2\/posts\/62527\/revisions"}],"predecessor-version":[{"id":62533,"href":"https:\/\/elmetropolitano.com.gt\/es\/wp-json\/wp\/v2\/posts\/62527\/revisions\/62533"}],"wp:featuredmedia":[{"embeddable":true,"href":"https:\/\/elmetropolitano.com.gt\/es\/wp-json\/wp\/v2\/media\/62528"}],"wp:attachment":[{"href":"https:\/\/elmetropolitano.com.gt\/es\/wp-json\/wp\/v2\/media?parent=62527"}],"wp:term":[{"taxonomy":"category","embeddable":true,"href":"https:\/\/elmetropolitano.com.gt\/es\/wp-json\/wp\/v2\/categories?post=62527"},{"taxonomy":"post_tag","embeddable":true,"href":"https:\/\/elmetropolitano.com.gt\/es\/wp-json\/wp\/v2\/tags?post=62527"}],"curies":[{"name":"wp","href":"https:\/\/api.w.org\/{rel}","templated":true}]}}