{"id":62537,"date":"2023-03-13T13:05:32","date_gmt":"2023-03-13T19:05:32","guid":{"rendered":"https:\/\/elmetropolitano.com.gt\/es\/?p=62537"},"modified":"2023-03-13T13:05:34","modified_gmt":"2023-03-13T19:05:34","slug":"mulet-me-hubiera-gustado-ayudar-a-mas-ninos","status":"publish","type":"post","link":"https:\/\/elmetropolitano.com.gt\/es\/mulet-me-hubiera-gustado-ayudar-a-mas-ninos\/","title":{"rendered":"Mulet: \u00abMe hubiera gustado ayudar a m\u00e1s ni\u00f1os"},"content":{"rendered":"\n<p>A los se\u00f1alamientos que Edmun Mulet roba menores, el candidato a la presidencia a la vez de desmentir ese hecho, dijo que todo lo hizo legal y que \u00ablamento no haber ayudado a m\u00e1s ni\u00f1os\u00bb.<\/p>\n\n\n\n<p>Por <a><\/a>su parte, el secretario general de Cabal y candidato a diputado por el Departamento de Guatemala, Manuel Archila, quien acompa\u00f1\u00f3 a Mi\u00f1ulet expuso por segunda semana consecutiva estar a favor de los periodistas. Mulet asegur\u00f3 que tiene un profundo respeto a la prensa.<\/p><div class=\"elmet-contenido\" id=\"elmet-2634503192\"><div class=\"elmet-adlabel\">Anuncios<\/div><div style=\"margin-top: 20px;margin-right: 20px;margin-bottom: 20px;margin-left: 20px;\" id=\"elmet-4171521671\"><a href=\"https:\/\/www.facebook.com\/arrincuanantigua\/\" aria-label=\"cintillo-arrin-cual\"><img loading=\"lazy\" decoding=\"async\" src=\"https:\/\/elmetropolitano.com.gt\/es\/wp-content\/uploads\/2021\/11\/cintillo-arrin-cual-1.jpg\" alt=\"\"  srcset=\"https:\/\/elmetropolitano.com.gt\/es\/wp-content\/uploads\/2021\/11\/cintillo-arrin-cual-1.jpg 750w, https:\/\/elmetropolitano.com.gt\/es\/wp-content\/uploads\/2021\/11\/cintillo-arrin-cual-1-300x36.jpg 300w, https:\/\/elmetropolitano.com.gt\/es\/wp-content\/uploads\/2021\/11\/cintillo-arrin-cual-1-600x72.jpg 600w\" sizes=\"(max-width: 750px) 100vw, 750px\" width=\"750\" height=\"90\"   \/><\/a><\/div><\/div>\n\n\n\n<p>Dijo que muchos de los que ahora est\u00e1n en contra de varios periodistas, c\u00f3mo el caso de Jos\u00e9 Rub\u00e9n Zamora, cometen abuso de autoridad y hasta violan la libertad del pensamiento.<\/p>\n\n\n\n<p>Mulet quien ofreci\u00f3 una conferencia de prensa en el restaurante Adobe de la zona 1 capitalina expres\u00f3 su solidaridad con los periodistas porque \u00e9l tambi\u00e9n ha sido perseguido y por eso el se\u00f1analamiento de roba ni\u00f1os.<\/p>\n\n\n\n<p>CABAL pide que<\/p>\n\n\n\n<p>juez sea enjuiciado<\/p>\n\n\n\n<p>El partido CABAL por medio de su representante legal, el secretario general, Manuel Archila interpuso una querella contra el juez D\u00e9cimo de Primera Instancia, Jimi Bremer, por haber iniciado juicio contra varios periodistas.<\/p>\n\n\n\n<p>Para Archila el juez comete los delitos de prevaricato, abuso de autoridad y violaci\u00f3n a la Constituci\u00f3n.<\/p>\n\n\n\n<p>Al no permitir que la prensa en general est\u00e9 amenazada se castiga la libertad y la democracia de una naci\u00f3n puntualizaron<\/p>\n\n\n\n<p>Texto Francisco Javier Hurtarte<\/p>\n\n\n\n<p><a href=\"https:\/\/www.facebook.com\/hashtag\/partidocabal?__eep__=6&amp;__cft__[0]=AZU4fNODnGCbZ5C9ja7XD4DY7OtRpvhIRmPVHqylR5AO5cgHG2cv0ZiTGp1k5NUem3nPIEl5GZ_JEzXttSoaiQH_BbfMj6U_8EPkkIYHI7ixtSVqfciI8dn2LfLlBFWPXy5LpBm56ztLaFRY4CkdP-JRWw4a7-zgv1hb8sqXFg_IncnZWpuAQzb90kChN9aCGj8&amp;__tn__=*NK-R\">#PartidoCabal<\/a><a href=\"https:\/\/www.facebook.com\/hashtag\/metroredes?__eep__=6&amp;__cft__[0]=AZU4fNODnGCbZ5C9ja7XD4DY7OtRpvhIRmPVHqylR5AO5cgHG2cv0ZiTGp1k5NUem3nPIEl5GZ_JEzXttSoaiQH_BbfMj6U_8EPkkIYHI7ixtSVqfciI8dn2LfLlBFWPXy5LpBm56ztLaFRY4CkdP-JRWw4a7-zgv1hb8sqXFg_IncnZWpuAQzb90kChN9aCGj8&amp;__tn__=*NK-R\">#metroredes<\/a><a href=\"https:\/\/www.facebook.com\/hashtag\/yovoto?__eep__=6&amp;__cft__[0]=AZU4fNODnGCbZ5C9ja7XD4DY7OtRpvhIRmPVHqylR5AO5cgHG2cv0ZiTGp1k5NUem3nPIEl5GZ_JEzXttSoaiQH_BbfMj6U_8EPkkIYHI7ixtSVqfciI8dn2LfLlBFWPXy5LpBm56ztLaFRY4CkdP-JRWw4a7-zgv1hb8sqXFg_IncnZWpuAQzb90kChN9aCGj8&amp;__tn__=*NK-R\">#YoVoto<\/a><\/p>\n\n\n\n<figure class=\"wp-block-gallery has-nested-images columns-default is-cropped wp-block-gallery-1 is-layout-flex wp-block-gallery-is-layout-flex\">\n<figure class=\"wp-block-image size-large\"><img loading=\"lazy\" decoding=\"async\" width=\"1024\" height=\"768\" data-id=\"62540\" src=\"https:\/\/elmetropolitano.com.gt\/es\/wp-content\/uploads\/2023\/03\/333927827_528086612818190_7963008820665130080_n-1024x768.jpg\" alt=\"\" class=\"wp-image-62540\" srcset=\"https:\/\/elmetropolitano.com.gt\/es\/wp-content\/uploads\/2023\/03\/333927827_528086612818190_7963008820665130080_n-1024x768.jpg 1024w, https:\/\/elmetropolitano.com.gt\/es\/wp-content\/uploads\/2023\/03\/333927827_528086612818190_7963008820665130080_n-300x225.jpg 300w, https:\/\/elmetropolitano.com.gt\/es\/wp-content\/uploads\/2023\/03\/333927827_528086612818190_7963008820665130080_n-768x576.jpg 768w, https:\/\/elmetropolitano.com.gt\/es\/wp-content\/uploads\/2023\/03\/333927827_528086612818190_7963008820665130080_n-1536x1153.jpg 1536w, https:\/\/elmetropolitano.com.gt\/es\/wp-content\/uploads\/2023\/03\/333927827_528086612818190_7963008820665130080_n-600x450.jpg 600w, https:\/\/elmetropolitano.com.gt\/es\/wp-content\/uploads\/2023\/03\/333927827_528086612818190_7963008820665130080_n.jpg 1599w\" sizes=\"auto, (max-width: 1024px) 100vw, 1024px\" \/><\/figure>\n\n\n\n<figure class=\"wp-block-image size-large\"><img loading=\"lazy\" decoding=\"async\" width=\"1024\" height=\"768\" data-id=\"62539\" src=\"https:\/\/elmetropolitano.com.gt\/es\/wp-content\/uploads\/2023\/03\/335798687_616762593607930_3889357792093723241_n-1024x768.jpg\" alt=\"\" class=\"wp-image-62539\" srcset=\"https:\/\/elmetropolitano.com.gt\/es\/wp-content\/uploads\/2023\/03\/335798687_616762593607930_3889357792093723241_n-1024x768.jpg 1024w, https:\/\/elmetropolitano.com.gt\/es\/wp-content\/uploads\/2023\/03\/335798687_616762593607930_3889357792093723241_n-300x225.jpg 300w, https:\/\/elmetropolitano.com.gt\/es\/wp-content\/uploads\/2023\/03\/335798687_616762593607930_3889357792093723241_n-768x576.jpg 768w, https:\/\/elmetropolitano.com.gt\/es\/wp-content\/uploads\/2023\/03\/335798687_616762593607930_3889357792093723241_n-1536x1153.jpg 1536w, https:\/\/elmetropolitano.com.gt\/es\/wp-content\/uploads\/2023\/03\/335798687_616762593607930_3889357792093723241_n-600x450.jpg 600w, https:\/\/elmetropolitano.com.gt\/es\/wp-content\/uploads\/2023\/03\/335798687_616762593607930_3889357792093723241_n.jpg 1599w\" sizes=\"auto, (max-width: 1024px) 100vw, 1024px\" \/><\/figure>\n\n\n\n<figure class=\"wp-block-image size-large\"><img loading=\"lazy\" decoding=\"async\" width=\"1024\" height=\"768\" data-id=\"62541\" src=\"https:\/\/elmetropolitano.com.gt\/es\/wp-content\/uploads\/2023\/03\/335979010_715675983588950_1384549879798801404_n-1024x768.jpg\" alt=\"\" class=\"wp-image-62541\" srcset=\"https:\/\/elmetropolitano.com.gt\/es\/wp-content\/uploads\/2023\/03\/335979010_715675983588950_1384549879798801404_n-1024x768.jpg 1024w, https:\/\/elmetropolitano.com.gt\/es\/wp-content\/uploads\/2023\/03\/335979010_715675983588950_1384549879798801404_n-300x225.jpg 300w, https:\/\/elmetropolitano.com.gt\/es\/wp-content\/uploads\/2023\/03\/335979010_715675983588950_1384549879798801404_n-768x576.jpg 768w, https:\/\/elmetropolitano.com.gt\/es\/wp-content\/uploads\/2023\/03\/335979010_715675983588950_1384549879798801404_n-1536x1153.jpg 1536w, https:\/\/elmetropolitano.com.gt\/es\/wp-content\/uploads\/2023\/03\/335979010_715675983588950_1384549879798801404_n-600x450.jpg 600w, https:\/\/elmetropolitano.com.gt\/es\/wp-content\/uploads\/2023\/03\/335979010_715675983588950_1384549879798801404_n.jpg 1599w\" sizes=\"auto, (max-width: 1024px) 100vw, 1024px\" \/><\/figure>\n<\/figure>\n","protected":false},"excerpt":{"rendered":"<p>A los se\u00f1alamientos que Edmun Mulet roba menores, el candidato a la presidencia a la vez de desmentir ese hecho, dijo que todo lo hizo legal y que \u00ablamento no haber ayudado a m\u00e1s ni\u00f1os\u00bb. Por su parte, el secretario general de Cabal y candidato a diputado por el Departamento de Guatemala, Manuel Archila, quien <a class=\"read-more\" href=\"https:\/\/elmetropolitano.com.gt\/es\/mulet-me-hubiera-gustado-ayudar-a-mas-ninos\/\">Leer m\u00e1s<\/a><\/p>\n","protected":false},"author":1,"featured_media":62538,"comment_status":"open","ping_status":"closed","sticky":false,"template":"","format":"standard","meta":{"footnotes":""},"categories":[97],"tags":[98],"class_list":["post-62537","post","type-post","status-publish","format-standard","has-post-thumbnail","hentry","category-politica","tag-politica"],"_links":{"self":[{"href":"https:\/\/elmetropolitano.com.gt\/es\/wp-json\/wp\/v2\/posts\/62537","targetHints":{"allow":["GET"]}}],"collection":[{"href":"https:\/\/elmetropolitano.com.gt\/es\/wp-json\/wp\/v2\/posts"}],"about":[{"href":"https:\/\/elmetropolitano.com.gt\/es\/wp-json\/wp\/v2\/types\/post"}],"author":[{"embeddable":true,"href":"https:\/\/elmetropolitano.com.gt\/es\/wp-json\/wp\/v2\/users\/1"}],"replies":[{"embeddable":true,"href":"https:\/\/elmetropolitano.com.gt\/es\/wp-json\/wp\/v2\/comments?post=62537"}],"version-history":[{"count":1,"href":"https:\/\/elmetropolitano.com.gt\/es\/wp-json\/wp\/v2\/posts\/62537\/revisions"}],"predecessor-version":[{"id":62542,"href":"https:\/\/elmetropolitano.com.gt\/es\/wp-json\/wp\/v2\/posts\/62537\/revisions\/62542"}],"wp:featuredmedia":[{"embeddable":true,"href":"https:\/\/elmetropolitano.com.gt\/es\/wp-json\/wp\/v2\/media\/62538"}],"wp:attachment":[{"href":"https:\/\/elmetropolitano.com.gt\/es\/wp-json\/wp\/v2\/media?parent=62537"}],"wp:term":[{"taxonomy":"category","embeddable":true,"href":"https:\/\/elmetropolitano.com.gt\/es\/wp-json\/wp\/v2\/categories?post=62537"},{"taxonomy":"post_tag","embeddable":true,"href":"https:\/\/elmetropolitano.com.gt\/es\/wp-json\/wp\/v2\/tags?post=62537"}],"curies":[{"name":"wp","href":"https:\/\/api.w.org\/{rel}","templated":true}]}}