{"id":62574,"date":"2023-03-14T09:58:45","date_gmt":"2023-03-14T15:58:45","guid":{"rendered":"https:\/\/elmetropolitano.com.gt\/es\/?p=62574"},"modified":"2023-03-14T10:15:52","modified_gmt":"2023-03-14T16:15:52","slug":"villametro-el-condominio-que-villa-nueva-estaba-esperando","status":"publish","type":"post","link":"https:\/\/elmetropolitano.com.gt\/es\/villametro-el-condominio-que-villa-nueva-estaba-esperando\/","title":{"rendered":"<strong>VillaMetro el Condominio que Villa Nueva estaba esperando<\/strong>"},"content":{"rendered":"\n<p>Para brindar a las familias de la localidad,en un solo lugar y a un precio accesible, un espacio atractivo, seguro, tranquilo y con un estilo de vida digno para sus seres queridos, se ha iniciado con la construcci\u00f3n de un complejo en el centro urbano del municipio, denominado Condominio Villa Metro, que est\u00e1 ubicado cerca de \u00e1reas comerciales, Boulevard Reformadores, autopista VAS y la Calle Real.<\/p>\n\n\n\n<p>Este complejo habitacional contar\u00e1 con un total de 296 unidades, que se dividen en 152 casas y 144 apartamentos en 4 torres.<\/p><div class=\"elmet-contenido\" id=\"elmet-182155075\"><div class=\"elmet-adlabel\">Anuncios<\/div><div style=\"margin-top: 20px;margin-right: 20px;margin-bottom: 20px;margin-left: 20px;\" id=\"elmet-1584236296\"><a href=\"https:\/\/www.facebook.com\/arrincuanantigua\/\" aria-label=\"cintillo-arrin-cual\"><img loading=\"lazy\" decoding=\"async\" src=\"https:\/\/elmetropolitano.com.gt\/es\/wp-content\/uploads\/2021\/11\/cintillo-arrin-cual-1.jpg\" alt=\"\"  srcset=\"https:\/\/elmetropolitano.com.gt\/es\/wp-content\/uploads\/2021\/11\/cintillo-arrin-cual-1.jpg 750w, https:\/\/elmetropolitano.com.gt\/es\/wp-content\/uploads\/2021\/11\/cintillo-arrin-cual-1-300x36.jpg 300w, https:\/\/elmetropolitano.com.gt\/es\/wp-content\/uploads\/2021\/11\/cintillo-arrin-cual-1-600x72.jpg 600w\" sizes=\"(max-width: 750px) 100vw, 750px\" width=\"750\" height=\"90\"   \/><\/a><\/div><\/div>\n\n\n\n<p>Las casas estar\u00e1n disponibles en dos modelos:<\/p>\n\n\n\n<ul class=\"wp-block-list\">\n<li>La casa Metr\u00f3polis de 88 m2, con cuatro habitaciones distribuidas en tres niveles<\/li>\n\n\n\n<li>La casa Metro de 78 m2 con dos habitaciones distribuidas en tres niveles.<\/li>\n<\/ul>\n\n\n\n<p>Los apartamentos estar\u00e1n disponibles en tres modelos diferentes:<\/p>\n\n\n\n<ul class=\"wp-block-list\">\n<li>El apartamento Villa Plus de 57.87 m2, con tres dormitorios<\/li>\n\n\n\n<li>El apartamento Villa de 46.42 m2, con dos dormitorios y un tercero opcional<\/li>\n\n\n\n<li>El apartamento Nova de 40.51 m2 con dos dormitorios.<\/li>\n<\/ul>\n\n\n\n<p>Todas las unidades contar\u00e1n con un espacio de estacionamiento y las torres tendr\u00e1n elevadores.<\/p>\n\n\n\n<p>Los residentes tendr\u00e1n acceso a diversas amenidades, como piscina, \u00e1rea para eventos al aire libre, juegos infantiles, cancha deportiva y seguridad.<\/p>\n\n\n\n<p>Desarrollos Palo Blanco es la empresa encargada de construir este complejo habitacional. Empresa guatemalteca que ha demostrado su compromiso con la calidad en sus proyectos anteriores en diferentes sectores del departamento de Guatemala, como Carretera al Salvador, zona 16, zona 2, zona 12, Villa Nueva y Boca del Monte. Durante a\u00f1os, Desarrollos Palo Blanco ha construido sus propios proyectos, y en esta ocasi\u00f3n, busca ofrecer un hogar de calidad para las familias de la localidad.<\/p>\n\n\n\n<p>#metroredes<\/p>\n\n\n\n<figure class=\"wp-block-gallery has-nested-images columns-default is-cropped wp-block-gallery-1 is-layout-flex wp-block-gallery-is-layout-flex\">\n<figure class=\"wp-block-image size-large\"><img loading=\"lazy\" decoding=\"async\" width=\"1024\" height=\"768\" data-id=\"62578\" src=\"https:\/\/elmetropolitano.com.gt\/es\/wp-content\/uploads\/2023\/03\/Villa-Metro-3-1024x768.jpeg\" alt=\"\" class=\"wp-image-62578\" srcset=\"https:\/\/elmetropolitano.com.gt\/es\/wp-content\/uploads\/2023\/03\/Villa-Metro-3-1024x768.jpeg 1024w, https:\/\/elmetropolitano.com.gt\/es\/wp-content\/uploads\/2023\/03\/Villa-Metro-3-300x225.jpeg 300w, https:\/\/elmetropolitano.com.gt\/es\/wp-content\/uploads\/2023\/03\/Villa-Metro-3-768x576.jpeg 768w, https:\/\/elmetropolitano.com.gt\/es\/wp-content\/uploads\/2023\/03\/Villa-Metro-3-1536x1152.jpeg 1536w, https:\/\/elmetropolitano.com.gt\/es\/wp-content\/uploads\/2023\/03\/Villa-Metro-3-600x450.jpeg 600w, https:\/\/elmetropolitano.com.gt\/es\/wp-content\/uploads\/2023\/03\/Villa-Metro-3.jpeg 1600w\" sizes=\"auto, (max-width: 1024px) 100vw, 1024px\" \/><\/figure>\n\n\n\n<figure class=\"wp-block-image size-large\"><img loading=\"lazy\" decoding=\"async\" width=\"1024\" height=\"768\" data-id=\"62577\" src=\"https:\/\/elmetropolitano.com.gt\/es\/wp-content\/uploads\/2023\/03\/Villa-Metro-4-1024x768.jpeg\" alt=\"\" class=\"wp-image-62577\" srcset=\"https:\/\/elmetropolitano.com.gt\/es\/wp-content\/uploads\/2023\/03\/Villa-Metro-4-1024x768.jpeg 1024w, https:\/\/elmetropolitano.com.gt\/es\/wp-content\/uploads\/2023\/03\/Villa-Metro-4-300x225.jpeg 300w, https:\/\/elmetropolitano.com.gt\/es\/wp-content\/uploads\/2023\/03\/Villa-Metro-4-768x576.jpeg 768w, https:\/\/elmetropolitano.com.gt\/es\/wp-content\/uploads\/2023\/03\/Villa-Metro-4-1536x1152.jpeg 1536w, https:\/\/elmetropolitano.com.gt\/es\/wp-content\/uploads\/2023\/03\/Villa-Metro-4-600x450.jpeg 600w, https:\/\/elmetropolitano.com.gt\/es\/wp-content\/uploads\/2023\/03\/Villa-Metro-4.jpeg 1600w\" sizes=\"auto, (max-width: 1024px) 100vw, 1024px\" \/><\/figure>\n\n\n\n<figure class=\"wp-block-image size-large\"><img loading=\"lazy\" decoding=\"async\" width=\"905\" height=\"682\" data-id=\"62576\" src=\"https:\/\/elmetropolitano.com.gt\/es\/wp-content\/uploads\/2023\/03\/Villa-Metro-7.jpg\" alt=\"\" class=\"wp-image-62576\" srcset=\"https:\/\/elmetropolitano.com.gt\/es\/wp-content\/uploads\/2023\/03\/Villa-Metro-7.jpg 905w, https:\/\/elmetropolitano.com.gt\/es\/wp-content\/uploads\/2023\/03\/Villa-Metro-7-300x226.jpg 300w, https:\/\/elmetropolitano.com.gt\/es\/wp-content\/uploads\/2023\/03\/Villa-Metro-7-768x579.jpg 768w, https:\/\/elmetropolitano.com.gt\/es\/wp-content\/uploads\/2023\/03\/Villa-Metro-7-600x452.jpg 600w\" sizes=\"auto, (max-width: 905px) 100vw, 905px\" \/><\/figure>\n<\/figure>\n\n\n\n<p><\/p>\n","protected":false},"excerpt":{"rendered":"<p>Para brindar a las familias de la localidad,en un solo lugar y a un precio accesible, un espacio atractivo, seguro, tranquilo y con un estilo de vida digno para sus seres queridos, se ha iniciado con la construcci\u00f3n de un complejo en el centro urbano del municipio, denominado Condominio Villa Metro, que est\u00e1 ubicado cerca <a class=\"read-more\" href=\"https:\/\/elmetropolitano.com.gt\/es\/villametro-el-condominio-que-villa-nueva-estaba-esperando\/\">Leer m\u00e1s<\/a><\/p>\n","protected":false},"author":1,"featured_media":62575,"comment_status":"open","ping_status":"closed","sticky":false,"template":"","format":"standard","meta":{"footnotes":""},"categories":[31],"tags":[32],"class_list":["post-62574","post","type-post","status-publish","format-standard","has-post-thumbnail","hentry","category-metroimpulso","tag-metroimpulso"],"_links":{"self":[{"href":"https:\/\/elmetropolitano.com.gt\/es\/wp-json\/wp\/v2\/posts\/62574","targetHints":{"allow":["GET"]}}],"collection":[{"href":"https:\/\/elmetropolitano.com.gt\/es\/wp-json\/wp\/v2\/posts"}],"about":[{"href":"https:\/\/elmetropolitano.com.gt\/es\/wp-json\/wp\/v2\/types\/post"}],"author":[{"embeddable":true,"href":"https:\/\/elmetropolitano.com.gt\/es\/wp-json\/wp\/v2\/users\/1"}],"replies":[{"embeddable":true,"href":"https:\/\/elmetropolitano.com.gt\/es\/wp-json\/wp\/v2\/comments?post=62574"}],"version-history":[{"count":2,"href":"https:\/\/elmetropolitano.com.gt\/es\/wp-json\/wp\/v2\/posts\/62574\/revisions"}],"predecessor-version":[{"id":62581,"href":"https:\/\/elmetropolitano.com.gt\/es\/wp-json\/wp\/v2\/posts\/62574\/revisions\/62581"}],"wp:featuredmedia":[{"embeddable":true,"href":"https:\/\/elmetropolitano.com.gt\/es\/wp-json\/wp\/v2\/media\/62575"}],"wp:attachment":[{"href":"https:\/\/elmetropolitano.com.gt\/es\/wp-json\/wp\/v2\/media?parent=62574"}],"wp:term":[{"taxonomy":"category","embeddable":true,"href":"https:\/\/elmetropolitano.com.gt\/es\/wp-json\/wp\/v2\/categories?post=62574"},{"taxonomy":"post_tag","embeddable":true,"href":"https:\/\/elmetropolitano.com.gt\/es\/wp-json\/wp\/v2\/tags?post=62574"}],"curies":[{"name":"wp","href":"https:\/\/api.w.org\/{rel}","templated":true}]}}