{"id":62678,"date":"2023-03-18T10:34:29","date_gmt":"2023-03-18T16:34:29","guid":{"rendered":"https:\/\/elmetropolitano.com.gt\/es\/?p=62678"},"modified":"2023-03-18T10:34:30","modified_gmt":"2023-03-18T16:34:30","slug":"el-verano-es-para-comerselo-en-restaurante-los-cebollines","status":"publish","type":"post","link":"https:\/\/elmetropolitano.com.gt\/es\/el-verano-es-para-comerselo-en-restaurante-los-cebollines\/","title":{"rendered":"El verano es para com\u00e9rselo en restaurante Los Cebollines"},"content":{"rendered":"\n<p>La temporada de verano ha dado inicio en Restaurantes Los Cebollines, y el d\u00eda de hoy presenta su men\u00fa de verano. Los Cebollines invita a degustar los platillos de verano, tan aclamados y esperados por sus clientes, en esta temporada.<\/p>\n\n\n\n<p>\u201cLos <a><\/a>platillos de verano, son especialmente preparados con ingredientes de la estaci\u00f3n, ofreciendo a nuestros clientes y amigos una propuesta de 6 exquisitas opciones y bebidas de temporada\u201d, indic\u00f3 Mar\u00eda Fernanda Guerra, Gerente de Mercadeo de Restaurante Los Cebollines.<\/p><div class=\"elmet-contenido\" id=\"elmet-3316434051\"><div class=\"elmet-adlabel\">Anuncios<\/div><div style=\"margin-top: 20px;margin-right: 20px;margin-bottom: 20px;margin-left: 20px;\" id=\"elmet-2714630879\"><a href=\"https:\/\/www.facebook.com\/arrincuanantigua\/\" aria-label=\"cintillo-arrin-cual\"><img loading=\"lazy\" decoding=\"async\" src=\"https:\/\/elmetropolitano.com.gt\/es\/wp-content\/uploads\/2021\/11\/cintillo-arrin-cual-1.jpg\" alt=\"\"  srcset=\"https:\/\/elmetropolitano.com.gt\/es\/wp-content\/uploads\/2021\/11\/cintillo-arrin-cual-1.jpg 750w, https:\/\/elmetropolitano.com.gt\/es\/wp-content\/uploads\/2021\/11\/cintillo-arrin-cual-1-300x36.jpg 300w, https:\/\/elmetropolitano.com.gt\/es\/wp-content\/uploads\/2021\/11\/cintillo-arrin-cual-1-600x72.jpg 600w\" sizes=\"(max-width: 750px) 100vw, 750px\" width=\"750\" height=\"90\"   \/><\/a><\/div><\/div>\n\n\n\n<p>El men\u00fa de verano est\u00e1 disponible en todos los restaurantes Los Cebollines a partir del 16 de marzo al 30 de abril 2023. El servicio del men\u00fa de verano est\u00e1 disponible en horario de almuerzo y cena.<\/p>\n\n\n\n<p>Los platos del men\u00fa de VERANO MEXICANO son:<\/p>\n\n\n\n<p>\u2022ARROZ TUMBADA: Delicioso guiso Jarocho a base de arroz al Guajillo con frescos frutos del mar (jaiba, pulpos baby, almejas y mejillones) de origen de la Riviera del Golfo de M\u00e9xico, aderezado con salsa mango habanero.<\/p>\n\n\n\n<p>\u2022MOLCAJETE TAMAULIPAS (para compartir): Crocante panceta de cerdo, queso panela asado, acompa\u00f1ado de pico de gallo, cebollines asados, aguacate, r\u00e1banos y nuestro delicioso chile del rancho. Y para echar el taco, acompa\u00f1ado con nuestras calientitas tortillas de ma\u00edz.<\/p>\n\n\n\n<p>\u2022TACOS A LA DIABLA: Deliciosos tacos de ma\u00edz con fresco camar\u00f3n zarandeado al estilo Sinaloa, con tequila, nuestra salsa de tamarindo comal, decorados con r\u00e1banos y cilantro. Acompa\u00f1ados de nuestro chile del rancho, frijoles norte\u00f1os y salsa de aguacate.<\/p>\n\n\n\n<p>\u2022R\u00d3BALO AL AJILLO: Fresco filete de r\u00f3balo con salsa al ajillo, polvo de chiles y suave sabor de tequila reposado, decorado con salsa de con pi\u00f1a tatemada y pico de gallo al estilo Cebollines y nuestra fresca ensalada de pepino, manzana y mango, sobre lechuga con aderezo Santa Fe.<\/p>\n\n\n\n<p>\u2022CEVICHE VERACRUZANO: Frescos camarones sazonados en jugo de c\u00edtricos y especias combinados con tomate, cebolla, cilantro y jugo de tomate. Decorado con lascas de aguacate, acompa\u00f1ado de Nachos Los Cebollines o si lo prefieres p\u00eddelo con galletas.<\/p>\n\n\n\n<p>\u2022SOPA DE MARISCOS (Chilpachole): Nuestra cl\u00e1sica y famosa sopa de mariscos a base de camarones, calamares y filete de pescado, con un toque de ma\u00edz y cilantro. Acompa\u00f1ado de Nachos Los Cebollines.<\/p>\n\n\n\n<p>El men\u00fa de BEBIDAS de verano incluye: La Picosita, Margarita Pi\u00f1a Jalape\u00f1o y Mojito de Mel\u00f3n (sin licor).<\/p>\n\n\n\n<p>El men\u00fa de verano de Los Cebollines sigue siendo anhelado por los comensales, esperando que llegue la temporada c\u00e1lida y con ella la sorpresa de las nuevas opciones que el men\u00fa incluir\u00e1. Este verano se incluye una novedosa y refrescante propuesta:<\/p>\n\n\n\n<p>LA CARRETA DE NIEVES: 4 bolas de los sabores de temporada, a tu elecci\u00f3n helado de vainilla y nieves de mango o lim\u00f3n. Acompa\u00f1ado de 4 conos, gomitas, salsa de tamarindo y salsa de pi\u00f1a-mango.<\/p>\n\n\n\n<p>La variedad de opciones que ofrece Los Cebollines este verano 2023, permitir\u00e1 a los guatemaltecos vivir una temporada llena de sabor mexicano, para disfrutar en familia o con los amigos de platos especialmente preparados para esta deliciosa \u00e9poca del a\u00f1o.<\/p>\n\n\n\n<p>\u201cInvitamos a todos los guatemaltecos a degustar estos nuevos platos de verano, a divertirse con la experiencia de la novedosa \u201ccarreta de nieves\u201d, siempre con la alegr\u00eda y sabor mexicano que se vive y disfruta en Los Cebollines\u201d, concluy\u00f3 Mar\u00eda Fernanda Guerra, Gerente de Mercadeo de Restaurante Los Cebollines.<\/p>\n\n\n\n<p><a href=\"https:\/\/www.facebook.com\/hashtag\/loscebollines?__eep__=6&amp;__cft__[0]=AZWXE9lHvi1GtHPkPCGO_DfqRp_qpAdbBIlhX0wzIy21lDX81h5SicDhebvGs0vfKIX-1Nbl4bR1ZoJMNFlcRiEngbvZFw8PojAixCezX6x38_6CnYIvOJenyE1emqD40nGeQgCR32wNLU_zS-gGRUMRuqZUCqDo5INchFTfouF-_9IfbKPNVqKc0cwVQ82qX1A&amp;__tn__=*NK-R\">#Loscebollines<\/a><a href=\"https:\/\/www.facebook.com\/hashtag\/metroredes?__eep__=6&amp;__cft__[0]=AZWXE9lHvi1GtHPkPCGO_DfqRp_qpAdbBIlhX0wzIy21lDX81h5SicDhebvGs0vfKIX-1Nbl4bR1ZoJMNFlcRiEngbvZFw8PojAixCezX6x38_6CnYIvOJenyE1emqD40nGeQgCR32wNLU_zS-gGRUMRuqZUCqDo5INchFTfouF-_9IfbKPNVqKc0cwVQ82qX1A&amp;__tn__=*NK-R\">#Metroredes<\/a><a href=\"https:\/\/www.facebook.com\/hashtag\/elmetropolitano?__eep__=6&amp;__cft__[0]=AZWXE9lHvi1GtHPkPCGO_DfqRp_qpAdbBIlhX0wzIy21lDX81h5SicDhebvGs0vfKIX-1Nbl4bR1ZoJMNFlcRiEngbvZFw8PojAixCezX6x38_6CnYIvOJenyE1emqD40nGeQgCR32wNLU_zS-gGRUMRuqZUCqDo5INchFTfouF-_9IfbKPNVqKc0cwVQ82qX1A&amp;__tn__=*NK-R\">#Elmetropolitano<\/a><a href=\"https:\/\/www.facebook.com\/hashtag\/metrpimpulso?__eep__=6&amp;__cft__[0]=AZWXE9lHvi1GtHPkPCGO_DfqRp_qpAdbBIlhX0wzIy21lDX81h5SicDhebvGs0vfKIX-1Nbl4bR1ZoJMNFlcRiEngbvZFw8PojAixCezX6x38_6CnYIvOJenyE1emqD40nGeQgCR32wNLU_zS-gGRUMRuqZUCqDo5INchFTfouF-_9IfbKPNVqKc0cwVQ82qX1A&amp;__tn__=*NK-R\">#Metrpimpulso<\/a><\/p>\n\n\n\n<figure class=\"wp-block-gallery has-nested-images columns-default is-cropped wp-block-gallery-1 is-layout-flex wp-block-gallery-is-layout-flex\">\n<figure class=\"wp-block-image size-large\"><img loading=\"lazy\" decoding=\"async\" width=\"1024\" height=\"660\" data-id=\"62683\" src=\"https:\/\/elmetropolitano.com.gt\/es\/wp-content\/uploads\/2023\/03\/336472365_672758224622888_5901670478586951379_n-1024x660.jpg\" alt=\"\" class=\"wp-image-62683\" srcset=\"https:\/\/elmetropolitano.com.gt\/es\/wp-content\/uploads\/2023\/03\/336472365_672758224622888_5901670478586951379_n-1024x660.jpg 1024w, https:\/\/elmetropolitano.com.gt\/es\/wp-content\/uploads\/2023\/03\/336472365_672758224622888_5901670478586951379_n-300x193.jpg 300w, https:\/\/elmetropolitano.com.gt\/es\/wp-content\/uploads\/2023\/03\/336472365_672758224622888_5901670478586951379_n-768x495.jpg 768w, https:\/\/elmetropolitano.com.gt\/es\/wp-content\/uploads\/2023\/03\/336472365_672758224622888_5901670478586951379_n-1536x989.jpg 1536w, https:\/\/elmetropolitano.com.gt\/es\/wp-content\/uploads\/2023\/03\/336472365_672758224622888_5901670478586951379_n-600x386.jpg 600w, https:\/\/elmetropolitano.com.gt\/es\/wp-content\/uploads\/2023\/03\/336472365_672758224622888_5901670478586951379_n.jpg 2048w\" sizes=\"auto, (max-width: 1024px) 100vw, 1024px\" \/><\/figure>\n\n\n\n<figure class=\"wp-block-image size-large\"><img loading=\"lazy\" decoding=\"async\" width=\"960\" height=\"612\" data-id=\"62680\" src=\"https:\/\/elmetropolitano.com.gt\/es\/wp-content\/uploads\/2023\/03\/336720499_699048758683810_4668063321406114802_n.jpg\" alt=\"\" class=\"wp-image-62680\" srcset=\"https:\/\/elmetropolitano.com.gt\/es\/wp-content\/uploads\/2023\/03\/336720499_699048758683810_4668063321406114802_n.jpg 960w, https:\/\/elmetropolitano.com.gt\/es\/wp-content\/uploads\/2023\/03\/336720499_699048758683810_4668063321406114802_n-300x191.jpg 300w, https:\/\/elmetropolitano.com.gt\/es\/wp-content\/uploads\/2023\/03\/336720499_699048758683810_4668063321406114802_n-768x490.jpg 768w, https:\/\/elmetropolitano.com.gt\/es\/wp-content\/uploads\/2023\/03\/336720499_699048758683810_4668063321406114802_n-600x383.jpg 600w\" sizes=\"auto, (max-width: 960px) 100vw, 960px\" \/><\/figure>\n\n\n\n<figure class=\"wp-block-image size-large\"><img loading=\"lazy\" decoding=\"async\" width=\"960\" height=\"830\" data-id=\"62684\" src=\"https:\/\/elmetropolitano.com.gt\/es\/wp-content\/uploads\/2023\/03\/336759750_168846225968957_6915259406355965618_n.jpg\" alt=\"\" class=\"wp-image-62684\" srcset=\"https:\/\/elmetropolitano.com.gt\/es\/wp-content\/uploads\/2023\/03\/336759750_168846225968957_6915259406355965618_n.jpg 960w, https:\/\/elmetropolitano.com.gt\/es\/wp-content\/uploads\/2023\/03\/336759750_168846225968957_6915259406355965618_n-300x259.jpg 300w, https:\/\/elmetropolitano.com.gt\/es\/wp-content\/uploads\/2023\/03\/336759750_168846225968957_6915259406355965618_n-768x664.jpg 768w, https:\/\/elmetropolitano.com.gt\/es\/wp-content\/uploads\/2023\/03\/336759750_168846225968957_6915259406355965618_n-600x519.jpg 600w\" sizes=\"auto, (max-width: 960px) 100vw, 960px\" \/><\/figure>\n\n\n\n<figure class=\"wp-block-image size-large\"><img loading=\"lazy\" decoding=\"async\" width=\"960\" height=\"824\" data-id=\"62682\" src=\"https:\/\/elmetropolitano.com.gt\/es\/wp-content\/uploads\/2023\/03\/336782460_595886049226056_768277909054440579_n.jpg\" alt=\"\" class=\"wp-image-62682\" srcset=\"https:\/\/elmetropolitano.com.gt\/es\/wp-content\/uploads\/2023\/03\/336782460_595886049226056_768277909054440579_n.jpg 960w, https:\/\/elmetropolitano.com.gt\/es\/wp-content\/uploads\/2023\/03\/336782460_595886049226056_768277909054440579_n-300x258.jpg 300w, https:\/\/elmetropolitano.com.gt\/es\/wp-content\/uploads\/2023\/03\/336782460_595886049226056_768277909054440579_n-768x659.jpg 768w, https:\/\/elmetropolitano.com.gt\/es\/wp-content\/uploads\/2023\/03\/336782460_595886049226056_768277909054440579_n-600x515.jpg 600w\" sizes=\"auto, (max-width: 960px) 100vw, 960px\" \/><\/figure>\n\n\n\n<figure class=\"wp-block-image size-large\"><img loading=\"lazy\" decoding=\"async\" width=\"960\" height=\"820\" data-id=\"62681\" src=\"https:\/\/elmetropolitano.com.gt\/es\/wp-content\/uploads\/2023\/03\/336796269_216718490939202_4031646698629069415_n.jpg\" alt=\"\" class=\"wp-image-62681\" srcset=\"https:\/\/elmetropolitano.com.gt\/es\/wp-content\/uploads\/2023\/03\/336796269_216718490939202_4031646698629069415_n.jpg 960w, https:\/\/elmetropolitano.com.gt\/es\/wp-content\/uploads\/2023\/03\/336796269_216718490939202_4031646698629069415_n-300x256.jpg 300w, https:\/\/elmetropolitano.com.gt\/es\/wp-content\/uploads\/2023\/03\/336796269_216718490939202_4031646698629069415_n-768x656.jpg 768w, https:\/\/elmetropolitano.com.gt\/es\/wp-content\/uploads\/2023\/03\/336796269_216718490939202_4031646698629069415_n-600x513.jpg 600w\" sizes=\"auto, (max-width: 960px) 100vw, 960px\" \/><\/figure>\n\n\n\n<figure class=\"wp-block-image size-large\"><img loading=\"lazy\" decoding=\"async\" width=\"960\" height=\"762\" data-id=\"62685\" src=\"https:\/\/elmetropolitano.com.gt\/es\/wp-content\/uploads\/2023\/03\/336866884_947985659707119_6239831931957156824_n.jpg\" alt=\"\" class=\"wp-image-62685\" srcset=\"https:\/\/elmetropolitano.com.gt\/es\/wp-content\/uploads\/2023\/03\/336866884_947985659707119_6239831931957156824_n.jpg 960w, https:\/\/elmetropolitano.com.gt\/es\/wp-content\/uploads\/2023\/03\/336866884_947985659707119_6239831931957156824_n-300x238.jpg 300w, https:\/\/elmetropolitano.com.gt\/es\/wp-content\/uploads\/2023\/03\/336866884_947985659707119_6239831931957156824_n-768x610.jpg 768w, https:\/\/elmetropolitano.com.gt\/es\/wp-content\/uploads\/2023\/03\/336866884_947985659707119_6239831931957156824_n-600x476.jpg 600w\" sizes=\"auto, (max-width: 960px) 100vw, 960px\" \/><\/figure>\n<\/figure>\n","protected":false},"excerpt":{"rendered":"<p>La temporada de verano ha dado inicio en Restaurantes Los Cebollines, y el d\u00eda de hoy presenta su men\u00fa de verano. Los Cebollines invita a degustar los platillos de verano, tan aclamados y esperados por sus clientes, en esta temporada. \u201cLos platillos de verano, son especialmente preparados con ingredientes de la estaci\u00f3n, ofreciendo a nuestros <a class=\"read-more\" href=\"https:\/\/elmetropolitano.com.gt\/es\/el-verano-es-para-comerselo-en-restaurante-los-cebollines\/\">Leer m\u00e1s<\/a><\/p>\n","protected":false},"author":1,"featured_media":62679,"comment_status":"open","ping_status":"closed","sticky":false,"template":"","format":"standard","meta":{"footnotes":""},"categories":[31],"tags":[32],"class_list":["post-62678","post","type-post","status-publish","format-standard","has-post-thumbnail","hentry","category-metroimpulso","tag-metroimpulso"],"_links":{"self":[{"href":"https:\/\/elmetropolitano.com.gt\/es\/wp-json\/wp\/v2\/posts\/62678","targetHints":{"allow":["GET"]}}],"collection":[{"href":"https:\/\/elmetropolitano.com.gt\/es\/wp-json\/wp\/v2\/posts"}],"about":[{"href":"https:\/\/elmetropolitano.com.gt\/es\/wp-json\/wp\/v2\/types\/post"}],"author":[{"embeddable":true,"href":"https:\/\/elmetropolitano.com.gt\/es\/wp-json\/wp\/v2\/users\/1"}],"replies":[{"embeddable":true,"href":"https:\/\/elmetropolitano.com.gt\/es\/wp-json\/wp\/v2\/comments?post=62678"}],"version-history":[{"count":1,"href":"https:\/\/elmetropolitano.com.gt\/es\/wp-json\/wp\/v2\/posts\/62678\/revisions"}],"predecessor-version":[{"id":62686,"href":"https:\/\/elmetropolitano.com.gt\/es\/wp-json\/wp\/v2\/posts\/62678\/revisions\/62686"}],"wp:featuredmedia":[{"embeddable":true,"href":"https:\/\/elmetropolitano.com.gt\/es\/wp-json\/wp\/v2\/media\/62679"}],"wp:attachment":[{"href":"https:\/\/elmetropolitano.com.gt\/es\/wp-json\/wp\/v2\/media?parent=62678"}],"wp:term":[{"taxonomy":"category","embeddable":true,"href":"https:\/\/elmetropolitano.com.gt\/es\/wp-json\/wp\/v2\/categories?post=62678"},{"taxonomy":"post_tag","embeddable":true,"href":"https:\/\/elmetropolitano.com.gt\/es\/wp-json\/wp\/v2\/tags?post=62678"}],"curies":[{"name":"wp","href":"https:\/\/api.w.org\/{rel}","templated":true}]}}