{"id":62893,"date":"2023-03-23T09:28:44","date_gmt":"2023-03-23T15:28:44","guid":{"rendered":"https:\/\/elmetropolitano.com.gt\/es\/?p=62893"},"modified":"2023-03-23T09:28:48","modified_gmt":"2023-03-23T15:28:48","slug":"comuna-de-palin-exonera-100-de-multas-por-atraso-en-el-pago-del-iusi","status":"publish","type":"post","link":"https:\/\/elmetropolitano.com.gt\/es\/comuna-de-palin-exonera-100-de-multas-por-atraso-en-el-pago-del-iusi\/","title":{"rendered":"Comuna de Pal\u00edn exonera 100% de multas por atraso en el pago del IUSI"},"content":{"rendered":"\n<p>Con el fin de apoyar la d\u00e9bil econom\u00eda de las familias palinecas, la administraci\u00f3n municipal del municipio de Pal\u00edn que dirige Jos\u00e9 Ricardo Quezada, por unanimidad, acord\u00f3 exonerar el pago de multas por el Impuesto \u00danico Sobre Inmueble IUSI, hasta el mes de julio del presente a\u00f1o.<\/p>\n\n\n\n<p>Con <a><\/a>esta medida la comuna espera que los vecinos puedan ponerse el d\u00eda y a la vez recaudar fondos para llevar a cabo los proyectos de beneficio social de toda la poblaci\u00f3n, pues el dinero que los pobladores pagan se les devuelve en obras.<\/p><div class=\"elmet-contenido\" id=\"elmet-3601645915\"><div class=\"elmet-adlabel\">Anuncios<\/div><div style=\"margin-top: 20px;margin-right: 20px;margin-bottom: 20px;margin-left: 20px;\" id=\"elmet-3397442341\"><a href=\"https:\/\/www.facebook.com\/arrincuanantigua\/\" aria-label=\"cintillo-arrin-cual\"><img loading=\"lazy\" decoding=\"async\" src=\"https:\/\/elmetropolitano.com.gt\/es\/wp-content\/uploads\/2021\/11\/cintillo-arrin-cual-1.jpg\" alt=\"\"  srcset=\"https:\/\/elmetropolitano.com.gt\/es\/wp-content\/uploads\/2021\/11\/cintillo-arrin-cual-1.jpg 750w, https:\/\/elmetropolitano.com.gt\/es\/wp-content\/uploads\/2021\/11\/cintillo-arrin-cual-1-300x36.jpg 300w, https:\/\/elmetropolitano.com.gt\/es\/wp-content\/uploads\/2021\/11\/cintillo-arrin-cual-1-600x72.jpg 600w\" sizes=\"(max-width: 750px) 100vw, 750px\" width=\"750\" height=\"90\"   \/><\/a><\/div><\/div>\n\n\n\n<p>La medida entra en vigor a partir de hoy debido a que ya fue publicado en el diario oficial, por lo que hacen un llamado a los pobladores para que puedan acercarse a las cajas municipales para hacer efectivo el pago de este impuesto.<\/p>\n\n\n\n<p><a href=\"https:\/\/www.facebook.com\/hashtag\/metroredes?__eep__=6&amp;__cft__[0]=AZWoBiy1mGOu-jJdlSL68VqGC1YQSu_GJupj2pD6ulyCDEyYNiJxeSSOPPebVE-cKpQhVnLBZLRxS4lySnR82TRiebIqO9-KarUs4v6ST1XrcfXQbH2RZapF8yjjk-llS5guuhBfsGKf_OpabHcIz0TKVe-3kML0Bc6HfjBGv5rNAJ3zcnM0CnFFCdlufHbTJWg&amp;__tn__=*NK-R\">#metroredes<\/a><a href=\"https:\/\/www.facebook.com\/hashtag\/munipalin?__eep__=6&amp;__cft__[0]=AZWoBiy1mGOu-jJdlSL68VqGC1YQSu_GJupj2pD6ulyCDEyYNiJxeSSOPPebVE-cKpQhVnLBZLRxS4lySnR82TRiebIqO9-KarUs4v6ST1XrcfXQbH2RZapF8yjjk-llS5guuhBfsGKf_OpabHcIz0TKVe-3kML0Bc6HfjBGv5rNAJ3zcnM0CnFFCdlufHbTJWg&amp;__tn__=*NK-R\">#MuniPalin<\/a><a href=\"https:\/\/www.facebook.com\/hashtag\/elescuintleconews?__eep__=6&amp;__cft__[0]=AZWoBiy1mGOu-jJdlSL68VqGC1YQSu_GJupj2pD6ulyCDEyYNiJxeSSOPPebVE-cKpQhVnLBZLRxS4lySnR82TRiebIqO9-KarUs4v6ST1XrcfXQbH2RZapF8yjjk-llS5guuhBfsGKf_OpabHcIz0TKVe-3kML0Bc6HfjBGv5rNAJ3zcnM0CnFFCdlufHbTJWg&amp;__tn__=*NK-R\">#elescuintleconews<\/a><a href=\"https:\/\/www.facebook.com\/hashtag\/elescuintleco?__eep__=6&amp;__cft__[0]=AZWoBiy1mGOu-jJdlSL68VqGC1YQSu_GJupj2pD6ulyCDEyYNiJxeSSOPPebVE-cKpQhVnLBZLRxS4lySnR82TRiebIqO9-KarUs4v6ST1XrcfXQbH2RZapF8yjjk-llS5guuhBfsGKf_OpabHcIz0TKVe-3kML0Bc6HfjBGv5rNAJ3zcnM0CnFFCdlufHbTJWg&amp;__tn__=*NK-R\">#elEscuintleco<\/a><\/p>\n\n\n\n<figure class=\"wp-block-gallery has-nested-images columns-default is-cropped wp-block-gallery-1 is-layout-flex wp-block-gallery-is-layout-flex\">\n<figure class=\"wp-block-image size-large\"><img loading=\"lazy\" decoding=\"async\" width=\"850\" height=\"816\" data-id=\"62895\" src=\"https:\/\/elmetropolitano.com.gt\/es\/wp-content\/uploads\/2023\/03\/337524284_6023083954406671_6579811834369785965_n-1.jpg\" alt=\"\" class=\"wp-image-62895\" srcset=\"https:\/\/elmetropolitano.com.gt\/es\/wp-content\/uploads\/2023\/03\/337524284_6023083954406671_6579811834369785965_n-1.jpg 850w, https:\/\/elmetropolitano.com.gt\/es\/wp-content\/uploads\/2023\/03\/337524284_6023083954406671_6579811834369785965_n-1-300x288.jpg 300w, https:\/\/elmetropolitano.com.gt\/es\/wp-content\/uploads\/2023\/03\/337524284_6023083954406671_6579811834369785965_n-1-768x737.jpg 768w, https:\/\/elmetropolitano.com.gt\/es\/wp-content\/uploads\/2023\/03\/337524284_6023083954406671_6579811834369785965_n-1-600x576.jpg 600w\" sizes=\"auto, (max-width: 850px) 100vw, 850px\" \/><\/figure>\n<\/figure>\n","protected":false},"excerpt":{"rendered":"<p>Con el fin de apoyar la d\u00e9bil econom\u00eda de las familias palinecas, la administraci\u00f3n municipal del municipio de Pal\u00edn que dirige Jos\u00e9 Ricardo Quezada, por unanimidad, acord\u00f3 exonerar el pago de multas por el Impuesto \u00danico Sobre Inmueble IUSI, hasta el mes de julio del presente a\u00f1o. Con esta medida la comuna espera que los <a class=\"read-more\" href=\"https:\/\/elmetropolitano.com.gt\/es\/comuna-de-palin-exonera-100-de-multas-por-atraso-en-el-pago-del-iusi\/\">Leer m\u00e1s<\/a><\/p>\n","protected":false},"author":1,"featured_media":62894,"comment_status":"open","ping_status":"closed","sticky":false,"template":"","format":"standard","meta":{"footnotes":""},"categories":[119],"tags":[120],"class_list":["post-62893","post","type-post","status-publish","format-standard","has-post-thumbnail","hentry","category-municipales","tag-municipales"],"_links":{"self":[{"href":"https:\/\/elmetropolitano.com.gt\/es\/wp-json\/wp\/v2\/posts\/62893","targetHints":{"allow":["GET"]}}],"collection":[{"href":"https:\/\/elmetropolitano.com.gt\/es\/wp-json\/wp\/v2\/posts"}],"about":[{"href":"https:\/\/elmetropolitano.com.gt\/es\/wp-json\/wp\/v2\/types\/post"}],"author":[{"embeddable":true,"href":"https:\/\/elmetropolitano.com.gt\/es\/wp-json\/wp\/v2\/users\/1"}],"replies":[{"embeddable":true,"href":"https:\/\/elmetropolitano.com.gt\/es\/wp-json\/wp\/v2\/comments?post=62893"}],"version-history":[{"count":1,"href":"https:\/\/elmetropolitano.com.gt\/es\/wp-json\/wp\/v2\/posts\/62893\/revisions"}],"predecessor-version":[{"id":62896,"href":"https:\/\/elmetropolitano.com.gt\/es\/wp-json\/wp\/v2\/posts\/62893\/revisions\/62896"}],"wp:featuredmedia":[{"embeddable":true,"href":"https:\/\/elmetropolitano.com.gt\/es\/wp-json\/wp\/v2\/media\/62894"}],"wp:attachment":[{"href":"https:\/\/elmetropolitano.com.gt\/es\/wp-json\/wp\/v2\/media?parent=62893"}],"wp:term":[{"taxonomy":"category","embeddable":true,"href":"https:\/\/elmetropolitano.com.gt\/es\/wp-json\/wp\/v2\/categories?post=62893"},{"taxonomy":"post_tag","embeddable":true,"href":"https:\/\/elmetropolitano.com.gt\/es\/wp-json\/wp\/v2\/tags?post=62893"}],"curies":[{"name":"wp","href":"https:\/\/api.w.org\/{rel}","templated":true}]}}