{"id":63202,"date":"2023-03-29T19:03:38","date_gmt":"2023-03-30T01:03:38","guid":{"rendered":"https:\/\/elmetropolitano.com.gt\/es\/?p=63202"},"modified":"2023-03-29T19:03:40","modified_gmt":"2023-03-30T01:03:40","slug":"junta-electoral-departamental-de-guatemala-se-reunio-con-ejecutivos-de-empresa-electrica-de-guatemala","status":"publish","type":"post","link":"https:\/\/elmetropolitano.com.gt\/es\/junta-electoral-departamental-de-guatemala-se-reunio-con-ejecutivos-de-empresa-electrica-de-guatemala\/","title":{"rendered":"Junta Electoral Departamental de Guatemala se reuni\u00f3 con ejecutivos de Empresa El\u00e9ctrica de Guatemala"},"content":{"rendered":"\n<p>Miembros de la Junta Electoral Departamental de Guatemala (JEDG) sostuvieron una reuni\u00f3n de acercamiento con autoridades de la Empresa El\u00e9ctrica de Guatemala con el prop\u00f3sito de fortalecer lazos de comunicaci\u00f3n y buscar apoyo para asegurar el suministro de energ\u00eda el\u00e9ctrica, en los m\u00e1s de 336 centros de votaci\u00f3n de los 16 municipios del departamento de Guatemala.<\/p>\n\n\n\n<p>Con el fin de <a><\/a>que todos los ciudadanos guatemaltecos puedan ejercer efectivamente su derecho al sufragio la JEDG se reuni\u00f3 con el Gerente de distribuci\u00f3n, ingeniero Carlos Rodas, quien ofreci\u00f3 brindar todo el soporte necesario en relaci\u00f3n con el abastecimiento del suministro el\u00e9ctrico continuo en cada uno de los centros de votaci\u00f3n previstos. Lo anterior, con la finalidad de contribuir a un proceso electoral eficiente y ordenado. En la reuni\u00f3n tambi\u00e9n particip\u00f3 el Jefe del departamento de operaciones y mantenimiento, Carlos Gonz\u00e1lez; y el Gerente de activos, Julio Gonz\u00e1lez.<\/p><div class=\"elmet-contenido\" id=\"elmet-3424963481\"><div class=\"elmet-adlabel\">Anuncios<\/div><div style=\"margin-top: 20px;margin-right: 20px;margin-bottom: 20px;margin-left: 20px;\" id=\"elmet-1689945615\"><a href=\"https:\/\/www.facebook.com\/arrincuanantigua\/\" aria-label=\"cintillo-arrin-cual\"><img loading=\"lazy\" decoding=\"async\" src=\"https:\/\/elmetropolitano.com.gt\/es\/wp-content\/uploads\/2021\/11\/cintillo-arrin-cual-1.jpg\" alt=\"\"  srcset=\"https:\/\/elmetropolitano.com.gt\/es\/wp-content\/uploads\/2021\/11\/cintillo-arrin-cual-1.jpg 750w, https:\/\/elmetropolitano.com.gt\/es\/wp-content\/uploads\/2021\/11\/cintillo-arrin-cual-1-300x36.jpg 300w, https:\/\/elmetropolitano.com.gt\/es\/wp-content\/uploads\/2021\/11\/cintillo-arrin-cual-1-600x72.jpg 600w\" sizes=\"(max-width: 750px) 100vw, 750px\" width=\"750\" height=\"90\"   \/><\/a><\/div><\/div>\n\n\n\n<p>La Empresa El\u00e9ctrica de Guatemala realiza durante todo el a\u00f1o constantes inspecciones y mantenimiento a las redes de transmisi\u00f3n y distribuci\u00f3n de energ\u00eda el\u00e9ctrica con la finalidad de que estas se mantengan en excelentes condiciones. Asimismo, en caso se presentar\u00e1 alguna falla en el d\u00eda de las elecciones, EEGSA cuenta con un plan de respuesta para restablecer la continuidad del servicio el\u00e9ctrico en el menor tiempo posible, de una forma ordenada y segura.<\/p>\n\n\n\n<p>\u201cComo Junta Electoral Departamental de Guatemala coordinamos desde ya que todos los centros de centros de votaci\u00f3n, cuenten con disponibilidad de servicios el\u00e9ctricos, agua, sanitarios y<\/p>\n\n\n\n<p>parqueo, entre otros, a fin de gestionar con tiempo los trabajos necesarios para asegurar que las mesas de votaci\u00f3n puedan funcionar adecuadamente.\u201d, explic\u00f3 el licenciado \u00c1lvaro Bravo, Presidente de la Junta Electoral Departamental de Guatemala.<\/p>\n\n\n\n<p><a href=\"https:\/\/www.facebook.com\/hashtag\/eleccionesgt2023?__eep__=6&amp;__cft__[0]=AZXVMkQrY4FBZLi7KEbKBPlxpMfpB7g38pJcWECqrU_m525Hz-KOuaTKRpXP0bW_JX8eMjOtmcEw3T2GDalVHRSIbc0vgHAn4REQRXmY1LjZSIPICSl_sOaC47iuWp6zP5vz4GhjXQhagGqCvoHuaRg9ivXnN-5HGLtH7OrfVOt9Cv2XdVHuaR2E84dh3X28LJo&amp;__tn__=*NK-R\">#EleccionesGT2023<\/a><a href=\"https:\/\/www.facebook.com\/hashtag\/metroredes?__eep__=6&amp;__cft__[0]=AZXVMkQrY4FBZLi7KEbKBPlxpMfpB7g38pJcWECqrU_m525Hz-KOuaTKRpXP0bW_JX8eMjOtmcEw3T2GDalVHRSIbc0vgHAn4REQRXmY1LjZSIPICSl_sOaC47iuWp6zP5vz4GhjXQhagGqCvoHuaRg9ivXnN-5HGLtH7OrfVOt9Cv2XdVHuaR2E84dh3X28LJo&amp;__tn__=*NK-R\">#metroredes<\/a><a href=\"https:\/\/www.facebook.com\/hashtag\/eegsa?__eep__=6&amp;__cft__[0]=AZXVMkQrY4FBZLi7KEbKBPlxpMfpB7g38pJcWECqrU_m525Hz-KOuaTKRpXP0bW_JX8eMjOtmcEw3T2GDalVHRSIbc0vgHAn4REQRXmY1LjZSIPICSl_sOaC47iuWp6zP5vz4GhjXQhagGqCvoHuaRg9ivXnN-5HGLtH7OrfVOt9Cv2XdVHuaR2E84dh3X28LJo&amp;__tn__=*NK-R\">#eegsa<\/a><a href=\"https:\/\/www.facebook.com\/hashtag\/yovoto?__eep__=6&amp;__cft__[0]=AZXVMkQrY4FBZLi7KEbKBPlxpMfpB7g38pJcWECqrU_m525Hz-KOuaTKRpXP0bW_JX8eMjOtmcEw3T2GDalVHRSIbc0vgHAn4REQRXmY1LjZSIPICSl_sOaC47iuWp6zP5vz4GhjXQhagGqCvoHuaRg9ivXnN-5HGLtH7OrfVOt9Cv2XdVHuaR2E84dh3X28LJo&amp;__tn__=*NK-R\">#YoVoto<\/a><\/p>\n\n\n\n<p><\/p>\n","protected":false},"excerpt":{"rendered":"<p>Miembros de la Junta Electoral Departamental de Guatemala (JEDG) sostuvieron una reuni\u00f3n de acercamiento con autoridades de la Empresa El\u00e9ctrica de Guatemala con el prop\u00f3sito de fortalecer lazos de comunicaci\u00f3n y buscar apoyo para asegurar el suministro de energ\u00eda el\u00e9ctrica, en los m\u00e1s de 336 centros de votaci\u00f3n de los 16 municipios del departamento de <a class=\"read-more\" href=\"https:\/\/elmetropolitano.com.gt\/es\/junta-electoral-departamental-de-guatemala-se-reunio-con-ejecutivos-de-empresa-electrica-de-guatemala\/\">Leer m\u00e1s<\/a><\/p>\n","protected":false},"author":1,"featured_media":63203,"comment_status":"open","ping_status":"closed","sticky":false,"template":"","format":"standard","meta":{"footnotes":""},"categories":[2],"tags":[12],"class_list":["post-63202","post","type-post","status-publish","format-standard","has-post-thumbnail","hentry","category-nacionales","tag-nacionales"],"_links":{"self":[{"href":"https:\/\/elmetropolitano.com.gt\/es\/wp-json\/wp\/v2\/posts\/63202","targetHints":{"allow":["GET"]}}],"collection":[{"href":"https:\/\/elmetropolitano.com.gt\/es\/wp-json\/wp\/v2\/posts"}],"about":[{"href":"https:\/\/elmetropolitano.com.gt\/es\/wp-json\/wp\/v2\/types\/post"}],"author":[{"embeddable":true,"href":"https:\/\/elmetropolitano.com.gt\/es\/wp-json\/wp\/v2\/users\/1"}],"replies":[{"embeddable":true,"href":"https:\/\/elmetropolitano.com.gt\/es\/wp-json\/wp\/v2\/comments?post=63202"}],"version-history":[{"count":1,"href":"https:\/\/elmetropolitano.com.gt\/es\/wp-json\/wp\/v2\/posts\/63202\/revisions"}],"predecessor-version":[{"id":63204,"href":"https:\/\/elmetropolitano.com.gt\/es\/wp-json\/wp\/v2\/posts\/63202\/revisions\/63204"}],"wp:featuredmedia":[{"embeddable":true,"href":"https:\/\/elmetropolitano.com.gt\/es\/wp-json\/wp\/v2\/media\/63203"}],"wp:attachment":[{"href":"https:\/\/elmetropolitano.com.gt\/es\/wp-json\/wp\/v2\/media?parent=63202"}],"wp:term":[{"taxonomy":"category","embeddable":true,"href":"https:\/\/elmetropolitano.com.gt\/es\/wp-json\/wp\/v2\/categories?post=63202"},{"taxonomy":"post_tag","embeddable":true,"href":"https:\/\/elmetropolitano.com.gt\/es\/wp-json\/wp\/v2\/tags?post=63202"}],"curies":[{"name":"wp","href":"https:\/\/api.w.org\/{rel}","templated":true}]}}