{"id":63217,"date":"2023-03-30T09:20:13","date_gmt":"2023-03-30T15:20:13","guid":{"rendered":"https:\/\/elmetropolitano.com.gt\/es\/?p=63217"},"modified":"2023-03-30T09:20:14","modified_gmt":"2023-03-30T15:20:14","slug":"alfonso-portillo-sera-el-ministro-de-economia-en-el-gobierno-de-viva","status":"publish","type":"post","link":"https:\/\/elmetropolitano.com.gt\/es\/alfonso-portillo-sera-el-ministro-de-economia-en-el-gobierno-de-viva\/","title":{"rendered":"Alfonso Portillo ser\u00e1 el ministro de econom\u00eda en el gobierno de VIVA"},"content":{"rendered":"\n<p>El Tribunal Supremo Electoral (TSE) le neg\u00f3 en definitiva la inscripci\u00f3n como candidato a diputado por el listado nacional al expresidente Alfonso Portillo Cabrera por lo que el candidato Presidencial Armando Castillo le dar\u00e1 la cartera de econom\u00eda en su gobierno.<\/p>\n\n\n\n<p>El presidenciable del partido Visi\u00f3n con Valores (VIVA), Armando Castillo, cit\u00f3 a una conferencia de prensa en el Restaurante El Adobe a las 13 <a><\/a>horas y por el inmenso tr\u00e1nsito registrado Portillo lleg\u00f3 media hora m\u00e1s tarde e informaron que aunque no era oficial, porque no les hab\u00edan notificado, supieron que el TSE declar\u00f3 sin lugar el recurso que hab\u00edan planteado y anunciaron que a su debido tiempo proceder\u00e1n a interponer un amparo ante la Corte Suprema de Justicia (CSJ).<\/p><div class=\"elmet-contenido\" id=\"elmet-1634307947\"><div class=\"elmet-adlabel\">Anuncios<\/div><div style=\"margin-top: 20px;margin-right: 20px;margin-bottom: 20px;margin-left: 20px;\" id=\"elmet-51151588\"><a href=\"https:\/\/www.facebook.com\/arrincuanantigua\/\" aria-label=\"cintillo-arrin-cual\"><img loading=\"lazy\" decoding=\"async\" src=\"https:\/\/elmetropolitano.com.gt\/es\/wp-content\/uploads\/2021\/11\/cintillo-arrin-cual-1.jpg\" alt=\"\"  srcset=\"https:\/\/elmetropolitano.com.gt\/es\/wp-content\/uploads\/2021\/11\/cintillo-arrin-cual-1.jpg 750w, https:\/\/elmetropolitano.com.gt\/es\/wp-content\/uploads\/2021\/11\/cintillo-arrin-cual-1-300x36.jpg 300w, https:\/\/elmetropolitano.com.gt\/es\/wp-content\/uploads\/2021\/11\/cintillo-arrin-cual-1-600x72.jpg 600w\" sizes=\"(max-width: 750px) 100vw, 750px\" width=\"750\" height=\"90\"   \/><\/a><\/div><\/div>\n\n\n\n<p>Castillo denunci\u00f3 que \u201ces se\u00f1al que el Ejecutivo ha cooptado todas las instituciones incluyendo la misma CSJ u Organismo Judicial, por lo que no le extra\u00f1ar\u00eda que tambi\u00e9n le nieguen la inscripci\u00f3n a Portillo\u201d.<\/p>\n\n\n\n<p>En caso que las Cortes resuelvan contra el expresidente, Castillo anunci\u00f3 que, en su gobierno, lo nombrar\u00e1 como ministro de econom\u00eda para armar la revoluci\u00f3n del trabajo.<\/p>\n\n\n\n<p>Texto: Francisco Javier Hurtarte<\/p>\n\n\n\n<p><a href=\"https:\/\/www.facebook.com\/hashtag\/eleccionesgt2023?__eep__=6&amp;__cft__[0]=AZXBvB52lsMFa9OMl7h7zt0fO3YCDT36SYzvR_x3UjEKV0IvMam2jVyEgh5UEerG6Q4ECM8m4C3iTCu4n53HvL3vVPUql2buQvegHlfqM_t5Jk5sHscsd6Mjdt5la3m1ebtDMQ5PUW8iBWp6zqbIzrIsMGWpe0_-IC8vcan0ZZ1oTPBoMYdJmlqSKpYoeuvtkZU&amp;__tn__=*NK-R\">#EleccionesGT2023<\/a><a href=\"https:\/\/www.facebook.com\/hashtag\/metroredes?__eep__=6&amp;__cft__[0]=AZXBvB52lsMFa9OMl7h7zt0fO3YCDT36SYzvR_x3UjEKV0IvMam2jVyEgh5UEerG6Q4ECM8m4C3iTCu4n53HvL3vVPUql2buQvegHlfqM_t5Jk5sHscsd6Mjdt5la3m1ebtDMQ5PUW8iBWp6zqbIzrIsMGWpe0_-IC8vcan0ZZ1oTPBoMYdJmlqSKpYoeuvtkZU&amp;__tn__=*NK-R\">#metroredes<\/a><\/p>\n\n\n\n<figure class=\"wp-block-gallery has-nested-images columns-default is-cropped wp-block-gallery-1 is-layout-flex wp-block-gallery-is-layout-flex\">\n<figure class=\"wp-block-image size-large\"><img loading=\"lazy\" decoding=\"async\" width=\"1024\" height=\"576\" data-id=\"63219\" src=\"https:\/\/elmetropolitano.com.gt\/es\/wp-content\/uploads\/2023\/03\/336912775_942783503525529_1353968683760469113_n-1024x576.jpg\" alt=\"\" class=\"wp-image-63219\" srcset=\"https:\/\/elmetropolitano.com.gt\/es\/wp-content\/uploads\/2023\/03\/336912775_942783503525529_1353968683760469113_n-1024x576.jpg 1024w, https:\/\/elmetropolitano.com.gt\/es\/wp-content\/uploads\/2023\/03\/336912775_942783503525529_1353968683760469113_n-300x169.jpg 300w, https:\/\/elmetropolitano.com.gt\/es\/wp-content\/uploads\/2023\/03\/336912775_942783503525529_1353968683760469113_n-768x432.jpg 768w, https:\/\/elmetropolitano.com.gt\/es\/wp-content\/uploads\/2023\/03\/336912775_942783503525529_1353968683760469113_n-1536x864.jpg 1536w, https:\/\/elmetropolitano.com.gt\/es\/wp-content\/uploads\/2023\/03\/336912775_942783503525529_1353968683760469113_n-600x337.jpg 600w, https:\/\/elmetropolitano.com.gt\/es\/wp-content\/uploads\/2023\/03\/336912775_942783503525529_1353968683760469113_n.jpg 1599w\" sizes=\"auto, (max-width: 1024px) 100vw, 1024px\" \/><\/figure>\n\n\n\n<figure class=\"wp-block-image size-large\"><img loading=\"lazy\" decoding=\"async\" width=\"576\" height=\"1024\" data-id=\"63221\" src=\"https:\/\/elmetropolitano.com.gt\/es\/wp-content\/uploads\/2023\/03\/336919367_2419666108188787_6350008812298699819_n-576x1024.jpg\" alt=\"\" class=\"wp-image-63221\" srcset=\"https:\/\/elmetropolitano.com.gt\/es\/wp-content\/uploads\/2023\/03\/336919367_2419666108188787_6350008812298699819_n-576x1024.jpg 576w, https:\/\/elmetropolitano.com.gt\/es\/wp-content\/uploads\/2023\/03\/336919367_2419666108188787_6350008812298699819_n-169x300.jpg 169w, https:\/\/elmetropolitano.com.gt\/es\/wp-content\/uploads\/2023\/03\/336919367_2419666108188787_6350008812298699819_n-768x1366.jpg 768w, https:\/\/elmetropolitano.com.gt\/es\/wp-content\/uploads\/2023\/03\/336919367_2419666108188787_6350008812298699819_n-864x1536.jpg 864w, https:\/\/elmetropolitano.com.gt\/es\/wp-content\/uploads\/2023\/03\/336919367_2419666108188787_6350008812298699819_n-600x1067.jpg 600w, https:\/\/elmetropolitano.com.gt\/es\/wp-content\/uploads\/2023\/03\/336919367_2419666108188787_6350008812298699819_n.jpg 899w\" sizes=\"auto, (max-width: 576px) 100vw, 576px\" \/><\/figure>\n\n\n\n<figure class=\"wp-block-image size-large\"><img loading=\"lazy\" decoding=\"async\" width=\"1024\" height=\"768\" data-id=\"63220\" src=\"https:\/\/elmetropolitano.com.gt\/es\/wp-content\/uploads\/2023\/03\/337290568_593132759446955_2025253557756262499_n.jpg\" alt=\"\" class=\"wp-image-63220\" srcset=\"https:\/\/elmetropolitano.com.gt\/es\/wp-content\/uploads\/2023\/03\/337290568_593132759446955_2025253557756262499_n.jpg 1024w, https:\/\/elmetropolitano.com.gt\/es\/wp-content\/uploads\/2023\/03\/337290568_593132759446955_2025253557756262499_n-300x225.jpg 300w, https:\/\/elmetropolitano.com.gt\/es\/wp-content\/uploads\/2023\/03\/337290568_593132759446955_2025253557756262499_n-768x576.jpg 768w, https:\/\/elmetropolitano.com.gt\/es\/wp-content\/uploads\/2023\/03\/337290568_593132759446955_2025253557756262499_n-600x450.jpg 600w\" sizes=\"auto, (max-width: 1024px) 100vw, 1024px\" \/><\/figure>\n<\/figure>\n","protected":false},"excerpt":{"rendered":"<p>El Tribunal Supremo Electoral (TSE) le neg\u00f3 en definitiva la inscripci\u00f3n como candidato a diputado por el listado nacional al expresidente Alfonso Portillo Cabrera por lo que el candidato Presidencial Armando Castillo le dar\u00e1 la cartera de econom\u00eda en su gobierno. El presidenciable del partido Visi\u00f3n con Valores (VIVA), Armando Castillo, cit\u00f3 a una conferencia <a class=\"read-more\" href=\"https:\/\/elmetropolitano.com.gt\/es\/alfonso-portillo-sera-el-ministro-de-economia-en-el-gobierno-de-viva\/\">Leer m\u00e1s<\/a><\/p>\n","protected":false},"author":1,"featured_media":63218,"comment_status":"open","ping_status":"closed","sticky":false,"template":"","format":"standard","meta":{"footnotes":""},"categories":[97],"tags":[98],"class_list":["post-63217","post","type-post","status-publish","format-standard","has-post-thumbnail","hentry","category-politica","tag-politica"],"_links":{"self":[{"href":"https:\/\/elmetropolitano.com.gt\/es\/wp-json\/wp\/v2\/posts\/63217","targetHints":{"allow":["GET"]}}],"collection":[{"href":"https:\/\/elmetropolitano.com.gt\/es\/wp-json\/wp\/v2\/posts"}],"about":[{"href":"https:\/\/elmetropolitano.com.gt\/es\/wp-json\/wp\/v2\/types\/post"}],"author":[{"embeddable":true,"href":"https:\/\/elmetropolitano.com.gt\/es\/wp-json\/wp\/v2\/users\/1"}],"replies":[{"embeddable":true,"href":"https:\/\/elmetropolitano.com.gt\/es\/wp-json\/wp\/v2\/comments?post=63217"}],"version-history":[{"count":1,"href":"https:\/\/elmetropolitano.com.gt\/es\/wp-json\/wp\/v2\/posts\/63217\/revisions"}],"predecessor-version":[{"id":63222,"href":"https:\/\/elmetropolitano.com.gt\/es\/wp-json\/wp\/v2\/posts\/63217\/revisions\/63222"}],"wp:featuredmedia":[{"embeddable":true,"href":"https:\/\/elmetropolitano.com.gt\/es\/wp-json\/wp\/v2\/media\/63218"}],"wp:attachment":[{"href":"https:\/\/elmetropolitano.com.gt\/es\/wp-json\/wp\/v2\/media?parent=63217"}],"wp:term":[{"taxonomy":"category","embeddable":true,"href":"https:\/\/elmetropolitano.com.gt\/es\/wp-json\/wp\/v2\/categories?post=63217"},{"taxonomy":"post_tag","embeddable":true,"href":"https:\/\/elmetropolitano.com.gt\/es\/wp-json\/wp\/v2\/tags?post=63217"}],"curies":[{"name":"wp","href":"https:\/\/api.w.org\/{rel}","templated":true}]}}