{"id":63302,"date":"2023-04-01T16:43:28","date_gmt":"2023-04-01T22:43:28","guid":{"rendered":"https:\/\/elmetropolitano.com.gt\/es\/?p=63302"},"modified":"2023-04-01T16:43:29","modified_gmt":"2023-04-01T22:43:29","slug":"jefe-de-gobierno-valora-amistad-con-republica-de-china-taiwan","status":"publish","type":"post","link":"https:\/\/elmetropolitano.com.gt\/es\/jefe-de-gobierno-valora-amistad-con-republica-de-china-taiwan\/","title":{"rendered":"Jefe de gobierno valora amistad con Rep\u00fablica de China (Taiw\u00e1n)"},"content":{"rendered":"\n<p>El Presidente de Guatemala valor\u00f3 la amistad que el pa\u00eds mantiene con la Rep\u00fablica de China (Taiw\u00e1n), durante una conferencia de prensa, como parte de una gira de trabajo de la dignataria de la naci\u00f3n asi\u00e1tica, Tsai Ing-wen.<\/p>\n\n\n\n<p>Hoy <a><\/a>tenemos el gran honor de celebrar una visita hist\u00f3rica al pa\u00eds. Una visita que reafirma el valor prioritario que se otorga a la amistad del pueblo y Gobierno de Guatemala con el pueblo y el Gobierno de la Rep\u00fablica de China (Taiw\u00e1n), representado por la excelent\u00edsima presidenta Tsai Ing-wen, indic\u00f3 el jefe del Ejecutivo.<\/p><div class=\"elmet-contenido\" id=\"elmet-2778347733\"><div class=\"elmet-adlabel\">Anuncios<\/div><div style=\"margin-top: 20px;margin-right: 20px;margin-bottom: 20px;margin-left: 20px;\" id=\"elmet-1742746943\"><a href=\"https:\/\/www.facebook.com\/arrincuanantigua\/\" aria-label=\"cintillo-arrin-cual\"><img loading=\"lazy\" decoding=\"async\" src=\"https:\/\/elmetropolitano.com.gt\/es\/wp-content\/uploads\/2021\/11\/cintillo-arrin-cual-1.jpg\" alt=\"\"  srcset=\"https:\/\/elmetropolitano.com.gt\/es\/wp-content\/uploads\/2021\/11\/cintillo-arrin-cual-1.jpg 750w, https:\/\/elmetropolitano.com.gt\/es\/wp-content\/uploads\/2021\/11\/cintillo-arrin-cual-1-300x36.jpg 300w, https:\/\/elmetropolitano.com.gt\/es\/wp-content\/uploads\/2021\/11\/cintillo-arrin-cual-1-600x72.jpg 600w\" sizes=\"(max-width: 750px) 100vw, 750px\" width=\"750\" height=\"90\"   \/><\/a><\/div><\/div>\n\n\n\n<p>El Presidente resalt\u00f3 que el objetivo de esta visita oficial es enviar un mensaje de unidad, solidaridad y esperanza en estos momentos complejos a nivel internacional.<\/p>\n\n\n\n<p>Fortalecen lazos de amistad<\/p>\n\n\n\n<p>Durante la declaraci\u00f3n conjunta, el dignatario resalt\u00f3 que ambos pa\u00edses suman ya 60 a\u00f1os de relaciones diplom\u00e1ticas y afectivas.<\/p>\n\n\n\n<p>La amistad entre Guatemala y la Rep\u00fablica de China (Taiw\u00e1n) es inquebrantable. Es el claro ejemplo de aquellos que defienden sin descanso los principios fundamentales del derecho internacional y que promueven la soluci\u00f3n de diferencias a trav\u00e9s del di\u00e1logo y la negociaci\u00f3n, refiri\u00f3.<\/p>\n\n\n\n<p>Asimismo, record\u00f3 que ambos pa\u00edses buscan la libertad, la prosperidad, el desarrollo y la soberan\u00eda plena.<\/p>\n\n\n\n<p>Para Guatemala, esta visita es muy significativa para renovar y reafirmar el total respaldo al Gobierno de la Rep\u00fablica de China (Taiw\u00e1n). Reiteramos el reconocimiento de la Rep\u00fablica de China (Taiw\u00e1n) como una naci\u00f3n independiente y \u00fanica, con la cual se comparten valores democr\u00e1ticos y de respeto mutuo e hist\u00f3ricos lazos de hermandad, dijo.<\/p>\n\n\n\n<p>En la declaraci\u00f3n conjunta ambos mandatarios estaban acompa\u00f1ados de sus delegaciones oficiales y medios de comunicaci\u00f3n nacionales e internacionales.<\/p>\n\n\n\n<p>Las acciones<\/p>\n\n\n\n<p>Durante su alocuci\u00f3n, el Presidente de Guatemala resalt\u00f3 que la amistad entre ambas naciones se basa en los hechos m\u00e1s que en las palabras.<\/p>\n\n\n\n<p>En ese sentido, se\u00f1al\u00f3 como ejemplo el apoyo tangible que Guatemala le ha otorgado a la Rep\u00fablica de China (Taiw\u00e1n) ante el sistema multilateral, particularmente en la Organizaci\u00f3n Mundial de la Salud (OMS). Indic\u00f3 que se ha reconocido a este pa\u00eds asi\u00e1tico, por su cooperaci\u00f3n ante la crisis generada por el COVID-19.<\/p>\n\n\n\n<p>Adem\u00e1s, ha apoyado en materia de salubridad materna, atenci\u00f3n primaria de la salud, cobertura sanitaria universal y saneamiento del agua.<\/p>\n\n\n\n<p>El jefe del Ejecutivo resalt\u00f3 que tambi\u00e9n expres\u00f3 su apoyo a la Rep\u00fablica de China (Taiw\u00e1n) ante la Organizaci\u00f3n de las Naciones Unidas. Espec\u00edficamente, se ha promovido su participaci\u00f3n y contribuci\u00f3n sobre la base de los principios de inclusividad y universalidad.<\/p>\n\n\n\n<p>Agradecimiento<\/p>\n\n\n\n<p>El jefe de Gobierno agradeci\u00f3 a su hom\u00f3loga taiwanesa por su visita al pa\u00eds. Asimismo, reconoci\u00f3 el liderazgo y la valiosa cooperaci\u00f3n que ha brindado a miles de guatemaltecos. Esto refleja la amistad sincera que se ha consolidado desde 1960.<\/p>\n\n\n\n<p>La excelent\u00edsima presidenta de la Rep\u00fablica de China (Taiw\u00e1n) ser\u00e1 nuestra mejor embajadora ante el mundo, porque podr\u00e1 conocer el parque nacional Tikal, con la antigua ciudad maya considerada una de las m\u00e1s grandes e importantes de dicha civilizaci\u00f3n, declarada Patrimonio Cultural y Natural de la Humanidad. Quedar\u00e1 guardado en nuestro coraz\u00f3n el esfuerzo realizado por hacer posible esta visita sin precedentes y poder compartir con la Presidenta y su delegaci\u00f3n uno de nuestros mayores tesoros, puntualiz\u00f3.<\/p>\n\n\n\n<p>Esta visita se realizar\u00e1 este s\u00e1bado 1 de abril, seg\u00fan la agenda oficial. Posteriormente el domingo 2 de abril ambos dignatarios visitar\u00e1n el Hospital de Chimaltenango<\/p>\n\n\n\n<p>Texto Brenda Larios<\/p>\n\n\n\n<figure class=\"wp-block-gallery has-nested-images columns-default is-cropped wp-block-gallery-1 is-layout-flex wp-block-gallery-is-layout-flex\">\n<figure class=\"wp-block-image size-large\"><img loading=\"lazy\" decoding=\"async\" width=\"1024\" height=\"683\" data-id=\"63304\" src=\"https:\/\/elmetropolitano.com.gt\/es\/wp-content\/uploads\/2023\/04\/336254324_998869254416113_8099342274540668995_n-1024x683.jpg\" alt=\"\" class=\"wp-image-63304\" srcset=\"https:\/\/elmetropolitano.com.gt\/es\/wp-content\/uploads\/2023\/04\/336254324_998869254416113_8099342274540668995_n-1024x683.jpg 1024w, https:\/\/elmetropolitano.com.gt\/es\/wp-content\/uploads\/2023\/04\/336254324_998869254416113_8099342274540668995_n-300x200.jpg 300w, https:\/\/elmetropolitano.com.gt\/es\/wp-content\/uploads\/2023\/04\/336254324_998869254416113_8099342274540668995_n-768x512.jpg 768w, https:\/\/elmetropolitano.com.gt\/es\/wp-content\/uploads\/2023\/04\/336254324_998869254416113_8099342274540668995_n-1536x1024.jpg 1536w, https:\/\/elmetropolitano.com.gt\/es\/wp-content\/uploads\/2023\/04\/336254324_998869254416113_8099342274540668995_n-600x400.jpg 600w, https:\/\/elmetropolitano.com.gt\/es\/wp-content\/uploads\/2023\/04\/336254324_998869254416113_8099342274540668995_n.jpg 1620w\" sizes=\"auto, (max-width: 1024px) 100vw, 1024px\" \/><\/figure>\n\n\n\n<figure class=\"wp-block-image size-large\"><img loading=\"lazy\" decoding=\"async\" width=\"1024\" height=\"683\" data-id=\"63305\" src=\"https:\/\/elmetropolitano.com.gt\/es\/wp-content\/uploads\/2023\/04\/336334426_742092784226787_8450028424931811425_n-1024x683.jpg\" alt=\"\" class=\"wp-image-63305\" srcset=\"https:\/\/elmetropolitano.com.gt\/es\/wp-content\/uploads\/2023\/04\/336334426_742092784226787_8450028424931811425_n-1024x683.jpg 1024w, https:\/\/elmetropolitano.com.gt\/es\/wp-content\/uploads\/2023\/04\/336334426_742092784226787_8450028424931811425_n-300x200.jpg 300w, https:\/\/elmetropolitano.com.gt\/es\/wp-content\/uploads\/2023\/04\/336334426_742092784226787_8450028424931811425_n-768x512.jpg 768w, https:\/\/elmetropolitano.com.gt\/es\/wp-content\/uploads\/2023\/04\/336334426_742092784226787_8450028424931811425_n-1536x1024.jpg 1536w, https:\/\/elmetropolitano.com.gt\/es\/wp-content\/uploads\/2023\/04\/336334426_742092784226787_8450028424931811425_n-600x400.jpg 600w, https:\/\/elmetropolitano.com.gt\/es\/wp-content\/uploads\/2023\/04\/336334426_742092784226787_8450028424931811425_n.jpg 1620w\" sizes=\"auto, (max-width: 1024px) 100vw, 1024px\" \/><\/figure>\n\n\n\n<figure class=\"wp-block-image size-large\"><img loading=\"lazy\" decoding=\"async\" width=\"1024\" height=\"683\" data-id=\"63306\" src=\"https:\/\/elmetropolitano.com.gt\/es\/wp-content\/uploads\/2023\/04\/336375926_6111443435560946_4125699419367350526_n-1024x683.jpg\" alt=\"\" class=\"wp-image-63306\" srcset=\"https:\/\/elmetropolitano.com.gt\/es\/wp-content\/uploads\/2023\/04\/336375926_6111443435560946_4125699419367350526_n-1024x683.jpg 1024w, https:\/\/elmetropolitano.com.gt\/es\/wp-content\/uploads\/2023\/04\/336375926_6111443435560946_4125699419367350526_n-300x200.jpg 300w, https:\/\/elmetropolitano.com.gt\/es\/wp-content\/uploads\/2023\/04\/336375926_6111443435560946_4125699419367350526_n-768x512.jpg 768w, https:\/\/elmetropolitano.com.gt\/es\/wp-content\/uploads\/2023\/04\/336375926_6111443435560946_4125699419367350526_n-1536x1024.jpg 1536w, https:\/\/elmetropolitano.com.gt\/es\/wp-content\/uploads\/2023\/04\/336375926_6111443435560946_4125699419367350526_n-600x400.jpg 600w, https:\/\/elmetropolitano.com.gt\/es\/wp-content\/uploads\/2023\/04\/336375926_6111443435560946_4125699419367350526_n.jpg 1620w\" sizes=\"auto, (max-width: 1024px) 100vw, 1024px\" \/><\/figure>\n<\/figure>\n","protected":false},"excerpt":{"rendered":"<p>El Presidente de Guatemala valor\u00f3 la amistad que el pa\u00eds mantiene con la Rep\u00fablica de China (Taiw\u00e1n), durante una conferencia de prensa, como parte de una gira de trabajo de la dignataria de la naci\u00f3n asi\u00e1tica, Tsai Ing-wen. Hoy tenemos el gran honor de celebrar una visita hist\u00f3rica al pa\u00eds. Una visita que reafirma el <a class=\"read-more\" href=\"https:\/\/elmetropolitano.com.gt\/es\/jefe-de-gobierno-valora-amistad-con-republica-de-china-taiwan\/\">Leer m\u00e1s<\/a><\/p>\n","protected":false},"author":1,"featured_media":63303,"comment_status":"open","ping_status":"closed","sticky":false,"template":"","format":"standard","meta":{"footnotes":""},"categories":[2],"tags":[12],"class_list":["post-63302","post","type-post","status-publish","format-standard","has-post-thumbnail","hentry","category-nacionales","tag-nacionales"],"_links":{"self":[{"href":"https:\/\/elmetropolitano.com.gt\/es\/wp-json\/wp\/v2\/posts\/63302","targetHints":{"allow":["GET"]}}],"collection":[{"href":"https:\/\/elmetropolitano.com.gt\/es\/wp-json\/wp\/v2\/posts"}],"about":[{"href":"https:\/\/elmetropolitano.com.gt\/es\/wp-json\/wp\/v2\/types\/post"}],"author":[{"embeddable":true,"href":"https:\/\/elmetropolitano.com.gt\/es\/wp-json\/wp\/v2\/users\/1"}],"replies":[{"embeddable":true,"href":"https:\/\/elmetropolitano.com.gt\/es\/wp-json\/wp\/v2\/comments?post=63302"}],"version-history":[{"count":1,"href":"https:\/\/elmetropolitano.com.gt\/es\/wp-json\/wp\/v2\/posts\/63302\/revisions"}],"predecessor-version":[{"id":63307,"href":"https:\/\/elmetropolitano.com.gt\/es\/wp-json\/wp\/v2\/posts\/63302\/revisions\/63307"}],"wp:featuredmedia":[{"embeddable":true,"href":"https:\/\/elmetropolitano.com.gt\/es\/wp-json\/wp\/v2\/media\/63303"}],"wp:attachment":[{"href":"https:\/\/elmetropolitano.com.gt\/es\/wp-json\/wp\/v2\/media?parent=63302"}],"wp:term":[{"taxonomy":"category","embeddable":true,"href":"https:\/\/elmetropolitano.com.gt\/es\/wp-json\/wp\/v2\/categories?post=63302"},{"taxonomy":"post_tag","embeddable":true,"href":"https:\/\/elmetropolitano.com.gt\/es\/wp-json\/wp\/v2\/tags?post=63302"}],"curies":[{"name":"wp","href":"https:\/\/api.w.org\/{rel}","templated":true}]}}