{"id":63676,"date":"2023-04-10T10:03:00","date_gmt":"2023-04-10T16:03:00","guid":{"rendered":"https:\/\/elmetropolitano.com.gt\/es\/?p=63676"},"modified":"2023-04-10T10:03:01","modified_gmt":"2023-04-10T16:03:01","slug":"contaminacion-del-aire-puede-causar-cancer-de-pulmon","status":"publish","type":"post","link":"https:\/\/elmetropolitano.com.gt\/es\/contaminacion-del-aire-puede-causar-cancer-de-pulmon\/","title":{"rendered":"Contaminaci\u00f3n del aire puede causar c\u00e1ncer de pulm\u00f3n"},"content":{"rendered":"\n<p>Contaminaci\u00f3n atmosf\u00e9rica favorece proliferaci\u00f3n de mutaciones gen\u00e9ticas de ciertos tipos de c\u00e1ncer pulmonar.<\/p>\n\n\n\n<p>La contaminaci\u00f3n atmosf\u00e9rica por part\u00edculas finas puede favorecer proliferaci\u00f3n de mutaciones gen\u00e9ticas espec\u00edficas de algunos tipos de c\u00e1ncer de pulm\u00f3n.<\/p><div class=\"elmet-contenido\" id=\"elmet-1254179909\"><div class=\"elmet-adlabel\">Anuncios<\/div><div style=\"margin-top: 20px;margin-right: 20px;margin-bottom: 20px;margin-left: 20px;\" id=\"elmet-1002771844\"><a href=\"https:\/\/www.facebook.com\/arrincuanantigua\/\" aria-label=\"cintillo-arrin-cual\"><img loading=\"lazy\" decoding=\"async\" src=\"https:\/\/elmetropolitano.com.gt\/es\/wp-content\/uploads\/2021\/11\/cintillo-arrin-cual-1.jpg\" alt=\"\"  srcset=\"https:\/\/elmetropolitano.com.gt\/es\/wp-content\/uploads\/2021\/11\/cintillo-arrin-cual-1.jpg 750w, https:\/\/elmetropolitano.com.gt\/es\/wp-content\/uploads\/2021\/11\/cintillo-arrin-cual-1-300x36.jpg 300w, https:\/\/elmetropolitano.com.gt\/es\/wp-content\/uploads\/2021\/11\/cintillo-arrin-cual-1-600x72.jpg 600w\" sizes=\"(max-width: 750px) 100vw, 750px\" width=\"750\" height=\"90\"   \/><\/a><\/div><\/div>\n\n\n\n<p>Esto conduce a una mayor progresi\u00f3n tumoral, se\u00f1ala una investigaci\u00f3n publicada en&nbsp;<a href=\"https:\/\/www.nature.com\/\" target=\"_blank\" rel=\"noreferrer noopener\">Nature<\/a>&nbsp;que describe, adem\u00e1s, los mecanismos implicados.<\/p>\n\n\n\n<p>Sus responsables son investigadores del Instituto Francis Crick de Londres.<\/p>\n\n\n\n<p>Al respecto, ellos hicieron un estudio epidemiol\u00f3gico con datos de 32 mil 957 individuos para determinar la&nbsp;<strong>correlaci\u00f3n entre part\u00edculas finas de contaminaci\u00f3n atmosf\u00e9rica y c\u00e1ncer de pulm\u00f3n.<\/strong><\/p>\n\n\n\n<p>Para el efecto, utilizaron modelos de rat\u00f3n para averiguar los procesos celulares que podr\u00edan estar detr\u00e1s.<\/p>\n\n\n\n<p>Componentes m\u00faltiples<\/p>\n\n\n\n<p>La contaminaci\u00f3n atmosf\u00e9rica es un c\u00f3ctel de muchos componentes t\u00f3xicos.<\/p>\n\n\n\n<p>El t\u00e9rmino PM (siglas en ingl\u00e9s de Particulate Matter) se usa para describir una mezcla de part\u00edculas s\u00f3lidas y l\u00edquidas que se encuentran en el aire.<\/p>\n\n\n\n<p>Estas part\u00edculas se dividen en categor\u00edas seg\u00fan su tama\u00f1o.<\/p>\n\n\n\n<p>Las especialmente finas -como las PM2,5 y las PM0,1- son las m\u00e1s preocupantes en cuanto a efectos perjudiciales para la salud.<\/p>\n\n\n\n<p>El aumento de la exposici\u00f3n a la contaminaci\u00f3n se asocia a una mayor incidencia del c\u00e1ncer de pulm\u00f3n.<\/p>\n\n\n\n<p>Una de las principales causas son precisamente esas part\u00edculas finas de 2.5 micr\u00f3metros o menos (PM2,5), que pueden penetrar profundamente en el pulm\u00f3n.<\/p>\n\n\n\n<p>La interacci\u00f3n entre los desencadenantes ambientales y las mutaciones gen\u00e9ticas asociadas a este c\u00e1ncer (como las de los genes EGFR o KRAS, dos de los genes con mutaciones m\u00e1s frecuentes en el c\u00e1ncer de pulm\u00f3n no microc\u00edtico) no se conoce bien.<\/p>\n\n\n\n<p>Liderados por Charles Swanton, el equipo investig\u00f3 la relaci\u00f3n entre la exposici\u00f3n a PM2,5 y la frecuencia de c\u00e1ncer de pulm\u00f3n en 32.957 individuos.<\/p>\n\n\n\n<p>Estos ten\u00edan una mutaci\u00f3n en el gen EGFR y proced\u00edan de Inglaterra, Taiw\u00e1n, Corea del Sur y Canad\u00e1.<\/p>\n\n\n\n<p>Este tipo se produce tambi\u00e9n en pacientes no fumadores.<\/p>\n\n\n\n<p>Incidencia<\/p>\n\n\n\n<p>Los autores informan de que la exposici\u00f3n a niveles crecientes de PM2,5 se asocia con una incidencia estimada creciente de c\u00e1ncer de pulm\u00f3n EGFR-mutante.<\/p>\n\n\n\n<p>Por ejemplo, las observaciones de 228 individuos con c\u00e1ncer de pulm\u00f3n procedentes de Canad\u00e1 constataron una mayor frecuencia de casos tras tres a\u00f1os de alta exposici\u00f3n a contaminantes atmosf\u00e9ricos PM2,5 (73 %).<\/p>\n\n\n\n<p>Esto, frente a una baja exposici\u00f3n (40 %).<\/p>\n\n\n\n<p>El estudio sugiere que tres a\u00f1os de exposici\u00f3n a altos niveles de\u00a0<a rel=\"noreferrer noopener\" href=\"https:\/\/agn.gt\/tension-superficial-del-agua-clave-en-estudio-de-la-contaminacion-fluvial\/\" target=\"_blank\">contaminaci\u00f3n<\/a>\u00a0pueden ser suficientes para que surja este c\u00e1ncer, resume la revista. Texto AGN<\/p>\n\n\n\n<p>#metroredes<\/p>\n\n\n\n<p><\/p>\n\n\n\n<p><\/p>\n","protected":false},"excerpt":{"rendered":"<p>Contaminaci\u00f3n atmosf\u00e9rica favorece proliferaci\u00f3n de mutaciones gen\u00e9ticas de ciertos tipos de c\u00e1ncer pulmonar. La contaminaci\u00f3n atmosf\u00e9rica por part\u00edculas finas puede favorecer proliferaci\u00f3n de mutaciones gen\u00e9ticas espec\u00edficas de algunos tipos de c\u00e1ncer de pulm\u00f3n. Esto conduce a una mayor progresi\u00f3n tumoral, se\u00f1ala una investigaci\u00f3n publicada en&nbsp;Nature&nbsp;que describe, adem\u00e1s, los mecanismos implicados. Sus responsables son investigadores del <a class=\"read-more\" href=\"https:\/\/elmetropolitano.com.gt\/es\/contaminacion-del-aire-puede-causar-cancer-de-pulmon\/\">Leer m\u00e1s<\/a><\/p>\n","protected":false},"author":1,"featured_media":63677,"comment_status":"open","ping_status":"closed","sticky":false,"template":"","format":"standard","meta":{"footnotes":""},"categories":[14],"tags":[15],"class_list":["post-63676","post","type-post","status-publish","format-standard","has-post-thumbnail","hentry","category-internacionales","tag-internacionales"],"_links":{"self":[{"href":"https:\/\/elmetropolitano.com.gt\/es\/wp-json\/wp\/v2\/posts\/63676","targetHints":{"allow":["GET"]}}],"collection":[{"href":"https:\/\/elmetropolitano.com.gt\/es\/wp-json\/wp\/v2\/posts"}],"about":[{"href":"https:\/\/elmetropolitano.com.gt\/es\/wp-json\/wp\/v2\/types\/post"}],"author":[{"embeddable":true,"href":"https:\/\/elmetropolitano.com.gt\/es\/wp-json\/wp\/v2\/users\/1"}],"replies":[{"embeddable":true,"href":"https:\/\/elmetropolitano.com.gt\/es\/wp-json\/wp\/v2\/comments?post=63676"}],"version-history":[{"count":1,"href":"https:\/\/elmetropolitano.com.gt\/es\/wp-json\/wp\/v2\/posts\/63676\/revisions"}],"predecessor-version":[{"id":63678,"href":"https:\/\/elmetropolitano.com.gt\/es\/wp-json\/wp\/v2\/posts\/63676\/revisions\/63678"}],"wp:featuredmedia":[{"embeddable":true,"href":"https:\/\/elmetropolitano.com.gt\/es\/wp-json\/wp\/v2\/media\/63677"}],"wp:attachment":[{"href":"https:\/\/elmetropolitano.com.gt\/es\/wp-json\/wp\/v2\/media?parent=63676"}],"wp:term":[{"taxonomy":"category","embeddable":true,"href":"https:\/\/elmetropolitano.com.gt\/es\/wp-json\/wp\/v2\/categories?post=63676"},{"taxonomy":"post_tag","embeddable":true,"href":"https:\/\/elmetropolitano.com.gt\/es\/wp-json\/wp\/v2\/tags?post=63676"}],"curies":[{"name":"wp","href":"https:\/\/api.w.org\/{rel}","templated":true}]}}