{"id":63741,"date":"2023-04-11T09:32:32","date_gmt":"2023-04-11T15:32:32","guid":{"rendered":"https:\/\/elmetropolitano.com.gt\/es\/?p=63741"},"modified":"2023-04-11T09:32:33","modified_gmt":"2023-04-11T15:32:33","slug":"el-15-de-abril-fecha-limite-para-depurar-el-padron-electoral-por-parte-del-tse","status":"publish","type":"post","link":"https:\/\/elmetropolitano.com.gt\/es\/el-15-de-abril-fecha-limite-para-depurar-el-padron-electoral-por-parte-del-tse\/","title":{"rendered":"El 15 de abril, fecha l\u00edmite para depurar el padr\u00f3n electoral por parte del TSE"},"content":{"rendered":"\n<p>En esa fecha prevista por la ley el Tribunal Supremo Electoral, TSE, quedar\u00e1n habilitadas para poder votar en las elecciones generales del 25 de junio del 2023, luego que este tribunal cerrara el padr\u00f3n electoral el pasado 25 de marzo.<\/p>\n\n\n\n<p>De acuerdo a lo contemplado en el cronograma, tienen establecido que entre el 1 al 14 de abril se siga trabajando en la depuraci\u00f3n del padr\u00f3n electoral, detall\u00f3 el vocero del TSE, David de Le\u00f3n.<\/p><div class=\"elmet-contenido\" id=\"elmet-2373780401\"><div class=\"elmet-adlabel\">Anuncios<\/div><div style=\"margin-top: 20px;margin-right: 20px;margin-bottom: 20px;margin-left: 20px;\" id=\"elmet-1162853571\"><a href=\"https:\/\/www.facebook.com\/arrincuanantigua\/\" aria-label=\"cintillo-arrin-cual\"><img loading=\"lazy\" decoding=\"async\" src=\"https:\/\/elmetropolitano.com.gt\/es\/wp-content\/uploads\/2021\/11\/cintillo-arrin-cual-1.jpg\" alt=\"\"  srcset=\"https:\/\/elmetropolitano.com.gt\/es\/wp-content\/uploads\/2021\/11\/cintillo-arrin-cual-1.jpg 750w, https:\/\/elmetropolitano.com.gt\/es\/wp-content\/uploads\/2021\/11\/cintillo-arrin-cual-1-300x36.jpg 300w, https:\/\/elmetropolitano.com.gt\/es\/wp-content\/uploads\/2021\/11\/cintillo-arrin-cual-1-600x72.jpg 600w\" sizes=\"(max-width: 750px) 100vw, 750px\" width=\"750\" height=\"90\"   \/><\/a><\/div><\/div>\n\n\n\n<p>La acci\u00f3n se realiza desde el Centro de Elaboraci\u00f3n de Padrones (CEP) que se instal\u00f3 en el Parque de La Industria y es dirigida por el Departamento de Inscripci\u00f3n de Ciudadanos y Elaboraci\u00f3n de Padrones (DICEP) de la Direcci\u00f3n del Registro de Ciudadanos.<\/p>\n\n\n\n<p>\u00bfQu\u00e9 significa esta depuraci\u00f3n?<\/p>\n\n\n\n<p>De acuerdo al art\u00edculo 15 de la Ley Electoral y de Partidos Pol\u00edticos (LEPP) no pueden ejercer el derecho al voto los miembros activos del Ej\u00e9rcito de Guatemala, los cuerpos policiales, es decir, Polic\u00eda Nacional Civil, guardias del Sistema Penitenciario, as\u00ed como Polic\u00eda Municipal.<\/p>\n\n\n\n<p>La prohibici\u00f3n tambi\u00e9n incluye a las personas que hayan tenido una suspensi\u00f3n en el ejercicio de sus derechos ciudadanos, en caso enfrenten un proceso judicial o hayan sido sentenciados, as\u00ed como las personas que hayan perdido la ciudadan\u00eda.<\/p>\n\n\n\n<p>A su vez, el Registro Nacional de las Personas (Renap) deber\u00e1 informar sobre las personas fallecidas para que no aparezcan en los listados de personas habilitadas para emitir el sufragio.<\/p>\n\n\n\n<p>Hasta el cierre del padr\u00f3n electoral, el TSE contabiliz\u00f3 a 9,356,796 guatemaltecos empadronados para poder emitir el voto durante las Elecciones Generales a realizarse el pr\u00f3ximo 25 de junio, esto previo a la depuraci\u00f3n. La entidad electoral esperaba 9.8 millones de personas inscritas ante el Registro de Ciudadanos.<\/p>\n\n\n\n<p>#metroredes<\/p>\n\n\n\n<p><\/p>\n","protected":false},"excerpt":{"rendered":"<p>En esa fecha prevista por la ley el Tribunal Supremo Electoral, TSE, quedar\u00e1n habilitadas para poder votar en las elecciones generales del 25 de junio del 2023, luego que este tribunal cerrara el padr\u00f3n electoral el pasado 25 de marzo. De acuerdo a lo contemplado en el cronograma, tienen establecido que entre el 1 al <a class=\"read-more\" href=\"https:\/\/elmetropolitano.com.gt\/es\/el-15-de-abril-fecha-limite-para-depurar-el-padron-electoral-por-parte-del-tse\/\">Leer m\u00e1s<\/a><\/p>\n","protected":false},"author":1,"featured_media":63742,"comment_status":"open","ping_status":"closed","sticky":false,"template":"","format":"standard","meta":{"footnotes":""},"categories":[2],"tags":[12],"class_list":["post-63741","post","type-post","status-publish","format-standard","has-post-thumbnail","hentry","category-nacionales","tag-nacionales"],"_links":{"self":[{"href":"https:\/\/elmetropolitano.com.gt\/es\/wp-json\/wp\/v2\/posts\/63741","targetHints":{"allow":["GET"]}}],"collection":[{"href":"https:\/\/elmetropolitano.com.gt\/es\/wp-json\/wp\/v2\/posts"}],"about":[{"href":"https:\/\/elmetropolitano.com.gt\/es\/wp-json\/wp\/v2\/types\/post"}],"author":[{"embeddable":true,"href":"https:\/\/elmetropolitano.com.gt\/es\/wp-json\/wp\/v2\/users\/1"}],"replies":[{"embeddable":true,"href":"https:\/\/elmetropolitano.com.gt\/es\/wp-json\/wp\/v2\/comments?post=63741"}],"version-history":[{"count":1,"href":"https:\/\/elmetropolitano.com.gt\/es\/wp-json\/wp\/v2\/posts\/63741\/revisions"}],"predecessor-version":[{"id":63743,"href":"https:\/\/elmetropolitano.com.gt\/es\/wp-json\/wp\/v2\/posts\/63741\/revisions\/63743"}],"wp:featuredmedia":[{"embeddable":true,"href":"https:\/\/elmetropolitano.com.gt\/es\/wp-json\/wp\/v2\/media\/63742"}],"wp:attachment":[{"href":"https:\/\/elmetropolitano.com.gt\/es\/wp-json\/wp\/v2\/media?parent=63741"}],"wp:term":[{"taxonomy":"category","embeddable":true,"href":"https:\/\/elmetropolitano.com.gt\/es\/wp-json\/wp\/v2\/categories?post=63741"},{"taxonomy":"post_tag","embeddable":true,"href":"https:\/\/elmetropolitano.com.gt\/es\/wp-json\/wp\/v2\/tags?post=63741"}],"curies":[{"name":"wp","href":"https:\/\/api.w.org\/{rel}","templated":true}]}}